{"id":59187,"date":"2020-03-18T12:27:35","date_gmt":"2020-03-18T15:27:35","guid":{"rendered":"http:\/\/www.portalmantena.com.br\/novo\/?p=59187"},"modified":"2020-03-18T15:06:29","modified_gmt":"2020-03-18T18:06:29","slug":"emocao-na-inauguracao-do-novo-espaco-siqueira-despachante","status":"publish","type":"post","link":"http:\/\/www.portalmantena.com.br\/novo\/?p=59187","title":{"rendered":"Emo\u00e7\u00e3o na inaugura\u00e7\u00e3o do novo espa\u00e7o: Siqueira Despachante"},"content":{"rendered":"<p><a href=\"http:\/\/www.portalmantena.com.br\/novo\/wp-content\/uploads\/2020\/03\/siqueira1.jpg\"><img loading=\"lazy\" class=\"alignnone size-full wp-image-59188\" src=\"http:\/\/www.portalmantena.com.br\/novo\/wp-content\/uploads\/2020\/03\/siqueira1.jpg\" alt=\"\" width=\"700\" height=\"450\" srcset=\"http:\/\/www.portalmantena.com.br\/novo\/wp-content\/uploads\/2020\/03\/siqueira1.jpg 700w, http:\/\/www.portalmantena.com.br\/novo\/wp-content\/uploads\/2020\/03\/siqueira1-300x193.jpg 300w, http:\/\/www.portalmantena.com.br\/novo\/wp-content\/uploads\/2020\/03\/siqueira1-696x447.jpg 696w, http:\/\/www.portalmantena.com.br\/novo\/wp-content\/uploads\/2020\/03\/siqueira1-653x420.jpg 653w\" sizes=\"(max-width: 700px) 100vw, 700px\" \/><\/a><\/p>\n<p><span style=\"font-size: 14pt;\">A manh\u00e3 desta sexta-feira dia 13 de mar\u00e7o em Mantena, foi de emo\u00e7\u00e3o, celebra\u00e7\u00e3o e gratid\u00e3o a Deus pela inaugura\u00e7\u00e3o do novo endere\u00e7o da empresa Siqueira Despachante. <\/span><\/p>\n<p><span style=\"font-size: 14pt;\">Clientes, amigos, convidados e autoridades mantenenses, entre elas o prefeito municipal Sr. Jo\u00e3o \u00a0\u00a0\u00a0\u00a0\u00a0\u00a0 Rufino, o vice prefeito Sr. Luiz Garcia e o secret\u00e1rio de Industria e com\u00e9rcio Sr. Mauro Pereira, participaram deste momento prestigiando as novas instala\u00e7\u00f5es desta conhecida empresa mantenense. <\/span><\/p>\n<p><span style=\"font-size: 14pt;\">O empres\u00e1rio Siqueirinha, juntamente com sua fam\u00edlia e colaboradores recebeu a todos para o Caf\u00e9 da manh\u00e3 onde um momento de reflex\u00e3o e de gratid\u00e3o a Deus foi celebrado. <\/span><\/p>\n<p><span style=\"font-size: 18pt;\"><strong>Neste mesmo momento a emo\u00e7\u00e3o falou mais alto com o empres\u00e1rio Siqueirinha homenageando seu pai (in memoriam), dando o nome do espa\u00e7o de: Centro de Servi\u00e7os Dr. Gedas Jorge Siqueira. <\/strong><\/span><\/p>\n<p><span style=\"font-size: 14pt;\">Com esta defini\u00e7\u00e3o, uma placa foi inaugurada na parte externa do escrit\u00f3rio, momento em que o prefeito municipal participou junto com o empres\u00e1rio e sua fam\u00edlia. <\/span><\/p>\n<p><span style=\"font-size: 14pt;\">Confira abaixo algumas fotos que marcaram esta inaugura\u00e7\u00e3o em Mantena, um espa\u00e7o que oferecer\u00e1 maior conforto e agilidade aos clientes. (fotos: Geyza).<\/span><\/p>\n<p><a href=\"http:\/\/www.portalmantena.com.br\/novo\/wp-content\/uploads\/2020\/03\/siqueira3.jpg\"><img loading=\"lazy\" class=\"alignnone size-full wp-image-59190\" src=\"http:\/\/www.portalmantena.com.br\/novo\/wp-content\/uploads\/2020\/03\/siqueira3.jpg\" alt=\"\" width=\"700\" height=\"450\" srcset=\"http:\/\/www.portalmantena.com.br\/novo\/wp-content\/uploads\/2020\/03\/siqueira3.jpg 700w, http:\/\/www.portalmantena.com.br\/novo\/wp-content\/uploads\/2020\/03\/siqueira3-300x193.jpg 300w, http:\/\/www.portalmantena.com.br\/novo\/wp-content\/uploads\/2020\/03\/siqueira3-696x447.jpg 696w, http:\/\/www.portalmantena.com.br\/novo\/wp-content\/uploads\/2020\/03\/siqueira3-653x420.jpg 653w\" sizes=\"(max-width: 700px) 100vw, 700px\" \/><\/a><a href=\"http:\/\/www.portalmantena.com.br\/novo\/wp-content\/uploads\/2020\/03\/siqueira5.jpg\"><img loading=\"lazy\" class=\"alignnone size-full wp-image-59192\" src=\"http:\/\/www.portalmantena.com.br\/novo\/wp-content\/uploads\/2020\/03\/siqueira5.jpg\" alt=\"\" width=\"700\" height=\"450\" srcset=\"http:\/\/www.portalmantena.com.br\/novo\/wp-content\/uploads\/2020\/03\/siqueira5.jpg 700w, http:\/\/www.portalmantena.com.br\/novo\/wp-content\/uploads\/2020\/03\/siqueira5-300x193.jpg 300w, http:\/\/www.portalmantena.com.br\/novo\/wp-content\/uploads\/2020\/03\/siqueira5-696x447.jpg 696w, http:\/\/www.portalmantena.com.br\/novo\/wp-content\/uploads\/2020\/03\/siqueira5-653x420.jpg 653w\" sizes=\"(max-width: 700px) 100vw, 700px\" \/><\/a><a href=\"http:\/\/www.portalmantena.com.br\/novo\/wp-content\/uploads\/2020\/03\/siqueira7.jpg\"><img loading=\"lazy\" class=\"alignnone size-full wp-image-59194\" src=\"http:\/\/www.portalmantena.com.br\/novo\/wp-content\/uploads\/2020\/03\/siqueira7.jpg\" alt=\"\" width=\"700\" height=\"450\" srcset=\"http:\/\/www.portalmantena.com.br\/novo\/wp-content\/uploads\/2020\/03\/siqueira7.jpg 700w, http:\/\/www.portalmantena.com.br\/novo\/wp-content\/uploads\/2020\/03\/siqueira7-300x193.jpg 300w, http:\/\/www.portalmantena.com.br\/novo\/wp-content\/uploads\/2020\/03\/siqueira7-696x447.jpg 696w, http:\/\/www.portalmantena.com.br\/novo\/wp-content\/uploads\/2020\/03\/siqueira7-653x420.jpg 653w\" sizes=\"(max-width: 700px) 100vw, 700px\" \/><\/a> <a href=\"http:\/\/www.portalmantena.com.br\/novo\/wp-content\/uploads\/2020\/03\/siqueira8.jpg\"><img loading=\"lazy\" class=\"alignnone size-full wp-image-59195\" src=\"http:\/\/www.portalmantena.com.br\/novo\/wp-content\/uploads\/2020\/03\/siqueira8.jpg\" alt=\"\" width=\"700\" height=\"450\" srcset=\"http:\/\/www.portalmantena.com.br\/novo\/wp-content\/uploads\/2020\/03\/siqueira8.jpg 700w, http:\/\/www.portalmantena.com.br\/novo\/wp-content\/uploads\/2020\/03\/siqueira8-300x193.jpg 300w, http:\/\/www.portalmantena.com.br\/novo\/wp-content\/uploads\/2020\/03\/siqueira8-696x447.jpg 696w, http:\/\/www.portalmantena.com.br\/novo\/wp-content\/uploads\/2020\/03\/siqueira8-653x420.jpg 653w\" sizes=\"(max-width: 700px) 100vw, 700px\" \/><\/a> <a href=\"http:\/\/www.portalmantena.com.br\/novo\/wp-content\/uploads\/2020\/03\/siqueira9.jpg\"><img loading=\"lazy\" class=\"alignnone size-full wp-image-59196\" src=\"http:\/\/www.portalmantena.com.br\/novo\/wp-content\/uploads\/2020\/03\/siqueira9.jpg\" alt=\"\" width=\"700\" height=\"450\" srcset=\"http:\/\/www.portalmantena.com.br\/novo\/wp-content\/uploads\/2020\/03\/siqueira9.jpg 700w, http:\/\/www.portalmantena.com.br\/novo\/wp-content\/uploads\/2020\/03\/siqueira9-300x193.jpg 300w, http:\/\/www.portalmantena.com.br\/novo\/wp-content\/uploads\/2020\/03\/siqueira9-696x447.jpg 696w, http:\/\/www.portalmantena.com.br\/novo\/wp-content\/uploads\/2020\/03\/siqueira9-653x420.jpg 653w\" sizes=\"(max-width: 700px) 100vw, 700px\" \/><\/a><span style=\"font-size: 10pt;\">ESPA\u00c7O EMPRESARIAL<\/span><a href=\"http:\/\/www.portalmantena.com.br\/novo\/wp-content\/uploads\/2018\/05\/siqueira131219.jpg\"><img loading=\"lazy\" class=\"alignnone size-full wp-image-59057\" src=\"http:\/\/www.portalmantena.com.br\/novo\/wp-content\/uploads\/2018\/05\/siqueira100320.jpg\" alt=\"\" width=\"700\" height=\"150\" srcset=\"http:\/\/www.portalmantena.com.br\/novo\/wp-content\/uploads\/2018\/05\/siqueira100320.jpg 700w, http:\/\/www.portalmantena.com.br\/novo\/wp-content\/uploads\/2018\/05\/siqueira100320-300x64.jpg 300w, http:\/\/www.portalmantena.com.br\/novo\/wp-content\/uploads\/2018\/05\/siqueira100320-696x150.jpg 696w\" sizes=\"(max-width: 700px) 100vw, 700px\" \/><\/a><a href=\"http:\/\/www.portalmantena.com.br\/novo\/wp-content\/uploads\/2020\/03\/siqueira10.jpg\"><img loading=\"lazy\" class=\"alignnone size-full wp-image-59197\" src=\"http:\/\/www.portalmantena.com.br\/novo\/wp-content\/uploads\/2020\/03\/siqueira10.jpg\" alt=\"\" width=\"700\" height=\"450\" srcset=\"http:\/\/www.portalmantena.com.br\/novo\/wp-content\/uploads\/2020\/03\/siqueira10.jpg 700w, http:\/\/www.portalmantena.com.br\/novo\/wp-content\/uploads\/2020\/03\/siqueira10-300x193.jpg 300w, http:\/\/www.portalmantena.com.br\/novo\/wp-content\/uploads\/2020\/03\/siqueira10-696x447.jpg 696w, http:\/\/www.portalmantena.com.br\/novo\/wp-content\/uploads\/2020\/03\/siqueira10-653x420.jpg 653w\" sizes=\"(max-width: 700px) 100vw, 700px\" \/><\/a> <a href=\"http:\/\/www.portalmantena.com.br\/novo\/wp-content\/uploads\/2020\/03\/siqueira11.jpg\"><img loading=\"lazy\" class=\"alignnone size-full wp-image-59198\" src=\"http:\/\/www.portalmantena.com.br\/novo\/wp-content\/uploads\/2020\/03\/siqueira11.jpg\" alt=\"\" width=\"700\" height=\"450\" srcset=\"http:\/\/www.portalmantena.com.br\/novo\/wp-content\/uploads\/2020\/03\/siqueira11.jpg 700w, http:\/\/www.portalmantena.com.br\/novo\/wp-content\/uploads\/2020\/03\/siqueira11-300x193.jpg 300w, http:\/\/www.portalmantena.com.br\/novo\/wp-content\/uploads\/2020\/03\/siqueira11-696x447.jpg 696w, http:\/\/www.portalmantena.com.br\/novo\/wp-content\/uploads\/2020\/03\/siqueira11-653x420.jpg 653w\" sizes=\"(max-width: 700px) 100vw, 700px\" \/><\/a> <a href=\"http:\/\/www.portalmantena.com.br\/novo\/wp-content\/uploads\/2020\/03\/siqueira12.jpg\"><img loading=\"lazy\" class=\"alignnone size-full wp-image-59199\" src=\"http:\/\/www.portalmantena.com.br\/novo\/wp-content\/uploads\/2020\/03\/siqueira12.jpg\" alt=\"\" width=\"700\" height=\"450\" srcset=\"http:\/\/www.portalmantena.com.br\/novo\/wp-content\/uploads\/2020\/03\/siqueira12.jpg 700w, http:\/\/www.portalmantena.com.br\/novo\/wp-content\/uploads\/2020\/03\/siqueira12-300x193.jpg 300w, http:\/\/www.portalmantena.com.br\/novo\/wp-content\/uploads\/2020\/03\/siqueira12-696x447.jpg 696w, http:\/\/www.portalmantena.com.br\/novo\/wp-content\/uploads\/2020\/03\/siqueira12-653x420.jpg 653w\" sizes=\"(max-width: 700px) 100vw, 700px\" \/><\/a> <a href=\"http:\/\/www.portalmantena.com.br\/novo\/wp-content\/uploads\/2020\/03\/siqueira13.jpg\"><img loading=\"lazy\" class=\"alignnone size-full wp-image-59200\" src=\"http:\/\/www.portalmantena.com.br\/novo\/wp-content\/uploads\/2020\/03\/siqueira13.jpg\" alt=\"\" width=\"700\" height=\"450\" srcset=\"http:\/\/www.portalmantena.com.br\/novo\/wp-content\/uploads\/2020\/03\/siqueira13.jpg 700w, http:\/\/www.portalmantena.com.br\/novo\/wp-content\/uploads\/2020\/03\/siqueira13-300x193.jpg 300w, http:\/\/www.portalmantena.com.br\/novo\/wp-content\/uploads\/2020\/03\/siqueira13-696x447.jpg 696w, http:\/\/www.portalmantena.com.br\/novo\/wp-content\/uploads\/2020\/03\/siqueira13-653x420.jpg 653w\" sizes=\"(max-width: 700px) 100vw, 700px\" \/><\/a><span style=\"font-size: 10pt;\">ESPA\u00c7O EMPRESARIAL<\/span><a href=\"http:\/\/www.portalmantena.com.br\/novo\/wp-content\/uploads\/2018\/05\/siqueira131219.jpg\"><img loading=\"lazy\" class=\"alignnone size-full wp-image-59057\" src=\"http:\/\/www.portalmantena.com.br\/novo\/wp-content\/uploads\/2018\/05\/siqueira100320.jpg\" alt=\"\" width=\"700\" height=\"150\" srcset=\"http:\/\/www.portalmantena.com.br\/novo\/wp-content\/uploads\/2018\/05\/siqueira100320.jpg 700w, http:\/\/www.portalmantena.com.br\/novo\/wp-content\/uploads\/2018\/05\/siqueira100320-300x64.jpg 300w, http:\/\/www.portalmantena.com.br\/novo\/wp-content\/uploads\/2018\/05\/siqueira100320-696x150.jpg 696w\" sizes=\"(max-width: 700px) 100vw, 700px\" \/><\/a><a href=\"http:\/\/www.portalmantena.com.br\/novo\/wp-content\/uploads\/2020\/03\/siqueira14.jpg\"><img loading=\"lazy\" class=\"alignnone size-full wp-image-59201\" src=\"http:\/\/www.portalmantena.com.br\/novo\/wp-content\/uploads\/2020\/03\/siqueira14.jpg\" alt=\"\" width=\"700\" height=\"450\" srcset=\"http:\/\/www.portalmantena.com.br\/novo\/wp-content\/uploads\/2020\/03\/siqueira14.jpg 700w, http:\/\/www.portalmantena.com.br\/novo\/wp-content\/uploads\/2020\/03\/siqueira14-300x193.jpg 300w, http:\/\/www.portalmantena.com.br\/novo\/wp-content\/uploads\/2020\/03\/siqueira14-696x447.jpg 696w, http:\/\/www.portalmantena.com.br\/novo\/wp-content\/uploads\/2020\/03\/siqueira14-653x420.jpg 653w\" sizes=\"(max-width: 700px) 100vw, 700px\" \/><\/a><a href=\"http:\/\/www.portalmantena.com.br\/novo\/wp-content\/uploads\/2020\/03\/siqueira6.jpg\"><img loading=\"lazy\" class=\"alignnone size-full wp-image-59193\" src=\"http:\/\/www.portalmantena.com.br\/novo\/wp-content\/uploads\/2020\/03\/siqueira6.jpg\" alt=\"\" width=\"700\" height=\"450\" srcset=\"http:\/\/www.portalmantena.com.br\/novo\/wp-content\/uploads\/2020\/03\/siqueira6.jpg 700w, http:\/\/www.portalmantena.com.br\/novo\/wp-content\/uploads\/2020\/03\/siqueira6-300x193.jpg 300w, http:\/\/www.portalmantena.com.br\/novo\/wp-content\/uploads\/2020\/03\/siqueira6-696x447.jpg 696w, http:\/\/www.portalmantena.com.br\/novo\/wp-content\/uploads\/2020\/03\/siqueira6-653x420.jpg 653w\" sizes=\"(max-width: 700px) 100vw, 700px\" \/><\/a><a href=\"http:\/\/www.portalmantena.com.br\/novo\/wp-content\/uploads\/2020\/03\/siqueira4.jpg\"><img loading=\"lazy\" class=\"alignnone size-full wp-image-59191\" src=\"http:\/\/www.portalmantena.com.br\/novo\/wp-content\/uploads\/2020\/03\/siqueira4.jpg\" alt=\"\" width=\"700\" height=\"450\" srcset=\"http:\/\/www.portalmantena.com.br\/novo\/wp-content\/uploads\/2020\/03\/siqueira4.jpg 700w, http:\/\/www.portalmantena.com.br\/novo\/wp-content\/uploads\/2020\/03\/siqueira4-300x193.jpg 300w, http:\/\/www.portalmantena.com.br\/novo\/wp-content\/uploads\/2020\/03\/siqueira4-696x447.jpg 696w, http:\/\/www.portalmantena.com.br\/novo\/wp-content\/uploads\/2020\/03\/siqueira4-653x420.jpg 653w\" sizes=\"(max-width: 700px) 100vw, 700px\" \/><\/a><a href=\"http:\/\/www.portalmantena.com.br\/novo\/wp-content\/uploads\/2020\/03\/siqueira2.jpg\"><img loading=\"lazy\" class=\"alignnone size-full wp-image-59189\" src=\"http:\/\/www.portalmantena.com.br\/novo\/wp-content\/uploads\/2020\/03\/siqueira2.jpg\" alt=\"\" width=\"700\" height=\"450\" srcset=\"http:\/\/www.portalmantena.com.br\/novo\/wp-content\/uploads\/2020\/03\/siqueira2.jpg 700w, http:\/\/www.portalmantena.com.br\/novo\/wp-content\/uploads\/2020\/03\/siqueira2-300x193.jpg 300w, http:\/\/www.portalmantena.com.br\/novo\/wp-content\/uploads\/2020\/03\/siqueira2-696x447.jpg 696w, http:\/\/www.portalmantena.com.br\/novo\/wp-content\/uploads\/2020\/03\/siqueira2-653x420.jpg 653w\" sizes=\"(max-width: 700px) 100vw, 700px\" \/><\/a> <a href=\"http:\/\/www.portalmantena.com.br\/novo\/wp-content\/uploads\/2020\/03\/siqueira15.jpg\"><img loading=\"lazy\" class=\"alignnone size-full wp-image-59202\" src=\"http:\/\/www.portalmantena.com.br\/novo\/wp-content\/uploads\/2020\/03\/siqueira15.jpg\" alt=\"\" width=\"700\" height=\"450\" srcset=\"http:\/\/www.portalmantena.com.br\/novo\/wp-content\/uploads\/2020\/03\/siqueira15.jpg 700w, http:\/\/www.portalmantena.com.br\/novo\/wp-content\/uploads\/2020\/03\/siqueira15-300x193.jpg 300w, http:\/\/www.portalmantena.com.br\/novo\/wp-content\/uploads\/2020\/03\/siqueira15-696x447.jpg 696w, http:\/\/www.portalmantena.com.br\/novo\/wp-content\/uploads\/2020\/03\/siqueira15-653x420.jpg 653w\" sizes=\"(max-width: 700px) 100vw, 700px\" \/><\/a><a href=\"http:\/\/www.portalmantena.com.br\/novo\/\"><img loading=\"lazy\" class=\"alignnone size-full wp-image-37331\" src=\"http:\/\/www.portalmantena.com.br\/novo\/wp-content\/uploads\/2018\/05\/faixaportalnoticias5.jpg\" alt=\"\" width=\"700\" height=\"40\" srcset=\"http:\/\/www.portalmantena.com.br\/novo\/wp-content\/uploads\/2018\/05\/faixaportalnoticias5.jpg 700w, http:\/\/www.portalmantena.com.br\/novo\/wp-content\/uploads\/2018\/05\/faixaportalnoticias5-300x17.jpg 300w, http:\/\/www.portalmantena.com.br\/novo\/wp-content\/uploads\/2018\/05\/faixaportalnoticias5-696x40.jpg 696w\" sizes=\"(max-width: 700px) 100vw, 700px\" \/><\/a><\/p>\n<p><span style=\"font-size: 10pt;\">ESPA\u00c7O EMPRESARIAL<\/span><a href=\"http:\/\/www.portalmantena.com.br\/novo\/wp-content\/uploads\/2018\/05\/siqueira131219.jpg\"><img loading=\"lazy\" class=\"alignnone size-full wp-image-59057\" src=\"http:\/\/www.portalmantena.com.br\/novo\/wp-content\/uploads\/2018\/05\/siqueira100320.jpg\" alt=\"\" width=\"700\" height=\"150\" srcset=\"http:\/\/www.portalmantena.com.br\/novo\/wp-content\/uploads\/2018\/05\/siqueira100320.jpg 700w, http:\/\/www.portalmantena.com.br\/novo\/wp-content\/uploads\/2018\/05\/siqueira100320-300x64.jpg 300w, http:\/\/www.portalmantena.com.br\/novo\/wp-content\/uploads\/2018\/05\/siqueira100320-696x150.jpg 696w\" sizes=\"(max-width: 700px) 100vw, 700px\" \/><\/a><\/p>\n","protected":false},"excerpt":{"rendered":"<p>A manh\u00e3 desta sexta-feira dia 13 de mar\u00e7o em Mantena, foi de emo\u00e7\u00e3o, celebra\u00e7\u00e3o e gratid\u00e3o a Deus pela inaugura\u00e7\u00e3o do novo endere\u00e7o da empresa Siqueira Despachante. Clientes, amigos, convidados e autoridades mantenenses, entre elas o prefeito municipal Sr. Jo\u00e3o \u00a0\u00a0\u00a0\u00a0\u00a0\u00a0 Rufino, o vice prefeito Sr. Luiz Garcia e o secret\u00e1rio de Industria e com\u00e9rcio [&hellip;]<\/p>\n","protected":false},"author":1,"featured_media":59200,"comment_status":"open","ping_status":"open","sticky":false,"template":"","format":"standard","meta":[],"categories":[46,69],"tags":[],"_links":{"self":[{"href":"http:\/\/www.portalmantena.com.br\/novo\/index.php?rest_route=\/wp\/v2\/posts\/59187"}],"collection":[{"href":"http:\/\/www.portalmantena.com.br\/novo\/index.php?rest_route=\/wp\/v2\/posts"}],"about":[{"href":"http:\/\/www.portalmantena.com.br\/novo\/index.php?rest_route=\/wp\/v2\/types\/post"}],"author":[{"embeddable":true,"href":"http:\/\/www.portalmantena.com.br\/novo\/index.php?rest_route=\/wp\/v2\/users\/1"}],"replies":[{"embeddable":true,"href":"http:\/\/www.portalmantena.com.br\/novo\/index.php?rest_route=%2Fwp%2Fv2%2Fcomments&post=59187"}],"version-history":[{"count":1,"href":"http:\/\/www.portalmantena.com.br\/novo\/index.php?rest_route=\/wp\/v2\/posts\/59187\/revisions"}],"predecessor-version":[{"id":59204,"href":"http:\/\/www.portalmantena.com.br\/novo\/index.php?rest_route=\/wp\/v2\/posts\/59187\/revisions\/59204"}],"wp:featuredmedia":[{"embeddable":true,"href":"http:\/\/www.portalmantena.com.br\/novo\/index.php?rest_route=\/wp\/v2\/media\/59200"}],"wp:attachment":[{"href":"http:\/\/www.portalmantena.com.br\/novo\/index.php?rest_route=%2Fwp%2Fv2%2Fmedia&parent=59187"}],"wp:term":[{"taxonomy":"category","embeddable":true,"href":"http:\/\/www.portalmantena.com.br\/novo\/index.php?rest_route=%2Fwp%2Fv2%2Fcategories&post=59187"},{"taxonomy":"post_tag","embeddable":true,"href":"http:\/\/www.portalmantena.com.br\/novo\/index.php?rest_route=%2Fwp%2Fv2%2Ftags&post=59187"}],"curies":[{"name":"wp","href":"https:\/\/api.w.org\/{rel}","templated":true}]}}