{"id":58767,"date":"2020-03-12T03:58:43","date_gmt":"2020-03-12T06:58:43","guid":{"rendered":"http:\/\/www.portalmantena.com.br\/novo\/?p=58767"},"modified":"2020-03-12T08:14:09","modified_gmt":"2020-03-12T11:14:09","slug":"mantenopolis-vem-ai-o-7o-pedal-cidade-da-paz","status":"publish","type":"post","link":"http:\/\/www.portalmantena.com.br\/novo\/?p=58767","title":{"rendered":"Manten\u00f3polis: Est\u00e1 chegando o 7\u00ba Pedal \u201cCidade da Paz\u201d"},"content":{"rendered":"<p><a href=\"http:\/\/www.portalmantena.com.br\/novo\/wp-content\/uploads\/2020\/03\/no030320bike.jpg\"><img loading=\"lazy\" class=\"alignnone size-full wp-image-58770\" src=\"http:\/\/www.portalmantena.com.br\/novo\/wp-content\/uploads\/2020\/03\/no030320bike.jpg\" alt=\"\" width=\"700\" height=\"450\" srcset=\"http:\/\/www.portalmantena.com.br\/novo\/wp-content\/uploads\/2020\/03\/no030320bike.jpg 700w, http:\/\/www.portalmantena.com.br\/novo\/wp-content\/uploads\/2020\/03\/no030320bike-300x193.jpg 300w, http:\/\/www.portalmantena.com.br\/novo\/wp-content\/uploads\/2020\/03\/no030320bike-696x447.jpg 696w, http:\/\/www.portalmantena.com.br\/novo\/wp-content\/uploads\/2020\/03\/no030320bike-653x420.jpg 653w\" sizes=\"(max-width: 700px) 100vw, 700px\" \/><\/a><\/p>\n<p><span style=\"font-size: 14pt;\">Neste domingo dia 15 de Mar\u00e7o, os esportistas da modalidade do ciclismo ter\u00e3o um compromisso na cidade de Manten\u00f3polis com a realiza\u00e7\u00e3o do 7\u00ba Pedal, Cidade da Paz. <\/span><\/p>\n<p><span style=\"font-size: 14pt;\">O evento ter\u00e1 sua largada da Ch\u00e1cara Americano, e ter\u00e1 com certeza a participa\u00e7\u00e3o de ciclistas de toda a regi\u00e3o. <\/span><\/p>\n<p><span style=\"font-size: 14pt;\">O caf\u00e9 da manh\u00e3 ser\u00e1 servido \u00e0s 7 hs, com a lagarda prevista para as 8 hs e o almo\u00e7o \u00e0s 12 hs. <\/span><\/p>\n<p><span style=\"font-size: 18pt;\"><strong>Ser\u00e3o 3 rotas de percurso, sendo o Leve com 22 km, a m\u00e9dia com 32 km e o bruto com 45 km. <\/strong><\/span><\/p>\n<p><span style=\"font-size: 14pt;\">As inscri\u00e7\u00f5es tem o pre\u00e7o de R$ 35 reais para o ciclista e acompanhante R$ 25,00. Haver\u00e1 premia\u00e7\u00e3o com trof\u00e9u para 1\u00ba, 2\u00ba e 3\u00ba lugares para os desafios Rainha da Montanha, e ainda o Rei da Montanha com medi\u00e7\u00e3o feito pelo Strava. <\/span><\/p>\n<p><span style=\"font-size: 14pt;\">Haver\u00e1 premia\u00e7\u00e3o ainda para as maiores equipes, sendo a 1\u00aa R$ 400 reais mais trof\u00e9u, segunda R$ 200 reais mais trof\u00e9u e 3\u00aa maior equipe ganhando R$ 100 reais mais trof\u00e9u. A expectativa vai crescendo para a realiza\u00e7\u00e3o de mais este grande evento do ciclismo na regi\u00e3o.<\/span><\/p>\n<p><a href=\"http:\/\/www.portalmantena.com.br\/novo\/\"><img loading=\"lazy\" class=\"alignnone size-full wp-image-37331\" src=\"http:\/\/www.portalmantena.com.br\/novo\/wp-content\/uploads\/2018\/05\/faixaportalnoticias5.jpg\" alt=\"\" width=\"700\" height=\"40\" srcset=\"http:\/\/www.portalmantena.com.br\/novo\/wp-content\/uploads\/2018\/05\/faixaportalnoticias5.jpg 700w, http:\/\/www.portalmantena.com.br\/novo\/wp-content\/uploads\/2018\/05\/faixaportalnoticias5-300x17.jpg 300w, http:\/\/www.portalmantena.com.br\/novo\/wp-content\/uploads\/2018\/05\/faixaportalnoticias5-696x40.jpg 696w\" sizes=\"(max-width: 700px) 100vw, 700px\" \/><\/a><\/p>\n<p><span style=\"font-size: 10pt;\">ESPA\u00c7O EMPRESARIAL<\/span><a href=\"https:\/\/www.facebook.com\/pg\/casadasbicicletas\/photos\/?ref=page_internal\"><img loading=\"lazy\" class=\"alignnone size-full wp-image-56381\" src=\"http:\/\/www.portalmantena.com.br\/novo\/wp-content\/uploads\/2018\/05\/bifao4.jpg\" alt=\"\" width=\"700\" height=\"150\" srcset=\"http:\/\/www.portalmantena.com.br\/novo\/wp-content\/uploads\/2018\/05\/bifao4.jpg 700w, http:\/\/www.portalmantena.com.br\/novo\/wp-content\/uploads\/2018\/05\/bifao4-300x64.jpg 300w, http:\/\/www.portalmantena.com.br\/novo\/wp-content\/uploads\/2018\/05\/bifao4-696x150.jpg 696w\" sizes=\"(max-width: 700px) 100vw, 700px\" \/><\/a><\/p>\n","protected":false},"excerpt":{"rendered":"<p>Neste domingo dia 15 de Mar\u00e7o, os esportistas da modalidade do ciclismo ter\u00e3o um compromisso na cidade de Manten\u00f3polis com a realiza\u00e7\u00e3o do 7\u00ba Pedal, Cidade da Paz. O evento ter\u00e1 sua largada da Ch\u00e1cara Americano, e ter\u00e1 com certeza a participa\u00e7\u00e3o de ciclistas de toda a regi\u00e3o. O caf\u00e9 da manh\u00e3 ser\u00e1 servido \u00e0s [&hellip;]<\/p>\n","protected":false},"author":1,"featured_media":58770,"comment_status":"open","ping_status":"open","sticky":false,"template":"","format":"standard","meta":[],"categories":[60,11,22],"tags":[],"_links":{"self":[{"href":"http:\/\/www.portalmantena.com.br\/novo\/index.php?rest_route=\/wp\/v2\/posts\/58767"}],"collection":[{"href":"http:\/\/www.portalmantena.com.br\/novo\/index.php?rest_route=\/wp\/v2\/posts"}],"about":[{"href":"http:\/\/www.portalmantena.com.br\/novo\/index.php?rest_route=\/wp\/v2\/types\/post"}],"author":[{"embeddable":true,"href":"http:\/\/www.portalmantena.com.br\/novo\/index.php?rest_route=\/wp\/v2\/users\/1"}],"replies":[{"embeddable":true,"href":"http:\/\/www.portalmantena.com.br\/novo\/index.php?rest_route=%2Fwp%2Fv2%2Fcomments&post=58767"}],"version-history":[{"count":2,"href":"http:\/\/www.portalmantena.com.br\/novo\/index.php?rest_route=\/wp\/v2\/posts\/58767\/revisions"}],"predecessor-version":[{"id":59114,"href":"http:\/\/www.portalmantena.com.br\/novo\/index.php?rest_route=\/wp\/v2\/posts\/58767\/revisions\/59114"}],"wp:featuredmedia":[{"embeddable":true,"href":"http:\/\/www.portalmantena.com.br\/novo\/index.php?rest_route=\/wp\/v2\/media\/58770"}],"wp:attachment":[{"href":"http:\/\/www.portalmantena.com.br\/novo\/index.php?rest_route=%2Fwp%2Fv2%2Fmedia&parent=58767"}],"wp:term":[{"taxonomy":"category","embeddable":true,"href":"http:\/\/www.portalmantena.com.br\/novo\/index.php?rest_route=%2Fwp%2Fv2%2Fcategories&post=58767"},{"taxonomy":"post_tag","embeddable":true,"href":"http:\/\/www.portalmantena.com.br\/novo\/index.php?rest_route=%2Fwp%2Fv2%2Ftags&post=58767"}],"curies":[{"name":"wp","href":"https:\/\/api.w.org\/{rel}","templated":true}]}}