{"id":58140,"date":"2020-02-12T11:29:58","date_gmt":"2020-02-12T13:29:58","guid":{"rendered":"http:\/\/www.portalmantena.com.br\/novo\/?p=58140"},"modified":"2020-02-12T11:29:58","modified_gmt":"2020-02-12T13:29:58","slug":"mantena-chuva-sobre-a-cidade-totalizou-13-milimetros","status":"publish","type":"post","link":"http:\/\/www.portalmantena.com.br\/novo\/?p=58140","title":{"rendered":"Mantena: Chuva sobre a cidade totalizou 13 mil\u00edmetros"},"content":{"rendered":"<p><a href=\"http:\/\/www.portalmantena.com.br\/novo\/wp-content\/uploads\/2020\/02\/no120220chuva3.jpg\"><img loading=\"lazy\" class=\"alignnone size-full wp-image-58143\" src=\"http:\/\/www.portalmantena.com.br\/novo\/wp-content\/uploads\/2020\/02\/no120220chuva3.jpg\" alt=\"\" width=\"700\" height=\"450\" srcset=\"http:\/\/www.portalmantena.com.br\/novo\/wp-content\/uploads\/2020\/02\/no120220chuva3.jpg 700w, http:\/\/www.portalmantena.com.br\/novo\/wp-content\/uploads\/2020\/02\/no120220chuva3-300x193.jpg 300w, http:\/\/www.portalmantena.com.br\/novo\/wp-content\/uploads\/2020\/02\/no120220chuva3-696x447.jpg 696w, http:\/\/www.portalmantena.com.br\/novo\/wp-content\/uploads\/2020\/02\/no120220chuva3-653x420.jpg 653w\" sizes=\"(max-width: 700px) 100vw, 700px\" \/><\/a><\/p>\n<p><span style=\"font-size: 14pt;\">O temporal que se armou sobre a cidade de Mantena neste final de tarde de ter\u00e7a-feira (11), realmente assustou, mas gra\u00e7as a Deus foi de chuva mansa e sem volume, deixando o mantenense mais tranquilo em rela\u00e7\u00e3o ao que estava previsto. <\/span><\/p>\n<p><span style=\"font-size: 14pt;\">Uma previs\u00e3o de chuva e temporal que crescia em expectativa at\u00e9 porque nas cidades de Governador Valadares e Central de Minas, momentos antes haviam sido atingidas por um forte vendaval seguido de chuva de Granizo.<\/span><\/p>\n<p><span style=\"font-size: 18pt;\"><strong> Em Mantena o temporal se formou, a chuva caiu mas totalizou nos primeiros momentos apenas 10,4 mil\u00edmetros.<\/strong><\/span><\/p>\n<p><span style=\"font-size: 14pt;\"> As rajadas de vento atingiram 49 km\/h. A chuva continuou pela noite e madrugada, totalizando at\u00e9 por volta das 6 horas da manh\u00e3 13,8 mil\u00edmetros. <\/span><\/p>\n<p><span style=\"font-size: 14pt;\">A previs\u00e3o \u00e9 que a chuva siga sobre a regi\u00e3o, e segundo o Climatempo o volume deve ser maior nesta quarta-feira, sendo previsto 50 mil\u00edmetros.<\/span><\/p>\n<p><a href=\"http:\/\/www.portalmantena.com.br\/novo\/wp-content\/uploads\/2020\/02\/no120220chuva1.jpg\"><img loading=\"lazy\" class=\"alignnone size-full wp-image-58141\" src=\"http:\/\/www.portalmantena.com.br\/novo\/wp-content\/uploads\/2020\/02\/no120220chuva1.jpg\" alt=\"\" width=\"700\" height=\"450\" srcset=\"http:\/\/www.portalmantena.com.br\/novo\/wp-content\/uploads\/2020\/02\/no120220chuva1.jpg 700w, http:\/\/www.portalmantena.com.br\/novo\/wp-content\/uploads\/2020\/02\/no120220chuva1-300x193.jpg 300w, http:\/\/www.portalmantena.com.br\/novo\/wp-content\/uploads\/2020\/02\/no120220chuva1-696x447.jpg 696w, http:\/\/www.portalmantena.com.br\/novo\/wp-content\/uploads\/2020\/02\/no120220chuva1-653x420.jpg 653w\" sizes=\"(max-width: 700px) 100vw, 700px\" \/><\/a> <a href=\"http:\/\/www.portalmantena.com.br\/novo\/wp-content\/uploads\/2020\/02\/no120220chuva2.jpg\"><img loading=\"lazy\" class=\"alignnone size-full wp-image-58142\" src=\"http:\/\/www.portalmantena.com.br\/novo\/wp-content\/uploads\/2020\/02\/no120220chuva2.jpg\" alt=\"\" width=\"700\" height=\"450\" srcset=\"http:\/\/www.portalmantena.com.br\/novo\/wp-content\/uploads\/2020\/02\/no120220chuva2.jpg 700w, http:\/\/www.portalmantena.com.br\/novo\/wp-content\/uploads\/2020\/02\/no120220chuva2-300x193.jpg 300w, http:\/\/www.portalmantena.com.br\/novo\/wp-content\/uploads\/2020\/02\/no120220chuva2-696x447.jpg 696w, http:\/\/www.portalmantena.com.br\/novo\/wp-content\/uploads\/2020\/02\/no120220chuva2-653x420.jpg 653w\" sizes=\"(max-width: 700px) 100vw, 700px\" \/><\/a><a href=\"http:\/\/www.portalmantena.com.br\/novo\/\"><img loading=\"lazy\" class=\"alignnone size-full wp-image-37331\" src=\"http:\/\/www.portalmantena.com.br\/novo\/wp-content\/uploads\/2018\/05\/faixaportalnoticias5.jpg\" alt=\"\" width=\"700\" height=\"40\" srcset=\"http:\/\/www.portalmantena.com.br\/novo\/wp-content\/uploads\/2018\/05\/faixaportalnoticias5.jpg 700w, http:\/\/www.portalmantena.com.br\/novo\/wp-content\/uploads\/2018\/05\/faixaportalnoticias5-300x17.jpg 300w, http:\/\/www.portalmantena.com.br\/novo\/wp-content\/uploads\/2018\/05\/faixaportalnoticias5-696x40.jpg 696w\" sizes=\"(max-width: 700px) 100vw, 700px\" \/><\/a><\/p>\n<p><span style=\"font-size: 10pt;\">ESPA\u00c7O EMPRESARIAL<\/span><a href=\"http:\/\/www.portalmantena.com.br\/novo\/?p=57976\"><img loading=\"lazy\" class=\"alignnone size-full wp-image-57980\" src=\"http:\/\/www.portalmantena.com.br\/novo\/wp-content\/uploads\/2018\/05\/uni060220baner.jpg\" alt=\"\" width=\"700\" height=\"150\" srcset=\"http:\/\/www.portalmantena.com.br\/novo\/wp-content\/uploads\/2018\/05\/uni060220baner.jpg 700w, http:\/\/www.portalmantena.com.br\/novo\/wp-content\/uploads\/2018\/05\/uni060220baner-300x64.jpg 300w, http:\/\/www.portalmantena.com.br\/novo\/wp-content\/uploads\/2018\/05\/uni060220baner-696x150.jpg 696w\" sizes=\"(max-width: 700px) 100vw, 700px\" \/><\/a><\/p>\n","protected":false},"excerpt":{"rendered":"<p>O temporal que se armou sobre a cidade de Mantena neste final de tarde de ter\u00e7a-feira (11), realmente assustou, mas gra\u00e7as a Deus foi de chuva mansa e sem volume, deixando o mantenense mais tranquilo em rela\u00e7\u00e3o ao que estava previsto. Uma previs\u00e3o de chuva e temporal que crescia em expectativa at\u00e9 porque nas cidades [&hellip;]<\/p>\n","protected":false},"author":1,"featured_media":58143,"comment_status":"open","ping_status":"open","sticky":false,"template":"","format":"standard","meta":[],"categories":[36,11],"tags":[],"_links":{"self":[{"href":"http:\/\/www.portalmantena.com.br\/novo\/index.php?rest_route=\/wp\/v2\/posts\/58140"}],"collection":[{"href":"http:\/\/www.portalmantena.com.br\/novo\/index.php?rest_route=\/wp\/v2\/posts"}],"about":[{"href":"http:\/\/www.portalmantena.com.br\/novo\/index.php?rest_route=\/wp\/v2\/types\/post"}],"author":[{"embeddable":true,"href":"http:\/\/www.portalmantena.com.br\/novo\/index.php?rest_route=\/wp\/v2\/users\/1"}],"replies":[{"embeddable":true,"href":"http:\/\/www.portalmantena.com.br\/novo\/index.php?rest_route=%2Fwp%2Fv2%2Fcomments&post=58140"}],"version-history":[{"count":1,"href":"http:\/\/www.portalmantena.com.br\/novo\/index.php?rest_route=\/wp\/v2\/posts\/58140\/revisions"}],"predecessor-version":[{"id":58144,"href":"http:\/\/www.portalmantena.com.br\/novo\/index.php?rest_route=\/wp\/v2\/posts\/58140\/revisions\/58144"}],"wp:featuredmedia":[{"embeddable":true,"href":"http:\/\/www.portalmantena.com.br\/novo\/index.php?rest_route=\/wp\/v2\/media\/58143"}],"wp:attachment":[{"href":"http:\/\/www.portalmantena.com.br\/novo\/index.php?rest_route=%2Fwp%2Fv2%2Fmedia&parent=58140"}],"wp:term":[{"taxonomy":"category","embeddable":true,"href":"http:\/\/www.portalmantena.com.br\/novo\/index.php?rest_route=%2Fwp%2Fv2%2Fcategories&post=58140"},{"taxonomy":"post_tag","embeddable":true,"href":"http:\/\/www.portalmantena.com.br\/novo\/index.php?rest_route=%2Fwp%2Fv2%2Ftags&post=58140"}],"curies":[{"name":"wp","href":"https:\/\/api.w.org\/{rel}","templated":true}]}}