{"id":57787,"date":"2020-01-23T05:09:13","date_gmt":"2020-01-23T07:09:13","guid":{"rendered":"http:\/\/www.portalmantena.com.br\/novo\/?p=57787"},"modified":"2020-01-22T16:12:36","modified_gmt":"2020-01-22T18:12:36","slug":"pregao-eletronico-sera-tema-de-encontro-na-regiao","status":"publish","type":"post","link":"http:\/\/www.portalmantena.com.br\/novo\/?p=57787","title":{"rendered":"Preg\u00e3o Eletr\u00f4nico ser\u00e1 tema de Encontro na Regi\u00e3o"},"content":{"rendered":"<p><a href=\"http:\/\/www.portalmantena.com.br\/novo\/wp-content\/uploads\/2020\/01\/no220120pregao.jpg\"><img loading=\"lazy\" class=\"alignnone size-full wp-image-57788\" src=\"http:\/\/www.portalmantena.com.br\/novo\/wp-content\/uploads\/2020\/01\/no220120pregao.jpg\" alt=\"\" width=\"700\" height=\"450\" srcset=\"http:\/\/www.portalmantena.com.br\/novo\/wp-content\/uploads\/2020\/01\/no220120pregao.jpg 700w, http:\/\/www.portalmantena.com.br\/novo\/wp-content\/uploads\/2020\/01\/no220120pregao-300x193.jpg 300w, http:\/\/www.portalmantena.com.br\/novo\/wp-content\/uploads\/2020\/01\/no220120pregao-696x447.jpg 696w, http:\/\/www.portalmantena.com.br\/novo\/wp-content\/uploads\/2020\/01\/no220120pregao-653x420.jpg 653w\" sizes=\"(max-width: 700px) 100vw, 700px\" \/><\/a><\/p>\n<p><span style=\"font-size: 14pt;\">A Prefeitura de S\u00e3o Mateus, atrav\u00e9s da Controladoria Interna, realiza nesta quinta-feira dia 23 de janeiro, o 3\u00b0 ENCONTRO CAF\u00c9 &amp; COMPLIANCE, um projeto que visa realizar reuni\u00f5es para forma\u00e7\u00e3o e apresentar ao p\u00fablico as a\u00e7\u00f5es e resultados de v\u00e1rios setores da Administra\u00e7\u00e3o Municipal. <\/span><\/p>\n<p><span style=\"font-size: 18pt;\"><strong>O evento trar\u00e1 como tema \u201cPreg\u00e3o Eletr\u00f4nico- Inova\u00e7\u00f5es do Decreto N: 10.024\/2019&#8243;.<\/strong><\/span><\/p>\n<p><span style=\"font-size: 14pt;\">Evento \u00e9 voltado para o processo de licita\u00e7\u00e3o, abordando especificamente as inova\u00e7\u00f5es do novo Decreto Federal de Preg\u00e3o Eletr\u00f4nico. <\/span><\/p>\n<p><span style=\"font-size: 14pt;\">Por isso, o encontro tem como p\u00fablico alvo, empres\u00e1rios, fornecedores e servidores p\u00fablicos e est\u00e1 aberto \u00e0 participa\u00e7\u00e3o de toda popula\u00e7\u00e3o. (fonte:prefeiturasaomateus).<\/span><\/p>\n<p><a href=\"http:\/\/www.portalmantena.com.br\/novo\/\"><img loading=\"lazy\" class=\"alignnone size-full wp-image-37331\" src=\"http:\/\/www.portalmantena.com.br\/novo\/wp-content\/uploads\/2018\/05\/faixaportalnoticias5.jpg\" alt=\"\" width=\"700\" height=\"40\" srcset=\"http:\/\/www.portalmantena.com.br\/novo\/wp-content\/uploads\/2018\/05\/faixaportalnoticias5.jpg 700w, http:\/\/www.portalmantena.com.br\/novo\/wp-content\/uploads\/2018\/05\/faixaportalnoticias5-300x17.jpg 300w, http:\/\/www.portalmantena.com.br\/novo\/wp-content\/uploads\/2018\/05\/faixaportalnoticias5-696x40.jpg 696w\" sizes=\"(max-width: 700px) 100vw, 700px\" \/><\/a><\/p>\n<p><span style=\"font-size: 10pt;\">ESPA\u00c7O EMPRESARIAL<\/span><a href=\"https:\/\/www.facebook.com\/redecasasdastintas\/?__xts__[0]=68.ARBvBkEV-xf0LmeoVmLkmSNYi2fkJzyH_VdImjnJBqA-OJQ8WAGhfxFzuODZeXT97StHLCU2lui2hNiBS9juZZIIH59sSIfo9vM1711g7hmVObiniGMIKpCnGYGx_YmAkGj8o0shglKSje-m1cISUC5fXmbbIDZHgBn9rbll8J1_u-sWBptuc70mqMQ5dXSVaEbLcv7md0y1MndLTPX1QVF6vv_p8UwvHEYJiMzOeJ27-SNULvH_Ia_jzPUIPLemEjFfBOB1GDY2bKOl-hHJ82NDCthVWvRTDkLv5Ac-BJxkK8AMjv3yPHiiz_fTfCghxAzXR4kngL0HN5fNO2PSBWMM9g&amp;__tn__=HHH-R\"><img loading=\"lazy\" class=\"alignnone size-full wp-image-45727\" src=\"http:\/\/www.portalmantena.com.br\/novo\/wp-content\/uploads\/2018\/05\/casatintas120419.jpg\" alt=\"\" width=\"700\" height=\"150\" srcset=\"http:\/\/www.portalmantena.com.br\/novo\/wp-content\/uploads\/2018\/05\/casatintas120419.jpg 700w, http:\/\/www.portalmantena.com.br\/novo\/wp-content\/uploads\/2018\/05\/casatintas120419-300x64.jpg 300w, http:\/\/www.portalmantena.com.br\/novo\/wp-content\/uploads\/2018\/05\/casatintas120419-696x150.jpg 696w\" sizes=\"(max-width: 700px) 100vw, 700px\" \/><\/a><\/p>\n","protected":false},"excerpt":{"rendered":"<p>A Prefeitura de S\u00e3o Mateus, atrav\u00e9s da Controladoria Interna, realiza nesta quinta-feira dia 23 de janeiro, o 3\u00b0 ENCONTRO CAF\u00c9 &amp; COMPLIANCE, um projeto que visa realizar reuni\u00f5es para forma\u00e7\u00e3o e apresentar ao p\u00fablico as a\u00e7\u00f5es e resultados de v\u00e1rios setores da Administra\u00e7\u00e3o Municipal. O evento trar\u00e1 como tema \u201cPreg\u00e3o Eletr\u00f4nico- Inova\u00e7\u00f5es do Decreto N: [&hellip;]<\/p>\n","protected":false},"author":1,"featured_media":57788,"comment_status":"open","ping_status":"open","sticky":false,"template":"","format":"standard","meta":[],"categories":[11,39],"tags":[],"_links":{"self":[{"href":"http:\/\/www.portalmantena.com.br\/novo\/index.php?rest_route=\/wp\/v2\/posts\/57787"}],"collection":[{"href":"http:\/\/www.portalmantena.com.br\/novo\/index.php?rest_route=\/wp\/v2\/posts"}],"about":[{"href":"http:\/\/www.portalmantena.com.br\/novo\/index.php?rest_route=\/wp\/v2\/types\/post"}],"author":[{"embeddable":true,"href":"http:\/\/www.portalmantena.com.br\/novo\/index.php?rest_route=\/wp\/v2\/users\/1"}],"replies":[{"embeddable":true,"href":"http:\/\/www.portalmantena.com.br\/novo\/index.php?rest_route=%2Fwp%2Fv2%2Fcomments&post=57787"}],"version-history":[{"count":1,"href":"http:\/\/www.portalmantena.com.br\/novo\/index.php?rest_route=\/wp\/v2\/posts\/57787\/revisions"}],"predecessor-version":[{"id":57789,"href":"http:\/\/www.portalmantena.com.br\/novo\/index.php?rest_route=\/wp\/v2\/posts\/57787\/revisions\/57789"}],"wp:featuredmedia":[{"embeddable":true,"href":"http:\/\/www.portalmantena.com.br\/novo\/index.php?rest_route=\/wp\/v2\/media\/57788"}],"wp:attachment":[{"href":"http:\/\/www.portalmantena.com.br\/novo\/index.php?rest_route=%2Fwp%2Fv2%2Fmedia&parent=57787"}],"wp:term":[{"taxonomy":"category","embeddable":true,"href":"http:\/\/www.portalmantena.com.br\/novo\/index.php?rest_route=%2Fwp%2Fv2%2Fcategories&post=57787"},{"taxonomy":"post_tag","embeddable":true,"href":"http:\/\/www.portalmantena.com.br\/novo\/index.php?rest_route=%2Fwp%2Fv2%2Ftags&post=57787"}],"curies":[{"name":"wp","href":"https:\/\/api.w.org\/{rel}","templated":true}]}}