{"id":55630,"date":"2019-11-20T11:10:23","date_gmt":"2019-11-20T13:10:23","guid":{"rendered":"http:\/\/www.portalmantena.com.br\/novo\/?p=55630"},"modified":"2019-11-20T11:10:23","modified_gmt":"2019-11-20T13:10:23","slug":"regional-empresa-cafe-bonzon-recebe-premiacao","status":"publish","type":"post","link":"http:\/\/www.portalmantena.com.br\/novo\/?p=55630","title":{"rendered":"Regional: Empresa Caf\u00e9 Bonzon recebe premia\u00e7\u00e3o"},"content":{"rendered":"<p><a href=\"http:\/\/www.portalmantena.com.br\/novo\/wp-content\/uploads\/2019\/11\/no201119cafe8.jpg\"><img loading=\"lazy\" class=\"alignnone size-full wp-image-55638\" src=\"http:\/\/www.portalmantena.com.br\/novo\/wp-content\/uploads\/2019\/11\/no201119cafe8.jpg\" alt=\"\" width=\"700\" height=\"450\" srcset=\"http:\/\/www.portalmantena.com.br\/novo\/wp-content\/uploads\/2019\/11\/no201119cafe8.jpg 700w, http:\/\/www.portalmantena.com.br\/novo\/wp-content\/uploads\/2019\/11\/no201119cafe8-300x193.jpg 300w, http:\/\/www.portalmantena.com.br\/novo\/wp-content\/uploads\/2019\/11\/no201119cafe8-696x447.jpg 696w, http:\/\/www.portalmantena.com.br\/novo\/wp-content\/uploads\/2019\/11\/no201119cafe8-653x420.jpg 653w\" sizes=\"(max-width: 700px) 100vw, 700px\" \/><\/a><\/p>\n<p><span style=\"font-size: 14pt;\">Na \u00faltima quarta-feira (13), foi realizado no cerimonial Manain Festas na cidade de Barra de S\u00e3o Francisco, um jantar de confraterniza\u00e7\u00e3o para entrega do pr\u00eamio TOP MARCAS \u00e0s empresas que mais se destacaram em suas atividades, resultado de uma pesquisa realizada pela empresa \u00c1guia de Ouro Promo\u00e7\u00f5es e Estat\u00edstica Ltda.<\/span><\/p>\n<p><span style=\"font-size: 14pt;\">A empresa CAF\u00c9 BONZON, j\u00e1 reconhecida no mercado regional recebeu o pr\u00eamio de melhor no ramo que atua, com uma vota\u00e7\u00e3o de 43% na prefer\u00eancia dos votantes, sendo que a segunda marca mais bem colocada ficou com 12%. <\/span><\/p>\n<p><span style=\"font-size: 14pt;\">Na ocasi\u00e3o, representantes da empresa entre eles os Srs. Jean, Fernando, Luiz Henrique e Gilmar, participaram do evento recebendo o trof\u00e9u em nome da empresa. Momento de festa e valoriza\u00e7\u00e3o de boa parte do empresariado local e regional.<\/span><\/p>\n<p><a href=\"http:\/\/www.portalmantena.com.br\/novo\/wp-content\/uploads\/2019\/11\/no201119cafe6.jpg\"><img loading=\"lazy\" class=\"alignnone size-full wp-image-55636\" src=\"http:\/\/www.portalmantena.com.br\/novo\/wp-content\/uploads\/2019\/11\/no201119cafe6.jpg\" alt=\"\" width=\"700\" height=\"450\" srcset=\"http:\/\/www.portalmantena.com.br\/novo\/wp-content\/uploads\/2019\/11\/no201119cafe6.jpg 700w, http:\/\/www.portalmantena.com.br\/novo\/wp-content\/uploads\/2019\/11\/no201119cafe6-300x193.jpg 300w, http:\/\/www.portalmantena.com.br\/novo\/wp-content\/uploads\/2019\/11\/no201119cafe6-696x447.jpg 696w, http:\/\/www.portalmantena.com.br\/novo\/wp-content\/uploads\/2019\/11\/no201119cafe6-653x420.jpg 653w\" sizes=\"(max-width: 700px) 100vw, 700px\" \/><\/a><a href=\"http:\/\/www.portalmantena.com.br\/novo\/wp-content\/uploads\/2019\/11\/no201119cafe1.jpg\"><img loading=\"lazy\" class=\"alignnone size-full wp-image-55631\" src=\"http:\/\/www.portalmantena.com.br\/novo\/wp-content\/uploads\/2019\/11\/no201119cafe1.jpg\" alt=\"\" width=\"700\" height=\"450\" srcset=\"http:\/\/www.portalmantena.com.br\/novo\/wp-content\/uploads\/2019\/11\/no201119cafe1.jpg 700w, http:\/\/www.portalmantena.com.br\/novo\/wp-content\/uploads\/2019\/11\/no201119cafe1-300x193.jpg 300w, http:\/\/www.portalmantena.com.br\/novo\/wp-content\/uploads\/2019\/11\/no201119cafe1-696x447.jpg 696w, http:\/\/www.portalmantena.com.br\/novo\/wp-content\/uploads\/2019\/11\/no201119cafe1-653x420.jpg 653w\" sizes=\"(max-width: 700px) 100vw, 700px\" \/><\/a> <a href=\"http:\/\/www.portalmantena.com.br\/novo\/wp-content\/uploads\/2019\/11\/no201119cafe2.jpg\"><img loading=\"lazy\" class=\"alignnone size-full wp-image-55632\" src=\"http:\/\/www.portalmantena.com.br\/novo\/wp-content\/uploads\/2019\/11\/no201119cafe2.jpg\" alt=\"\" width=\"700\" height=\"450\" srcset=\"http:\/\/www.portalmantena.com.br\/novo\/wp-content\/uploads\/2019\/11\/no201119cafe2.jpg 700w, http:\/\/www.portalmantena.com.br\/novo\/wp-content\/uploads\/2019\/11\/no201119cafe2-300x193.jpg 300w, http:\/\/www.portalmantena.com.br\/novo\/wp-content\/uploads\/2019\/11\/no201119cafe2-696x447.jpg 696w, http:\/\/www.portalmantena.com.br\/novo\/wp-content\/uploads\/2019\/11\/no201119cafe2-653x420.jpg 653w\" sizes=\"(max-width: 700px) 100vw, 700px\" \/><\/a> <a href=\"http:\/\/www.portalmantena.com.br\/novo\/wp-content\/uploads\/2019\/11\/no201119cafe3.jpg\"><img loading=\"lazy\" class=\"alignnone size-full wp-image-55633\" src=\"http:\/\/www.portalmantena.com.br\/novo\/wp-content\/uploads\/2019\/11\/no201119cafe3.jpg\" alt=\"\" width=\"700\" height=\"450\" srcset=\"http:\/\/www.portalmantena.com.br\/novo\/wp-content\/uploads\/2019\/11\/no201119cafe3.jpg 700w, http:\/\/www.portalmantena.com.br\/novo\/wp-content\/uploads\/2019\/11\/no201119cafe3-300x193.jpg 300w, http:\/\/www.portalmantena.com.br\/novo\/wp-content\/uploads\/2019\/11\/no201119cafe3-696x447.jpg 696w, http:\/\/www.portalmantena.com.br\/novo\/wp-content\/uploads\/2019\/11\/no201119cafe3-653x420.jpg 653w\" sizes=\"(max-width: 700px) 100vw, 700px\" \/><\/a> <a href=\"http:\/\/www.portalmantena.com.br\/novo\/wp-content\/uploads\/2019\/11\/no201119cafe4.jpg\"><img loading=\"lazy\" class=\"alignnone size-full wp-image-55634\" src=\"http:\/\/www.portalmantena.com.br\/novo\/wp-content\/uploads\/2019\/11\/no201119cafe4.jpg\" alt=\"\" width=\"700\" height=\"450\" srcset=\"http:\/\/www.portalmantena.com.br\/novo\/wp-content\/uploads\/2019\/11\/no201119cafe4.jpg 700w, http:\/\/www.portalmantena.com.br\/novo\/wp-content\/uploads\/2019\/11\/no201119cafe4-300x193.jpg 300w, http:\/\/www.portalmantena.com.br\/novo\/wp-content\/uploads\/2019\/11\/no201119cafe4-696x447.jpg 696w, http:\/\/www.portalmantena.com.br\/novo\/wp-content\/uploads\/2019\/11\/no201119cafe4-653x420.jpg 653w\" sizes=\"(max-width: 700px) 100vw, 700px\" \/><\/a><span style=\"font-size: 10pt;\">ESPA\u00c7O EMPRESARIAL<\/span><a href=\"http:\/\/www.portalmantena.com.br\/novo\/wp-content\/uploads\/2018\/05\/cafebonzonfaixa.jpg\"><img loading=\"lazy\" class=\"alignnone size-full wp-image-29162\" src=\"http:\/\/www.portalmantena.com.br\/novo\/wp-content\/uploads\/2018\/05\/cafebonzonfaixa.jpg\" alt=\"\" width=\"700\" height=\"150\" srcset=\"http:\/\/www.portalmantena.com.br\/novo\/wp-content\/uploads\/2018\/05\/cafebonzonfaixa.jpg 700w, http:\/\/www.portalmantena.com.br\/novo\/wp-content\/uploads\/2018\/05\/cafebonzonfaixa-300x64.jpg 300w, http:\/\/www.portalmantena.com.br\/novo\/wp-content\/uploads\/2018\/05\/cafebonzonfaixa-696x150.jpg 696w\" sizes=\"(max-width: 700px) 100vw, 700px\" \/><\/a><\/p>\n<p><a href=\"http:\/\/www.portalmantena.com.br\/novo\/wp-content\/uploads\/2019\/11\/no201119cafe5.jpg\"><img loading=\"lazy\" class=\"alignnone size-full wp-image-55635\" src=\"http:\/\/www.portalmantena.com.br\/novo\/wp-content\/uploads\/2019\/11\/no201119cafe5.jpg\" alt=\"\" width=\"700\" height=\"450\" srcset=\"http:\/\/www.portalmantena.com.br\/novo\/wp-content\/uploads\/2019\/11\/no201119cafe5.jpg 700w, http:\/\/www.portalmantena.com.br\/novo\/wp-content\/uploads\/2019\/11\/no201119cafe5-300x193.jpg 300w, http:\/\/www.portalmantena.com.br\/novo\/wp-content\/uploads\/2019\/11\/no201119cafe5-696x447.jpg 696w, http:\/\/www.portalmantena.com.br\/novo\/wp-content\/uploads\/2019\/11\/no201119cafe5-653x420.jpg 653w\" sizes=\"(max-width: 700px) 100vw, 700px\" \/><\/a><a href=\"http:\/\/www.portalmantena.com.br\/novo\/wp-content\/uploads\/2019\/11\/no201119cafe7.jpg\"><img loading=\"lazy\" class=\"alignnone size-full wp-image-55637\" src=\"http:\/\/www.portalmantena.com.br\/novo\/wp-content\/uploads\/2019\/11\/no201119cafe7.jpg\" alt=\"\" width=\"700\" height=\"450\" srcset=\"http:\/\/www.portalmantena.com.br\/novo\/wp-content\/uploads\/2019\/11\/no201119cafe7.jpg 700w, http:\/\/www.portalmantena.com.br\/novo\/wp-content\/uploads\/2019\/11\/no201119cafe7-300x193.jpg 300w, http:\/\/www.portalmantena.com.br\/novo\/wp-content\/uploads\/2019\/11\/no201119cafe7-696x447.jpg 696w, http:\/\/www.portalmantena.com.br\/novo\/wp-content\/uploads\/2019\/11\/no201119cafe7-653x420.jpg 653w\" sizes=\"(max-width: 700px) 100vw, 700px\" \/><\/a><a href=\"http:\/\/www.portalmantena.com.br\/novo\/\"><img loading=\"lazy\" class=\"alignnone size-full wp-image-37331\" src=\"http:\/\/www.portalmantena.com.br\/novo\/wp-content\/uploads\/2018\/05\/faixaportalnoticias5.jpg\" alt=\"\" width=\"700\" height=\"40\" srcset=\"http:\/\/www.portalmantena.com.br\/novo\/wp-content\/uploads\/2018\/05\/faixaportalnoticias5.jpg 700w, http:\/\/www.portalmantena.com.br\/novo\/wp-content\/uploads\/2018\/05\/faixaportalnoticias5-300x17.jpg 300w, http:\/\/www.portalmantena.com.br\/novo\/wp-content\/uploads\/2018\/05\/faixaportalnoticias5-696x40.jpg 696w\" sizes=\"(max-width: 700px) 100vw, 700px\" \/><\/a><\/p>\n<p><span style=\"font-size: 10pt;\">ESPA\u00c7O EMPRESARIAL<\/span><a href=\"http:\/\/www.portalmantena.com.br\/novo\/wp-content\/uploads\/2018\/05\/cafebonzonfaixa.jpg\"><img loading=\"lazy\" class=\"alignnone size-full wp-image-29162\" src=\"http:\/\/www.portalmantena.com.br\/novo\/wp-content\/uploads\/2018\/05\/cafebonzonfaixa.jpg\" alt=\"\" width=\"700\" height=\"150\" srcset=\"http:\/\/www.portalmantena.com.br\/novo\/wp-content\/uploads\/2018\/05\/cafebonzonfaixa.jpg 700w, http:\/\/www.portalmantena.com.br\/novo\/wp-content\/uploads\/2018\/05\/cafebonzonfaixa-300x64.jpg 300w, http:\/\/www.portalmantena.com.br\/novo\/wp-content\/uploads\/2018\/05\/cafebonzonfaixa-696x150.jpg 696w\" sizes=\"(max-width: 700px) 100vw, 700px\" \/><\/a><\/p>\n","protected":false},"excerpt":{"rendered":"<p>Na \u00faltima quarta-feira (13), foi realizado no cerimonial Manain Festas na cidade de Barra de S\u00e3o Francisco, um jantar de confraterniza\u00e7\u00e3o para entrega do pr\u00eamio TOP MARCAS \u00e0s empresas que mais se destacaram em suas atividades, resultado de uma pesquisa realizada pela empresa \u00c1guia de Ouro Promo\u00e7\u00f5es e Estat\u00edstica Ltda. A empresa CAF\u00c9 BONZON, j\u00e1 [&hellip;]<\/p>\n","protected":false},"author":1,"featured_media":55638,"comment_status":"open","ping_status":"open","sticky":false,"template":"","format":"standard","meta":[],"categories":[11,39,74],"tags":[],"_links":{"self":[{"href":"http:\/\/www.portalmantena.com.br\/novo\/index.php?rest_route=\/wp\/v2\/posts\/55630"}],"collection":[{"href":"http:\/\/www.portalmantena.com.br\/novo\/index.php?rest_route=\/wp\/v2\/posts"}],"about":[{"href":"http:\/\/www.portalmantena.com.br\/novo\/index.php?rest_route=\/wp\/v2\/types\/post"}],"author":[{"embeddable":true,"href":"http:\/\/www.portalmantena.com.br\/novo\/index.php?rest_route=\/wp\/v2\/users\/1"}],"replies":[{"embeddable":true,"href":"http:\/\/www.portalmantena.com.br\/novo\/index.php?rest_route=%2Fwp%2Fv2%2Fcomments&post=55630"}],"version-history":[{"count":1,"href":"http:\/\/www.portalmantena.com.br\/novo\/index.php?rest_route=\/wp\/v2\/posts\/55630\/revisions"}],"predecessor-version":[{"id":55639,"href":"http:\/\/www.portalmantena.com.br\/novo\/index.php?rest_route=\/wp\/v2\/posts\/55630\/revisions\/55639"}],"wp:featuredmedia":[{"embeddable":true,"href":"http:\/\/www.portalmantena.com.br\/novo\/index.php?rest_route=\/wp\/v2\/media\/55638"}],"wp:attachment":[{"href":"http:\/\/www.portalmantena.com.br\/novo\/index.php?rest_route=%2Fwp%2Fv2%2Fmedia&parent=55630"}],"wp:term":[{"taxonomy":"category","embeddable":true,"href":"http:\/\/www.portalmantena.com.br\/novo\/index.php?rest_route=%2Fwp%2Fv2%2Fcategories&post=55630"},{"taxonomy":"post_tag","embeddable":true,"href":"http:\/\/www.portalmantena.com.br\/novo\/index.php?rest_route=%2Fwp%2Fv2%2Ftags&post=55630"}],"curies":[{"name":"wp","href":"https:\/\/api.w.org\/{rel}","templated":true}]}}