{"id":55537,"date":"2019-11-15T06:15:07","date_gmt":"2019-11-15T08:15:07","guid":{"rendered":"http:\/\/www.portalmantena.com.br\/novo\/?p=55537"},"modified":"2019-11-13T16:16:57","modified_gmt":"2019-11-13T18:16:57","slug":"homem-e-morto-com-tres-disparos-na-regiao","status":"publish","type":"post","link":"http:\/\/www.portalmantena.com.br\/novo\/?p=55537","title":{"rendered":"Homem \u00e9 morto com tr\u00eas disparos na regi\u00e3o"},"content":{"rendered":"<p><a href=\"http:\/\/www.portalmantena.com.br\/novo\/wp-content\/uploads\/2019\/11\/pm25-1.jpg\"><img loading=\"lazy\" class=\"alignnone size-full wp-image-55538\" src=\"http:\/\/www.portalmantena.com.br\/novo\/wp-content\/uploads\/2019\/11\/pm25-1.jpg\" alt=\"\" width=\"700\" height=\"450\" srcset=\"http:\/\/www.portalmantena.com.br\/novo\/wp-content\/uploads\/2019\/11\/pm25-1.jpg 700w, http:\/\/www.portalmantena.com.br\/novo\/wp-content\/uploads\/2019\/11\/pm25-1-300x193.jpg 300w, http:\/\/www.portalmantena.com.br\/novo\/wp-content\/uploads\/2019\/11\/pm25-1-696x447.jpg 696w, http:\/\/www.portalmantena.com.br\/novo\/wp-content\/uploads\/2019\/11\/pm25-1-653x420.jpg 653w\" sizes=\"(max-width: 700px) 100vw, 700px\" \/><\/a><\/p>\n<p style=\"background: white; vertical-align: baseline; margin: 0cm 0cm 11.25pt 0cm;\"><span style=\"font-size: 14.0pt; font-family: 'Verdana','sans-serif'; color: #444444;\">Um homem de 34 anos foi assassinado a tiros na manh\u00e3 de da \u00faltima sexta-feira (08) no C\u00f3rrego Bananal, zona rural do munic\u00edpio de Resplendor.\u00a0 De acordo com a Pol\u00edcia Militar, moradores ouviram o som dos disparos e j\u00e1 encontraram a v\u00edtima, Jo\u00e3o Paulo Jos\u00e9 Ces\u00e1rio, ca\u00eddo j\u00e1 sem vida. <\/span><\/p>\n<p style=\"background: white; vertical-align: baseline; margin: 0cm 0cm 11.25pt 0cm;\"><span style=\"font-size: 14.0pt; font-family: 'Verdana','sans-serif'; color: #444444;\">A v\u00edtima apresentava tr\u00eas perfura\u00e7\u00f5es. O corpo foi encaminhado para o Instituto M\u00e9dico Legal (IML) da cidade de Governador Valadares e ap\u00f3s per\u00edcia, foi liberado para o sepultamento. <\/span><\/p>\n<p style=\"background: white; vertical-align: baseline; margin: 0cm 0cm 11.25pt 0cm;\"><span style=\"font-size: 14.0pt; font-family: 'Verdana','sans-serif'; color: #444444;\">N\u00e3o se tem informa\u00e7\u00e3o sobre a autoria ou motiva\u00e7\u00e3o do crime, que agora passa a ser investigado pela pol\u00edcia civil.<\/span><\/p>\n<p style=\"background: white; vertical-align: baseline; margin: 0cm 0cm 11.25pt 0cm;\"><a href=\"http:\/\/www.portalmantena.com.br\/novo\/\"><img loading=\"lazy\" class=\"alignnone size-full wp-image-37331\" src=\"http:\/\/www.portalmantena.com.br\/novo\/wp-content\/uploads\/2018\/05\/faixaportalnoticias5.jpg\" alt=\"\" width=\"700\" height=\"40\" srcset=\"http:\/\/www.portalmantena.com.br\/novo\/wp-content\/uploads\/2018\/05\/faixaportalnoticias5.jpg 700w, http:\/\/www.portalmantena.com.br\/novo\/wp-content\/uploads\/2018\/05\/faixaportalnoticias5-300x17.jpg 300w, http:\/\/www.portalmantena.com.br\/novo\/wp-content\/uploads\/2018\/05\/faixaportalnoticias5-696x40.jpg 696w\" sizes=\"(max-width: 700px) 100vw, 700px\" \/><\/a><\/p>\n<p style=\"background: white; vertical-align: baseline; margin: 0cm 0cm 11.25pt 0cm;\"><span style=\"font-size: 10pt;\">ESPA\u00c7O EMPRESARIAL<\/span><a href=\"https:\/\/www.facebook.com\/rf.oliveira.9\"><img loading=\"lazy\" class=\"alignnone size-full wp-image-54716\" src=\"http:\/\/www.portalmantena.com.br\/novo\/wp-content\/uploads\/2018\/05\/avenida221019b.jpg\" alt=\"\" width=\"700\" height=\"150\" srcset=\"http:\/\/www.portalmantena.com.br\/novo\/wp-content\/uploads\/2018\/05\/avenida221019b.jpg 700w, http:\/\/www.portalmantena.com.br\/novo\/wp-content\/uploads\/2018\/05\/avenida221019b-300x64.jpg 300w, http:\/\/www.portalmantena.com.br\/novo\/wp-content\/uploads\/2018\/05\/avenida221019b-696x150.jpg 696w\" sizes=\"(max-width: 700px) 100vw, 700px\" \/><\/a><\/p>\n","protected":false},"excerpt":{"rendered":"<p>Um homem de 34 anos foi assassinado a tiros na manh\u00e3 de da \u00faltima sexta-feira (08) no C\u00f3rrego Bananal, zona rural do munic\u00edpio de Resplendor.\u00a0 De acordo com a Pol\u00edcia Militar, moradores ouviram o som dos disparos e j\u00e1 encontraram a v\u00edtima, Jo\u00e3o Paulo Jos\u00e9 Ces\u00e1rio, ca\u00eddo j\u00e1 sem vida. A v\u00edtima apresentava tr\u00eas perfura\u00e7\u00f5es. [&hellip;]<\/p>\n","protected":false},"author":1,"featured_media":55538,"comment_status":"open","ping_status":"open","sticky":false,"template":"","format":"standard","meta":[],"categories":[11,34],"tags":[],"_links":{"self":[{"href":"http:\/\/www.portalmantena.com.br\/novo\/index.php?rest_route=\/wp\/v2\/posts\/55537"}],"collection":[{"href":"http:\/\/www.portalmantena.com.br\/novo\/index.php?rest_route=\/wp\/v2\/posts"}],"about":[{"href":"http:\/\/www.portalmantena.com.br\/novo\/index.php?rest_route=\/wp\/v2\/types\/post"}],"author":[{"embeddable":true,"href":"http:\/\/www.portalmantena.com.br\/novo\/index.php?rest_route=\/wp\/v2\/users\/1"}],"replies":[{"embeddable":true,"href":"http:\/\/www.portalmantena.com.br\/novo\/index.php?rest_route=%2Fwp%2Fv2%2Fcomments&post=55537"}],"version-history":[{"count":1,"href":"http:\/\/www.portalmantena.com.br\/novo\/index.php?rest_route=\/wp\/v2\/posts\/55537\/revisions"}],"predecessor-version":[{"id":55539,"href":"http:\/\/www.portalmantena.com.br\/novo\/index.php?rest_route=\/wp\/v2\/posts\/55537\/revisions\/55539"}],"wp:featuredmedia":[{"embeddable":true,"href":"http:\/\/www.portalmantena.com.br\/novo\/index.php?rest_route=\/wp\/v2\/media\/55538"}],"wp:attachment":[{"href":"http:\/\/www.portalmantena.com.br\/novo\/index.php?rest_route=%2Fwp%2Fv2%2Fmedia&parent=55537"}],"wp:term":[{"taxonomy":"category","embeddable":true,"href":"http:\/\/www.portalmantena.com.br\/novo\/index.php?rest_route=%2Fwp%2Fv2%2Fcategories&post=55537"},{"taxonomy":"post_tag","embeddable":true,"href":"http:\/\/www.portalmantena.com.br\/novo\/index.php?rest_route=%2Fwp%2Fv2%2Ftags&post=55537"}],"curies":[{"name":"wp","href":"https:\/\/api.w.org\/{rel}","templated":true}]}}