{"id":54770,"date":"2019-10-24T09:21:34","date_gmt":"2019-10-24T11:21:34","guid":{"rendered":"http:\/\/www.portalmantena.com.br\/novo\/?p=54770"},"modified":"2019-10-30T11:36:58","modified_gmt":"2019-10-30T13:36:58","slug":"saae-apoiou-evento-realizado-pela-oab-de-mantena","status":"publish","type":"post","link":"http:\/\/www.portalmantena.com.br\/novo\/?p=54770","title":{"rendered":"SAAE apoiou evento realizado pela OAB de Mantena"},"content":{"rendered":"<p><a href=\"http:\/\/www.portalmantena.com.br\/novo\/wp-content\/uploads\/2019\/10\/vi241019agua2.jpg\"><img loading=\"lazy\" class=\"alignnone size-full wp-image-54772\" src=\"http:\/\/www.portalmantena.com.br\/novo\/wp-content\/uploads\/2019\/10\/vi241019agua2.jpg\" alt=\"\" width=\"700\" height=\"450\" srcset=\"http:\/\/www.portalmantena.com.br\/novo\/wp-content\/uploads\/2019\/10\/vi241019agua2.jpg 700w, http:\/\/www.portalmantena.com.br\/novo\/wp-content\/uploads\/2019\/10\/vi241019agua2-300x193.jpg 300w, http:\/\/www.portalmantena.com.br\/novo\/wp-content\/uploads\/2019\/10\/vi241019agua2-696x447.jpg 696w, http:\/\/www.portalmantena.com.br\/novo\/wp-content\/uploads\/2019\/10\/vi241019agua2-653x420.jpg 653w\" sizes=\"(max-width: 700px) 100vw, 700px\" \/><\/a><\/p>\n<p><span style=\"font-size: 14pt;\">O SAAE de Mantena esteve apoiando o belo evento realizado pela OAB Mantena, que levou at\u00e9 o cidad\u00e3o mantenense, na manh\u00e3 do \u00faltimo s\u00e1bado (19), o projeto \u201cOAB na Pra\u00e7a\u201d, tirando d\u00favidas da popula\u00e7\u00e3o sobre direito previdenci\u00e1rio, c\u00edvel, consumidor, trabalho e criminal. <\/span><\/p>\n<p><span style=\"font-size: 14pt;\">O Diretor do SAAE, Sr. Paulo Ab\u00edlio prestigiou o evento e foi recebido pela presidente da 59\u00aa Subse\u00e7\u00e3o da OAB Mantena, Dra. Alina Vieira, que agradeceu a colabora\u00e7\u00e3o do SAAE, abrilhantando ainda mais este momento singular na cidade. <\/span><\/p>\n<p><span style=\"font-size: 14pt;\">Al\u00e9m da estrutura montada pela OAB para que os advogados pudessem atender \u00e0 popula\u00e7\u00e3o, um pequeno estante com panfletos e cartazes contendo informa\u00e7\u00f5es sobre o como evitar o desperd\u00edcio de \u00e1gua, foi montado no local. Copos de \u00e1gua tamb\u00e9m foram servidos aos presentes.<\/span><\/p>\n<p><a href=\"http:\/\/www.portalmantena.com.br\/novo\/wp-content\/uploads\/2019\/10\/vi241019agua1.jpg\"><img loading=\"lazy\" class=\"alignnone size-full wp-image-54771\" src=\"http:\/\/www.portalmantena.com.br\/novo\/wp-content\/uploads\/2019\/10\/vi241019agua1.jpg\" alt=\"\" width=\"700\" height=\"450\" srcset=\"http:\/\/www.portalmantena.com.br\/novo\/wp-content\/uploads\/2019\/10\/vi241019agua1.jpg 700w, http:\/\/www.portalmantena.com.br\/novo\/wp-content\/uploads\/2019\/10\/vi241019agua1-300x193.jpg 300w, http:\/\/www.portalmantena.com.br\/novo\/wp-content\/uploads\/2019\/10\/vi241019agua1-696x447.jpg 696w, http:\/\/www.portalmantena.com.br\/novo\/wp-content\/uploads\/2019\/10\/vi241019agua1-653x420.jpg 653w\" sizes=\"(max-width: 700px) 100vw, 700px\" \/><\/a><a href=\"http:\/\/www.portalmantena.com.br\/novo\/wp-content\/uploads\/2019\/10\/vi241019agua3.jpg\"><img loading=\"lazy\" class=\"alignnone size-full wp-image-54773\" src=\"http:\/\/www.portalmantena.com.br\/novo\/wp-content\/uploads\/2019\/10\/vi241019agua3.jpg\" alt=\"\" width=\"700\" height=\"450\" srcset=\"http:\/\/www.portalmantena.com.br\/novo\/wp-content\/uploads\/2019\/10\/vi241019agua3.jpg 700w, http:\/\/www.portalmantena.com.br\/novo\/wp-content\/uploads\/2019\/10\/vi241019agua3-300x193.jpg 300w, http:\/\/www.portalmantena.com.br\/novo\/wp-content\/uploads\/2019\/10\/vi241019agua3-696x447.jpg 696w, http:\/\/www.portalmantena.com.br\/novo\/wp-content\/uploads\/2019\/10\/vi241019agua3-653x420.jpg 653w\" sizes=\"(max-width: 700px) 100vw, 700px\" \/><\/a><a href=\"http:\/\/www.portalmantena.com.br\/novo\/\"><img loading=\"lazy\" class=\"alignnone size-full wp-image-37331\" src=\"http:\/\/www.portalmantena.com.br\/novo\/wp-content\/uploads\/2018\/05\/faixaportalnoticias5.jpg\" alt=\"\" width=\"700\" height=\"40\" srcset=\"http:\/\/www.portalmantena.com.br\/novo\/wp-content\/uploads\/2018\/05\/faixaportalnoticias5.jpg 700w, http:\/\/www.portalmantena.com.br\/novo\/wp-content\/uploads\/2018\/05\/faixaportalnoticias5-300x17.jpg 300w, http:\/\/www.portalmantena.com.br\/novo\/wp-content\/uploads\/2018\/05\/faixaportalnoticias5-696x40.jpg 696w\" sizes=\"(max-width: 700px) 100vw, 700px\" \/><\/a><\/p>\n<p><span style=\"font-size: 10pt;\">ESPA\u00c7O EMPRESARIAL<\/span><a href=\"http:\/\/www.portalmantena.com.br\/novo\/?p=53697\"><img loading=\"lazy\" class=\"alignnone size-full wp-image-53700\" src=\"http:\/\/www.portalmantena.com.br\/novo\/wp-content\/uploads\/2019\/10\/uni031019bb.jpg\" alt=\"\" width=\"700\" height=\"150\" srcset=\"http:\/\/www.portalmantena.com.br\/novo\/wp-content\/uploads\/2019\/10\/uni031019bb.jpg 700w, http:\/\/www.portalmantena.com.br\/novo\/wp-content\/uploads\/2019\/10\/uni031019bb-300x64.jpg 300w, http:\/\/www.portalmantena.com.br\/novo\/wp-content\/uploads\/2019\/10\/uni031019bb-696x150.jpg 696w\" sizes=\"(max-width: 700px) 100vw, 700px\" \/><\/a><\/p>\n","protected":false},"excerpt":{"rendered":"<p>O SAAE de Mantena esteve apoiando o belo evento realizado pela OAB Mantena, que levou at\u00e9 o cidad\u00e3o mantenense, na manh\u00e3 do \u00faltimo s\u00e1bado (19), o projeto \u201cOAB na Pra\u00e7a\u201d, tirando d\u00favidas da popula\u00e7\u00e3o sobre direito previdenci\u00e1rio, c\u00edvel, consumidor, trabalho e criminal. O Diretor do SAAE, Sr. Paulo Ab\u00edlio prestigiou o evento e foi recebido [&hellip;]<\/p>\n","protected":false},"author":1,"featured_media":54772,"comment_status":"open","ping_status":"open","sticky":false,"template":"","format":"standard","meta":[],"categories":[36,69],"tags":[],"_links":{"self":[{"href":"http:\/\/www.portalmantena.com.br\/novo\/index.php?rest_route=\/wp\/v2\/posts\/54770"}],"collection":[{"href":"http:\/\/www.portalmantena.com.br\/novo\/index.php?rest_route=\/wp\/v2\/posts"}],"about":[{"href":"http:\/\/www.portalmantena.com.br\/novo\/index.php?rest_route=\/wp\/v2\/types\/post"}],"author":[{"embeddable":true,"href":"http:\/\/www.portalmantena.com.br\/novo\/index.php?rest_route=\/wp\/v2\/users\/1"}],"replies":[{"embeddable":true,"href":"http:\/\/www.portalmantena.com.br\/novo\/index.php?rest_route=%2Fwp%2Fv2%2Fcomments&post=54770"}],"version-history":[{"count":1,"href":"http:\/\/www.portalmantena.com.br\/novo\/index.php?rest_route=\/wp\/v2\/posts\/54770\/revisions"}],"predecessor-version":[{"id":54774,"href":"http:\/\/www.portalmantena.com.br\/novo\/index.php?rest_route=\/wp\/v2\/posts\/54770\/revisions\/54774"}],"wp:featuredmedia":[{"embeddable":true,"href":"http:\/\/www.portalmantena.com.br\/novo\/index.php?rest_route=\/wp\/v2\/media\/54772"}],"wp:attachment":[{"href":"http:\/\/www.portalmantena.com.br\/novo\/index.php?rest_route=%2Fwp%2Fv2%2Fmedia&parent=54770"}],"wp:term":[{"taxonomy":"category","embeddable":true,"href":"http:\/\/www.portalmantena.com.br\/novo\/index.php?rest_route=%2Fwp%2Fv2%2Fcategories&post=54770"},{"taxonomy":"post_tag","embeddable":true,"href":"http:\/\/www.portalmantena.com.br\/novo\/index.php?rest_route=%2Fwp%2Fv2%2Ftags&post=54770"}],"curies":[{"name":"wp","href":"https:\/\/api.w.org\/{rel}","templated":true}]}}