{"id":54762,"date":"2019-10-23T17:13:00","date_gmt":"2019-10-23T19:13:00","guid":{"rendered":"http:\/\/www.portalmantena.com.br\/novo\/?p=54762"},"modified":"2019-10-23T17:13:00","modified_gmt":"2019-10-23T19:13:00","slug":"rogerinho-retorna-com-o-jornalismo-impresso-na-regiao","status":"publish","type":"post","link":"http:\/\/www.portalmantena.com.br\/novo\/?p=54762","title":{"rendered":"Rogerinho retorna com o Jornalismo Impresso na regi\u00e3o"},"content":{"rendered":"<p><a href=\"http:\/\/www.portalmantena.com.br\/novo\/wp-content\/uploads\/2019\/10\/vi231019rogerio.jpg\"><img loading=\"lazy\" class=\"alignnone size-full wp-image-54763\" src=\"http:\/\/www.portalmantena.com.br\/novo\/wp-content\/uploads\/2019\/10\/vi231019rogerio.jpg\" alt=\"\" width=\"700\" height=\"450\" srcset=\"http:\/\/www.portalmantena.com.br\/novo\/wp-content\/uploads\/2019\/10\/vi231019rogerio.jpg 700w, http:\/\/www.portalmantena.com.br\/novo\/wp-content\/uploads\/2019\/10\/vi231019rogerio-300x193.jpg 300w, http:\/\/www.portalmantena.com.br\/novo\/wp-content\/uploads\/2019\/10\/vi231019rogerio-696x447.jpg 696w, http:\/\/www.portalmantena.com.br\/novo\/wp-content\/uploads\/2019\/10\/vi231019rogerio-653x420.jpg 653w\" sizes=\"(max-width: 700px) 100vw, 700px\" \/><\/a><\/p>\n<p><span style=\"font-size: 14pt;\">Ap\u00f3s 3 anos sem fazer circular seu jornal impresso, o Jornalista mantenense Rog\u00e9rio Augusto (Rogerinho), retorna com a edi\u00e7\u00e3o N\u00ba 001 de 2019 do seu informativo. <\/span><\/p>\n<p><span style=\"font-size: 14pt;\">Rog\u00e9rio que h\u00e1 36 anos exerce a profiss\u00e3o de Jornalista, cobrindo principalmente os fatos pol\u00edticos na cidade e regi\u00e3o, tr\u00e1s a primeira edi\u00e7\u00e3o do Mantena Online. <\/span><\/p>\n<p><span style=\"font-size: 14pt;\">O Jornal que tr\u00e1s 8 p\u00e1ginas impressas, come\u00e7ou a circular na \u00faltima semana e j\u00e1 \u00e9 sucesso, trazendo estampado mat\u00e9rias importantes, fatos sociais, acontecimento, personalidades e eventos. <\/span><\/p>\n<p><span style=\"font-size: 14pt;\">Desejamos sucesso ao amigo Rogerinho em mais este in\u00edcio de temporada da m\u00eddia impressa, j\u00e1 estava fazendo falta.\u00a0\u00a0<\/span><\/p>\n<p><a href=\"http:\/\/www.portalmantena.com.br\/novo\/\"><img loading=\"lazy\" class=\"alignnone size-full wp-image-37296\" src=\"http:\/\/www.portalmantena.com.br\/novo\/wp-content\/uploads\/2018\/05\/faixavitrine2.jpg\" alt=\"\" width=\"700\" height=\"40\" srcset=\"http:\/\/www.portalmantena.com.br\/novo\/wp-content\/uploads\/2018\/05\/faixavitrine2.jpg 700w, http:\/\/www.portalmantena.com.br\/novo\/wp-content\/uploads\/2018\/05\/faixavitrine2-300x17.jpg 300w, http:\/\/www.portalmantena.com.br\/novo\/wp-content\/uploads\/2018\/05\/faixavitrine2-696x40.jpg 696w\" sizes=\"(max-width: 700px) 100vw, 700px\" \/><\/a><\/p>\n<p><span style=\"font-size: 10pt;\">ESPA\u00c7O EMPRESARIAL<\/span><a href=\"http:\/\/www.portalmantena.com.br\/novo\/?p=53697\"><img loading=\"lazy\" class=\"alignnone size-full wp-image-53700\" src=\"http:\/\/www.portalmantena.com.br\/novo\/wp-content\/uploads\/2019\/10\/uni031019bb.jpg\" alt=\"\" width=\"700\" height=\"150\" srcset=\"http:\/\/www.portalmantena.com.br\/novo\/wp-content\/uploads\/2019\/10\/uni031019bb.jpg 700w, http:\/\/www.portalmantena.com.br\/novo\/wp-content\/uploads\/2019\/10\/uni031019bb-300x64.jpg 300w, http:\/\/www.portalmantena.com.br\/novo\/wp-content\/uploads\/2019\/10\/uni031019bb-696x150.jpg 696w\" sizes=\"(max-width: 700px) 100vw, 700px\" \/><\/a><\/p>\n","protected":false},"excerpt":{"rendered":"<p>Ap\u00f3s 3 anos sem fazer circular seu jornal impresso, o Jornalista mantenense Rog\u00e9rio Augusto (Rogerinho), retorna com a edi\u00e7\u00e3o N\u00ba 001 de 2019 do seu informativo. Rog\u00e9rio que h\u00e1 36 anos exerce a profiss\u00e3o de Jornalista, cobrindo principalmente os fatos pol\u00edticos na cidade e regi\u00e3o, tr\u00e1s a primeira edi\u00e7\u00e3o do Mantena Online. O Jornal que [&hellip;]<\/p>\n","protected":false},"author":1,"featured_media":54763,"comment_status":"open","ping_status":"open","sticky":false,"template":"","format":"standard","meta":[],"categories":[7],"tags":[],"_links":{"self":[{"href":"http:\/\/www.portalmantena.com.br\/novo\/index.php?rest_route=\/wp\/v2\/posts\/54762"}],"collection":[{"href":"http:\/\/www.portalmantena.com.br\/novo\/index.php?rest_route=\/wp\/v2\/posts"}],"about":[{"href":"http:\/\/www.portalmantena.com.br\/novo\/index.php?rest_route=\/wp\/v2\/types\/post"}],"author":[{"embeddable":true,"href":"http:\/\/www.portalmantena.com.br\/novo\/index.php?rest_route=\/wp\/v2\/users\/1"}],"replies":[{"embeddable":true,"href":"http:\/\/www.portalmantena.com.br\/novo\/index.php?rest_route=%2Fwp%2Fv2%2Fcomments&post=54762"}],"version-history":[{"count":1,"href":"http:\/\/www.portalmantena.com.br\/novo\/index.php?rest_route=\/wp\/v2\/posts\/54762\/revisions"}],"predecessor-version":[{"id":54764,"href":"http:\/\/www.portalmantena.com.br\/novo\/index.php?rest_route=\/wp\/v2\/posts\/54762\/revisions\/54764"}],"wp:featuredmedia":[{"embeddable":true,"href":"http:\/\/www.portalmantena.com.br\/novo\/index.php?rest_route=\/wp\/v2\/media\/54763"}],"wp:attachment":[{"href":"http:\/\/www.portalmantena.com.br\/novo\/index.php?rest_route=%2Fwp%2Fv2%2Fmedia&parent=54762"}],"wp:term":[{"taxonomy":"category","embeddable":true,"href":"http:\/\/www.portalmantena.com.br\/novo\/index.php?rest_route=%2Fwp%2Fv2%2Fcategories&post=54762"},{"taxonomy":"post_tag","embeddable":true,"href":"http:\/\/www.portalmantena.com.br\/novo\/index.php?rest_route=%2Fwp%2Fv2%2Ftags&post=54762"}],"curies":[{"name":"wp","href":"https:\/\/api.w.org\/{rel}","templated":true}]}}