{"id":54759,"date":"2019-10-24T04:57:15","date_gmt":"2019-10-24T06:57:15","guid":{"rendered":"http:\/\/www.portalmantena.com.br\/novo\/?p=54759"},"modified":"2019-10-23T17:02:52","modified_gmt":"2019-10-23T19:02:52","slug":"guriri-suspeitos-de-roubo-de-veiculo-sao-presos","status":"publish","type":"post","link":"http:\/\/www.portalmantena.com.br\/novo\/?p=54759","title":{"rendered":"Guriri: Suspeitos de roubo de ve\u00edculo s\u00e3o presos"},"content":{"rendered":"<p><a href=\"http:\/\/www.portalmantena.com.br\/novo\/wp-content\/uploads\/2019\/10\/no231019arma.jpg\"><img loading=\"lazy\" class=\"alignnone size-full wp-image-54760\" src=\"http:\/\/www.portalmantena.com.br\/novo\/wp-content\/uploads\/2019\/10\/no231019arma.jpg\" alt=\"\" width=\"700\" height=\"450\" srcset=\"http:\/\/www.portalmantena.com.br\/novo\/wp-content\/uploads\/2019\/10\/no231019arma.jpg 700w, http:\/\/www.portalmantena.com.br\/novo\/wp-content\/uploads\/2019\/10\/no231019arma-300x193.jpg 300w, http:\/\/www.portalmantena.com.br\/novo\/wp-content\/uploads\/2019\/10\/no231019arma-696x447.jpg 696w, http:\/\/www.portalmantena.com.br\/novo\/wp-content\/uploads\/2019\/10\/no231019arma-653x420.jpg 653w\" sizes=\"(max-width: 700px) 100vw, 700px\" \/><\/a><\/p>\n<p><span style=\"font-size: 14pt;\">No \u00faltimo final de semana, policiais militares da 4\u00aa Companhia do 13\u00ba Batalh\u00e3o prenderam dois suspeitos e apreenderam uma arma de fogo em uma abordagem realizada em Barra Nova, munic\u00edpio de S\u00e3o Mateus. <\/span><\/p>\n<p><span style=\"font-size: 14pt;\">Os policiais receberam a informa\u00e7\u00e3o de que dois suspeitos de estarem envolvidos no tr\u00e1fico de drogas e roubo de ve\u00edculos, ocorridos na Ilha de Guriri, estavam em um ve\u00edculo Renault Sandero, transitando na estrada de Barra Nova. <\/span><\/p>\n<p><span style=\"font-size: 14pt;\">Os militares seguiram pela via informada onde, em determinado momento, avistaram o ve\u00edculo suspeito vindo em dire\u00e7\u00e3o contr\u00e1ria. Os integrantes, ao perceberem a aproxima\u00e7\u00e3o da viatura, dispensaram um objeto. <\/span><\/p>\n<p><span style=\"font-size: 14pt;\">Os militares deram ordem de parada e na abordagem identificaram os suspeitos como W.A.R.J., de 19 anos e um menor de 16 anos. Ao verificar o objeto dispensado no caminho, foi encontrado a margem da estrada um rev\u00f3lver calibre 38 com numera\u00e7\u00e3o raspada. <\/span><\/p>\n<p><span style=\"font-size: 14pt;\">Os detidos foram conduzidos ao DPJ, onde os militares foram informados que momentos antes da abordagem havia acontecido um roubo de ve\u00edculo pr\u00f3ximo aquela regi\u00e3o, e que a v\u00edtima estava a caminho do DPJ. (fonte\/foto:PM).<\/span><\/p>\n<p><a href=\"http:\/\/www.portalmantena.com.br\/novo\/\"><img loading=\"lazy\" class=\"alignnone size-full wp-image-37331\" src=\"http:\/\/www.portalmantena.com.br\/novo\/wp-content\/uploads\/2018\/05\/faixaportalnoticias5.jpg\" alt=\"\" width=\"700\" height=\"40\" srcset=\"http:\/\/www.portalmantena.com.br\/novo\/wp-content\/uploads\/2018\/05\/faixaportalnoticias5.jpg 700w, http:\/\/www.portalmantena.com.br\/novo\/wp-content\/uploads\/2018\/05\/faixaportalnoticias5-300x17.jpg 300w, http:\/\/www.portalmantena.com.br\/novo\/wp-content\/uploads\/2018\/05\/faixaportalnoticias5-696x40.jpg 696w\" sizes=\"(max-width: 700px) 100vw, 700px\" \/><\/a><\/p>\n<p><span style=\"font-size: 10pt;\">ESPA\u00c7O EMPRESARIAL<\/span><a href=\"https:\/\/www.facebook.com\/academiaminasfitoficial\/\"><img loading=\"lazy\" class=\"alignnone size-full wp-image-47320\" src=\"http:\/\/www.portalmantena.com.br\/novo\/wp-content\/uploads\/2018\/05\/minasfitmm.jpg\" alt=\"\" width=\"700\" height=\"150\" srcset=\"http:\/\/www.portalmantena.com.br\/novo\/wp-content\/uploads\/2018\/05\/minasfitmm.jpg 700w, http:\/\/www.portalmantena.com.br\/novo\/wp-content\/uploads\/2018\/05\/minasfitmm-300x64.jpg 300w, http:\/\/www.portalmantena.com.br\/novo\/wp-content\/uploads\/2018\/05\/minasfitmm-696x150.jpg 696w\" sizes=\"(max-width: 700px) 100vw, 700px\" \/><\/a><\/p>\n<p>&nbsp;<\/p>\n","protected":false},"excerpt":{"rendered":"<p>No \u00faltimo final de semana, policiais militares da 4\u00aa Companhia do 13\u00ba Batalh\u00e3o prenderam dois suspeitos e apreenderam uma arma de fogo em uma abordagem realizada em Barra Nova, munic\u00edpio de S\u00e3o Mateus. Os policiais receberam a informa\u00e7\u00e3o de que dois suspeitos de estarem envolvidos no tr\u00e1fico de drogas e roubo de ve\u00edculos, ocorridos na [&hellip;]<\/p>\n","protected":false},"author":1,"featured_media":54760,"comment_status":"open","ping_status":"open","sticky":false,"template":"","format":"standard","meta":[],"categories":[11,34],"tags":[],"_links":{"self":[{"href":"http:\/\/www.portalmantena.com.br\/novo\/index.php?rest_route=\/wp\/v2\/posts\/54759"}],"collection":[{"href":"http:\/\/www.portalmantena.com.br\/novo\/index.php?rest_route=\/wp\/v2\/posts"}],"about":[{"href":"http:\/\/www.portalmantena.com.br\/novo\/index.php?rest_route=\/wp\/v2\/types\/post"}],"author":[{"embeddable":true,"href":"http:\/\/www.portalmantena.com.br\/novo\/index.php?rest_route=\/wp\/v2\/users\/1"}],"replies":[{"embeddable":true,"href":"http:\/\/www.portalmantena.com.br\/novo\/index.php?rest_route=%2Fwp%2Fv2%2Fcomments&post=54759"}],"version-history":[{"count":1,"href":"http:\/\/www.portalmantena.com.br\/novo\/index.php?rest_route=\/wp\/v2\/posts\/54759\/revisions"}],"predecessor-version":[{"id":54761,"href":"http:\/\/www.portalmantena.com.br\/novo\/index.php?rest_route=\/wp\/v2\/posts\/54759\/revisions\/54761"}],"wp:featuredmedia":[{"embeddable":true,"href":"http:\/\/www.portalmantena.com.br\/novo\/index.php?rest_route=\/wp\/v2\/media\/54760"}],"wp:attachment":[{"href":"http:\/\/www.portalmantena.com.br\/novo\/index.php?rest_route=%2Fwp%2Fv2%2Fmedia&parent=54759"}],"wp:term":[{"taxonomy":"category","embeddable":true,"href":"http:\/\/www.portalmantena.com.br\/novo\/index.php?rest_route=%2Fwp%2Fv2%2Fcategories&post=54759"},{"taxonomy":"post_tag","embeddable":true,"href":"http:\/\/www.portalmantena.com.br\/novo\/index.php?rest_route=%2Fwp%2Fv2%2Ftags&post=54759"}],"curies":[{"name":"wp","href":"https:\/\/api.w.org\/{rel}","templated":true}]}}