{"id":54756,"date":"2019-10-24T06:55:03","date_gmt":"2019-10-24T08:55:03","guid":{"rendered":"http:\/\/www.portalmantena.com.br\/novo\/?p=54756"},"modified":"2019-10-23T16:57:09","modified_gmt":"2019-10-23T18:57:09","slug":"190-criancas-receberam-aula-de-educacao-ambiental","status":"publish","type":"post","link":"http:\/\/www.portalmantena.com.br\/novo\/?p=54756","title":{"rendered":"190 crian\u00e7as receberam aula de educa\u00e7\u00e3o ambiental"},"content":{"rendered":"<p><a href=\"http:\/\/www.portalmantena.com.br\/novo\/wp-content\/uploads\/2019\/10\/no231019ambiental.jpg\"><img loading=\"lazy\" class=\"alignnone size-full wp-image-54757\" src=\"http:\/\/www.portalmantena.com.br\/novo\/wp-content\/uploads\/2019\/10\/no231019ambiental.jpg\" alt=\"\" width=\"700\" height=\"450\" srcset=\"http:\/\/www.portalmantena.com.br\/novo\/wp-content\/uploads\/2019\/10\/no231019ambiental.jpg 700w, http:\/\/www.portalmantena.com.br\/novo\/wp-content\/uploads\/2019\/10\/no231019ambiental-300x193.jpg 300w, http:\/\/www.portalmantena.com.br\/novo\/wp-content\/uploads\/2019\/10\/no231019ambiental-696x447.jpg 696w, http:\/\/www.portalmantena.com.br\/novo\/wp-content\/uploads\/2019\/10\/no231019ambiental-653x420.jpg 653w\" sizes=\"(max-width: 700px) 100vw, 700px\" \/><\/a><\/p>\n<p><span style=\"font-size: 14pt;\">Nesta ter\u00e7a-feira (22), a equipe de Educa\u00e7\u00e3o Ambiental da 3\u00aa Companhia do Batalh\u00e3o de Pol\u00edcia Militar Ambiental (BPMA) realizou palestras e exposi\u00e7\u00e3o de animais taxidermizados no Centro de Educa\u00e7\u00e3o Infantil Idalina Maria Machado Fiel e no Centro de Educa\u00e7\u00e3o Infantil Maria Luisa Dias Pestana Santos, ambos localizados no munic\u00edpio de Nova Ven\u00e9cia. <\/span><\/p>\n<p><span style=\"font-size: 14pt;\">Ao todo foram atendidas 190 crian\u00e7as com faixa et\u00e1ria entre 1 e 5 anos. A soldado Rayane Batalha, bi\u00f3loga e educadora ambiental, explicou a fun\u00e7\u00e3o biol\u00f3gica de cada um dos animais, assim como a import\u00e2ncia deles para a qualidade de vida dos seres humanos. <\/span><\/p>\n<p><span style=\"font-size: 14pt;\">\u201cFoi discutida tamb\u00e9m a problem\u00e1tica do lixo, onde quem quer cuidar dos animais deve cuidar tamb\u00e9m do seu lixo\u201d, ressaltou a policial militar. (fonte\/foto:PM).<\/span><\/p>\n<p><a href=\"http:\/\/www.portalmantena.com.br\/novo\/\"><img loading=\"lazy\" class=\"alignnone size-full wp-image-37331\" src=\"http:\/\/www.portalmantena.com.br\/novo\/wp-content\/uploads\/2018\/05\/faixaportalnoticias5.jpg\" alt=\"\" width=\"700\" height=\"40\" srcset=\"http:\/\/www.portalmantena.com.br\/novo\/wp-content\/uploads\/2018\/05\/faixaportalnoticias5.jpg 700w, http:\/\/www.portalmantena.com.br\/novo\/wp-content\/uploads\/2018\/05\/faixaportalnoticias5-300x17.jpg 300w, http:\/\/www.portalmantena.com.br\/novo\/wp-content\/uploads\/2018\/05\/faixaportalnoticias5-696x40.jpg 696w\" sizes=\"(max-width: 700px) 100vw, 700px\" \/><\/a><\/p>\n<p><span style=\"font-size: 10pt;\">ESPA\u00c7O EMPRESARIAL<\/span><a href=\"https:\/\/www.facebook.com\/esteticistapatriciakarla?hc_ref=ARTRLla5NWzFR9As7pFhvjpUZM7NbqisWdJzWAYI0A3hB0_PPbvfdsWq2KrDLR_IF-8&amp;fref=nf\"><img loading=\"lazy\" class=\"alignnone size-full wp-image-34128\" src=\"http:\/\/www.portalmantena.com.br\/novo\/wp-content\/uploads\/2018\/05\/estetica010818.jpg\" alt=\"\" width=\"700\" height=\"150\" srcset=\"http:\/\/www.portalmantena.com.br\/novo\/wp-content\/uploads\/2018\/05\/estetica010818.jpg 700w, http:\/\/www.portalmantena.com.br\/novo\/wp-content\/uploads\/2018\/05\/estetica010818-300x64.jpg 300w, http:\/\/www.portalmantena.com.br\/novo\/wp-content\/uploads\/2018\/05\/estetica010818-696x150.jpg 696w\" sizes=\"(max-width: 700px) 100vw, 700px\" \/><\/a><\/p>\n","protected":false},"excerpt":{"rendered":"<p>Nesta ter\u00e7a-feira (22), a equipe de Educa\u00e7\u00e3o Ambiental da 3\u00aa Companhia do Batalh\u00e3o de Pol\u00edcia Militar Ambiental (BPMA) realizou palestras e exposi\u00e7\u00e3o de animais taxidermizados no Centro de Educa\u00e7\u00e3o Infantil Idalina Maria Machado Fiel e no Centro de Educa\u00e7\u00e3o Infantil Maria Luisa Dias Pestana Santos, ambos localizados no munic\u00edpio de Nova Ven\u00e9cia. Ao todo foram [&hellip;]<\/p>\n","protected":false},"author":1,"featured_media":54757,"comment_status":"open","ping_status":"open","sticky":false,"template":"","format":"standard","meta":[],"categories":[11,39],"tags":[],"_links":{"self":[{"href":"http:\/\/www.portalmantena.com.br\/novo\/index.php?rest_route=\/wp\/v2\/posts\/54756"}],"collection":[{"href":"http:\/\/www.portalmantena.com.br\/novo\/index.php?rest_route=\/wp\/v2\/posts"}],"about":[{"href":"http:\/\/www.portalmantena.com.br\/novo\/index.php?rest_route=\/wp\/v2\/types\/post"}],"author":[{"embeddable":true,"href":"http:\/\/www.portalmantena.com.br\/novo\/index.php?rest_route=\/wp\/v2\/users\/1"}],"replies":[{"embeddable":true,"href":"http:\/\/www.portalmantena.com.br\/novo\/index.php?rest_route=%2Fwp%2Fv2%2Fcomments&post=54756"}],"version-history":[{"count":1,"href":"http:\/\/www.portalmantena.com.br\/novo\/index.php?rest_route=\/wp\/v2\/posts\/54756\/revisions"}],"predecessor-version":[{"id":54758,"href":"http:\/\/www.portalmantena.com.br\/novo\/index.php?rest_route=\/wp\/v2\/posts\/54756\/revisions\/54758"}],"wp:featuredmedia":[{"embeddable":true,"href":"http:\/\/www.portalmantena.com.br\/novo\/index.php?rest_route=\/wp\/v2\/media\/54757"}],"wp:attachment":[{"href":"http:\/\/www.portalmantena.com.br\/novo\/index.php?rest_route=%2Fwp%2Fv2%2Fmedia&parent=54756"}],"wp:term":[{"taxonomy":"category","embeddable":true,"href":"http:\/\/www.portalmantena.com.br\/novo\/index.php?rest_route=%2Fwp%2Fv2%2Fcategories&post=54756"},{"taxonomy":"post_tag","embeddable":true,"href":"http:\/\/www.portalmantena.com.br\/novo\/index.php?rest_route=%2Fwp%2Fv2%2Ftags&post=54756"}],"curies":[{"name":"wp","href":"https:\/\/api.w.org\/{rel}","templated":true}]}}