{"id":54735,"date":"2019-10-23T16:15:10","date_gmt":"2019-10-23T18:15:10","guid":{"rendered":"http:\/\/www.portalmantena.com.br\/novo\/?p=54735"},"modified":"2019-10-23T16:15:10","modified_gmt":"2019-10-23T18:15:10","slug":"mantena-carreta-entra-na-contra-mao-e-mata-ciclista","status":"publish","type":"post","link":"http:\/\/www.portalmantena.com.br\/novo\/?p=54735","title":{"rendered":"Mantena: Carreta entra na contra-m\u00e3o e mata ciclista"},"content":{"rendered":"<p><a href=\"http:\/\/www.portalmantena.com.br\/novo\/wp-content\/uploads\/2019\/10\/no231019aci2.jpg\"><img loading=\"lazy\" class=\"alignnone size-full wp-image-54737\" src=\"http:\/\/www.portalmantena.com.br\/novo\/wp-content\/uploads\/2019\/10\/no231019aci2.jpg\" alt=\"\" width=\"700\" height=\"450\" srcset=\"http:\/\/www.portalmantena.com.br\/novo\/wp-content\/uploads\/2019\/10\/no231019aci2.jpg 700w, http:\/\/www.portalmantena.com.br\/novo\/wp-content\/uploads\/2019\/10\/no231019aci2-300x193.jpg 300w, http:\/\/www.portalmantena.com.br\/novo\/wp-content\/uploads\/2019\/10\/no231019aci2-696x447.jpg 696w, http:\/\/www.portalmantena.com.br\/novo\/wp-content\/uploads\/2019\/10\/no231019aci2-653x420.jpg 653w\" sizes=\"(max-width: 700px) 100vw, 700px\" \/><\/a><\/p>\n<p><span style=\"font-size: 14pt;\">Um tr\u00e1gico acidente de tr\u00e2nsito foi registrado em Mantena na noite desta ter\u00e7a-feira (22), por volta das 19h10\u2019 tirando a vida do Sr. Valtinho Hilita de Souza, de 64 anos, funcion\u00e1rio da camisaria By Hare no bairro Vila Nova. <\/span><\/p>\n<p><span style=\"font-size: 14pt;\">Segundo informa\u00e7\u00f5es, o condutor de uma carreta seguia de Governador Valadares\/MG, sentido a Boa Esperan\u00e7a\/ES, quando ao chegar na pracinha de Vila Nova, acabou errando a entrada que contorna o jardim, entrando \u00e0 direita por\u00e9m na contra-m\u00e3o de dire\u00e7\u00e3o.<\/span><\/p>\n<p><span style=\"font-size: 14pt;\"> De acordo com relatos, o motorista teria parado para perguntar qual era o sentido de Boa Esperan\u00e7a, quando ent\u00e3o arrancou com o ve\u00edculo e n\u00e3o percebeu que o ciclista j\u00e1 estava \u00e0 sua frente, fora do seu raio de vis\u00e3o. Ao tentar atravessar a via, o ciclista foi atingido pela carreta, caindo e vindo a \u00f3bito no local, ficando debaixo dos pneus traseiros.<\/span><\/p>\n<p><span style=\"font-size: 14pt;\"> A bicicleta, uma Monark vermelha apresentava danos apenas no guidom, no entanto os ferimentos de Valtinho foram graves e ele n\u00e3o resistiu. Populares que passavam pelo local, chegaram a presenciar o acidente, gritaram com o motorista, mas n\u00e3o adiantou, o ciclista j\u00e1 havia sido atropelado. <\/span><\/p>\n<p><span style=\"font-size: 14pt;\">A pol\u00edcia militar foi acionada, isolou a \u00e1rea e retirou o motorista da carreta (com placas de Santa Catarina), para realizar o teste do baf\u00f4metro, o qual n\u00e3o apresentou sinais de ter ingerido bebida alco\u00f3lica. <\/span><\/p>\n<p><span style=\"font-size: 14pt;\">Rapidamente as imagens do acidente circularam pelas redes sociais, provocando como\u00e7\u00e3o, levando muitos mantenenses a comparecerem no local. <\/span><\/p>\n<p><span style=\"font-size: 14pt;\">A v\u00edtima Sr. Valtinho era muito querido na comunidade, e de acordo com pessoas mais pr\u00f3ximas ele era um homem trabalhador, e iria se aposentar j\u00e1 no pr\u00f3ximo ano. O IML de Governador Valadares foi acionado para recolher o corpo para per\u00edcia.<\/span><\/p>\n<p><a href=\"http:\/\/www.portalmantena.com.br\/novo\/wp-content\/uploads\/2019\/10\/no231019aci1.jpg\"><img loading=\"lazy\" class=\"alignnone size-full wp-image-54736\" src=\"http:\/\/www.portalmantena.com.br\/novo\/wp-content\/uploads\/2019\/10\/no231019aci1.jpg\" alt=\"\" width=\"700\" height=\"450\" srcset=\"http:\/\/www.portalmantena.com.br\/novo\/wp-content\/uploads\/2019\/10\/no231019aci1.jpg 700w, http:\/\/www.portalmantena.com.br\/novo\/wp-content\/uploads\/2019\/10\/no231019aci1-300x193.jpg 300w, http:\/\/www.portalmantena.com.br\/novo\/wp-content\/uploads\/2019\/10\/no231019aci1-696x447.jpg 696w, http:\/\/www.portalmantena.com.br\/novo\/wp-content\/uploads\/2019\/10\/no231019aci1-653x420.jpg 653w\" sizes=\"(max-width: 700px) 100vw, 700px\" \/><\/a><a href=\"http:\/\/www.portalmantena.com.br\/novo\/wp-content\/uploads\/2019\/10\/no231019aci3.jpg\"><img loading=\"lazy\" class=\"alignnone size-full wp-image-54738\" src=\"http:\/\/www.portalmantena.com.br\/novo\/wp-content\/uploads\/2019\/10\/no231019aci3.jpg\" alt=\"\" width=\"700\" height=\"450\" srcset=\"http:\/\/www.portalmantena.com.br\/novo\/wp-content\/uploads\/2019\/10\/no231019aci3.jpg 700w, http:\/\/www.portalmantena.com.br\/novo\/wp-content\/uploads\/2019\/10\/no231019aci3-300x193.jpg 300w, http:\/\/www.portalmantena.com.br\/novo\/wp-content\/uploads\/2019\/10\/no231019aci3-696x447.jpg 696w, http:\/\/www.portalmantena.com.br\/novo\/wp-content\/uploads\/2019\/10\/no231019aci3-653x420.jpg 653w\" sizes=\"(max-width: 700px) 100vw, 700px\" \/><\/a> <a href=\"http:\/\/www.portalmantena.com.br\/novo\/wp-content\/uploads\/2019\/10\/no231019aci4.jpg\"><img loading=\"lazy\" class=\"alignnone size-full wp-image-54739\" src=\"http:\/\/www.portalmantena.com.br\/novo\/wp-content\/uploads\/2019\/10\/no231019aci4.jpg\" alt=\"\" width=\"700\" height=\"450\" srcset=\"http:\/\/www.portalmantena.com.br\/novo\/wp-content\/uploads\/2019\/10\/no231019aci4.jpg 700w, http:\/\/www.portalmantena.com.br\/novo\/wp-content\/uploads\/2019\/10\/no231019aci4-300x193.jpg 300w, http:\/\/www.portalmantena.com.br\/novo\/wp-content\/uploads\/2019\/10\/no231019aci4-696x447.jpg 696w, http:\/\/www.portalmantena.com.br\/novo\/wp-content\/uploads\/2019\/10\/no231019aci4-653x420.jpg 653w\" sizes=\"(max-width: 700px) 100vw, 700px\" \/><\/a> <a href=\"http:\/\/www.portalmantena.com.br\/novo\/wp-content\/uploads\/2019\/10\/no231019aci5.jpg\"><img loading=\"lazy\" class=\"alignnone size-full wp-image-54740\" src=\"http:\/\/www.portalmantena.com.br\/novo\/wp-content\/uploads\/2019\/10\/no231019aci5.jpg\" alt=\"\" width=\"700\" height=\"450\" srcset=\"http:\/\/www.portalmantena.com.br\/novo\/wp-content\/uploads\/2019\/10\/no231019aci5.jpg 700w, http:\/\/www.portalmantena.com.br\/novo\/wp-content\/uploads\/2019\/10\/no231019aci5-300x193.jpg 300w, http:\/\/www.portalmantena.com.br\/novo\/wp-content\/uploads\/2019\/10\/no231019aci5-696x447.jpg 696w, http:\/\/www.portalmantena.com.br\/novo\/wp-content\/uploads\/2019\/10\/no231019aci5-653x420.jpg 653w\" sizes=\"(max-width: 700px) 100vw, 700px\" \/><\/a> <a href=\"http:\/\/www.portalmantena.com.br\/novo\/wp-content\/uploads\/2019\/10\/no231019aci6.jpg\"><img loading=\"lazy\" class=\"alignnone size-full wp-image-54741\" src=\"http:\/\/www.portalmantena.com.br\/novo\/wp-content\/uploads\/2019\/10\/no231019aci6.jpg\" alt=\"\" width=\"700\" height=\"450\" srcset=\"http:\/\/www.portalmantena.com.br\/novo\/wp-content\/uploads\/2019\/10\/no231019aci6.jpg 700w, http:\/\/www.portalmantena.com.br\/novo\/wp-content\/uploads\/2019\/10\/no231019aci6-300x193.jpg 300w, http:\/\/www.portalmantena.com.br\/novo\/wp-content\/uploads\/2019\/10\/no231019aci6-696x447.jpg 696w, http:\/\/www.portalmantena.com.br\/novo\/wp-content\/uploads\/2019\/10\/no231019aci6-653x420.jpg 653w\" sizes=\"(max-width: 700px) 100vw, 700px\" \/><\/a> <a href=\"http:\/\/www.portalmantena.com.br\/novo\/wp-content\/uploads\/2019\/10\/no231019aci7.jpg\"><img loading=\"lazy\" class=\"alignnone size-full wp-image-54742\" src=\"http:\/\/www.portalmantena.com.br\/novo\/wp-content\/uploads\/2019\/10\/no231019aci7.jpg\" alt=\"\" width=\"700\" height=\"450\" srcset=\"http:\/\/www.portalmantena.com.br\/novo\/wp-content\/uploads\/2019\/10\/no231019aci7.jpg 700w, http:\/\/www.portalmantena.com.br\/novo\/wp-content\/uploads\/2019\/10\/no231019aci7-300x193.jpg 300w, http:\/\/www.portalmantena.com.br\/novo\/wp-content\/uploads\/2019\/10\/no231019aci7-696x447.jpg 696w, http:\/\/www.portalmantena.com.br\/novo\/wp-content\/uploads\/2019\/10\/no231019aci7-653x420.jpg 653w\" sizes=\"(max-width: 700px) 100vw, 700px\" \/><\/a><a href=\"http:\/\/www.portalmantena.com.br\/novo\/\"><img loading=\"lazy\" class=\"alignnone size-full wp-image-37331\" src=\"http:\/\/www.portalmantena.com.br\/novo\/wp-content\/uploads\/2018\/05\/faixaportalnoticias5.jpg\" alt=\"\" width=\"700\" height=\"40\" srcset=\"http:\/\/www.portalmantena.com.br\/novo\/wp-content\/uploads\/2018\/05\/faixaportalnoticias5.jpg 700w, http:\/\/www.portalmantena.com.br\/novo\/wp-content\/uploads\/2018\/05\/faixaportalnoticias5-300x17.jpg 300w, http:\/\/www.portalmantena.com.br\/novo\/wp-content\/uploads\/2018\/05\/faixaportalnoticias5-696x40.jpg 696w\" sizes=\"(max-width: 700px) 100vw, 700px\" \/><\/a><\/p>\n<p><span style=\"font-size: 10pt;\">ESPA\u00c7O EMPRESARIAL<\/span><a href=\"http:\/\/www.portalmantena.com.br\/novo\/wp-content\/uploads\/2018\/05\/siqueirabpp.jpg\"><img loading=\"lazy\" class=\"alignnone size-full wp-image-54307\" src=\"http:\/\/www.portalmantena.com.br\/novo\/wp-content\/uploads\/2018\/05\/siqueirabpp.jpg\" alt=\"\" width=\"700\" height=\"150\" srcset=\"http:\/\/www.portalmantena.com.br\/novo\/wp-content\/uploads\/2018\/05\/siqueirabpp.jpg 700w, http:\/\/www.portalmantena.com.br\/novo\/wp-content\/uploads\/2018\/05\/siqueirabpp-300x64.jpg 300w, http:\/\/www.portalmantena.com.br\/novo\/wp-content\/uploads\/2018\/05\/siqueirabpp-696x150.jpg 696w\" sizes=\"(max-width: 700px) 100vw, 700px\" \/><\/a><\/p>\n","protected":false},"excerpt":{"rendered":"<p>Um tr\u00e1gico acidente de tr\u00e2nsito foi registrado em Mantena na noite desta ter\u00e7a-feira (22), por volta das 19h10\u2019 tirando a vida do Sr. Valtinho Hilita de Souza, de 64 anos, funcion\u00e1rio da camisaria By Hare no bairro Vila Nova. Segundo informa\u00e7\u00f5es, o condutor de uma carreta seguia de Governador Valadares\/MG, sentido a Boa Esperan\u00e7a\/ES, quando [&hellip;]<\/p>\n","protected":false},"author":1,"featured_media":54737,"comment_status":"open","ping_status":"open","sticky":false,"template":"","format":"standard","meta":[],"categories":[36,12],"tags":[],"_links":{"self":[{"href":"http:\/\/www.portalmantena.com.br\/novo\/index.php?rest_route=\/wp\/v2\/posts\/54735"}],"collection":[{"href":"http:\/\/www.portalmantena.com.br\/novo\/index.php?rest_route=\/wp\/v2\/posts"}],"about":[{"href":"http:\/\/www.portalmantena.com.br\/novo\/index.php?rest_route=\/wp\/v2\/types\/post"}],"author":[{"embeddable":true,"href":"http:\/\/www.portalmantena.com.br\/novo\/index.php?rest_route=\/wp\/v2\/users\/1"}],"replies":[{"embeddable":true,"href":"http:\/\/www.portalmantena.com.br\/novo\/index.php?rest_route=%2Fwp%2Fv2%2Fcomments&post=54735"}],"version-history":[{"count":1,"href":"http:\/\/www.portalmantena.com.br\/novo\/index.php?rest_route=\/wp\/v2\/posts\/54735\/revisions"}],"predecessor-version":[{"id":54743,"href":"http:\/\/www.portalmantena.com.br\/novo\/index.php?rest_route=\/wp\/v2\/posts\/54735\/revisions\/54743"}],"wp:featuredmedia":[{"embeddable":true,"href":"http:\/\/www.portalmantena.com.br\/novo\/index.php?rest_route=\/wp\/v2\/media\/54737"}],"wp:attachment":[{"href":"http:\/\/www.portalmantena.com.br\/novo\/index.php?rest_route=%2Fwp%2Fv2%2Fmedia&parent=54735"}],"wp:term":[{"taxonomy":"category","embeddable":true,"href":"http:\/\/www.portalmantena.com.br\/novo\/index.php?rest_route=%2Fwp%2Fv2%2Fcategories&post=54735"},{"taxonomy":"post_tag","embeddable":true,"href":"http:\/\/www.portalmantena.com.br\/novo\/index.php?rest_route=%2Fwp%2Fv2%2Ftags&post=54735"}],"curies":[{"name":"wp","href":"https:\/\/api.w.org\/{rel}","templated":true}]}}