{"id":54428,"date":"2019-10-16T03:57:11","date_gmt":"2019-10-16T06:57:11","guid":{"rendered":"http:\/\/www.portalmantena.com.br\/novo\/?p=54428"},"modified":"2019-10-15T11:03:27","modified_gmt":"2019-10-15T14:03:27","slug":"educacao-ambiental-sendo-levada-as-criancas","status":"publish","type":"post","link":"http:\/\/www.portalmantena.com.br\/novo\/?p=54428","title":{"rendered":"Educa\u00e7\u00e3o Ambiental sendo levada \u00e0s Crian\u00e7as"},"content":{"rendered":"<p><a href=\"http:\/\/www.portalmantena.com.br\/novo\/wp-content\/uploads\/2019\/10\/no151019ambiental.jpg\"><img loading=\"lazy\" class=\"alignnone size-full wp-image-54429\" src=\"http:\/\/www.portalmantena.com.br\/novo\/wp-content\/uploads\/2019\/10\/no151019ambiental.jpg\" alt=\"\" width=\"700\" height=\"450\" srcset=\"http:\/\/www.portalmantena.com.br\/novo\/wp-content\/uploads\/2019\/10\/no151019ambiental.jpg 700w, http:\/\/www.portalmantena.com.br\/novo\/wp-content\/uploads\/2019\/10\/no151019ambiental-300x193.jpg 300w, http:\/\/www.portalmantena.com.br\/novo\/wp-content\/uploads\/2019\/10\/no151019ambiental-696x447.jpg 696w, http:\/\/www.portalmantena.com.br\/novo\/wp-content\/uploads\/2019\/10\/no151019ambiental-653x420.jpg 653w\" sizes=\"(max-width: 700px) 100vw, 700px\" \/><\/a><\/p>\n<p><span style=\"font-size: 14pt;\">Neste s\u00e1bado (12), em comemora\u00e7\u00e3o ao dia das crian\u00e7as, a Equipe de Educa\u00e7\u00e3o Ambiental da Terceira Companhia do Batalh\u00e3o de Pol\u00edcia Militar Ambiental, realizou palestras e exposi\u00e7\u00e3o de animais taxidermizados no Centro de Educa\u00e7\u00e3o Infantil Municipal Crian\u00e7a Feliz, no distrito de Nestor Gomes, em S\u00e3o Mateus. <\/span><\/p>\n<p><span style=\"font-size: 14pt;\">Na escola, foi exposto para 176 alunos de 02 \u00e0 05 anos os animais taxidermizados da fauna silvestre brasileira que existem na regi\u00e3o e foi explicada a import\u00e2ncia deles para a qualidade de vida dos seres humanos. <\/span><\/p>\n<p><span style=\"font-size: 14pt;\">No norte do Esp\u00edrito Santo, a 3\u00aa Cia do Batalh\u00e3o de Policia Militar Ambiental est\u00e1 aberta a solicita\u00e7\u00f5es por parte de ONGs, Projetos Sociais e Institui\u00e7\u00f5es de Ensino durante todo o decorrer do ano para realizar PALESTRAS E EXPOSI\u00c7\u00d5ES DE EDUCA\u00c7\u00c3O AMBIENTAL, que devem ser agendadas atrav\u00e9s do e-mail:\u00a0<a href=\"mailto:policia.ambiental.sm@gmail.com\"><strong>policia.ambiental.sm@gmail.com<\/strong><\/a>\u00a0ou pelo telefone: (27) 3767-7611. (fonte\/foto:PM).<\/span><\/p>\n<p><a href=\"http:\/\/www.portalmantena.com.br\/novo\/\"><img loading=\"lazy\" class=\"alignnone size-full wp-image-37331\" src=\"http:\/\/www.portalmantena.com.br\/novo\/wp-content\/uploads\/2018\/05\/faixaportalnoticias5.jpg\" alt=\"\" width=\"700\" height=\"40\" srcset=\"http:\/\/www.portalmantena.com.br\/novo\/wp-content\/uploads\/2018\/05\/faixaportalnoticias5.jpg 700w, http:\/\/www.portalmantena.com.br\/novo\/wp-content\/uploads\/2018\/05\/faixaportalnoticias5-300x17.jpg 300w, http:\/\/www.portalmantena.com.br\/novo\/wp-content\/uploads\/2018\/05\/faixaportalnoticias5-696x40.jpg 696w\" sizes=\"(max-width: 700px) 100vw, 700px\" \/><\/a><\/p>\n<p><span style=\"font-size: 10pt;\">ESPA\u00c7O EMPRESARIAL<\/span><a href=\"https:\/\/www.facebook.com\/Tekol-Basic-1148561818529027\/\"><img loading=\"lazy\" class=\"alignnone size-full wp-image-51795\" src=\"http:\/\/www.portalmantena.com.br\/novo\/wp-content\/uploads\/2018\/05\/tekol200819.jpg\" alt=\"\" width=\"700\" height=\"150\" srcset=\"http:\/\/www.portalmantena.com.br\/novo\/wp-content\/uploads\/2018\/05\/tekol200819.jpg 700w, http:\/\/www.portalmantena.com.br\/novo\/wp-content\/uploads\/2018\/05\/tekol200819-300x64.jpg 300w, http:\/\/www.portalmantena.com.br\/novo\/wp-content\/uploads\/2018\/05\/tekol200819-696x150.jpg 696w\" sizes=\"(max-width: 700px) 100vw, 700px\" \/><\/a><\/p>\n","protected":false},"excerpt":{"rendered":"<p>Neste s\u00e1bado (12), em comemora\u00e7\u00e3o ao dia das crian\u00e7as, a Equipe de Educa\u00e7\u00e3o Ambiental da Terceira Companhia do Batalh\u00e3o de Pol\u00edcia Militar Ambiental, realizou palestras e exposi\u00e7\u00e3o de animais taxidermizados no Centro de Educa\u00e7\u00e3o Infantil Municipal Crian\u00e7a Feliz, no distrito de Nestor Gomes, em S\u00e3o Mateus. Na escola, foi exposto para 176 alunos de 02 [&hellip;]<\/p>\n","protected":false},"author":1,"featured_media":54429,"comment_status":"open","ping_status":"open","sticky":false,"template":"","format":"standard","meta":[],"categories":[11,39],"tags":[],"_links":{"self":[{"href":"http:\/\/www.portalmantena.com.br\/novo\/index.php?rest_route=\/wp\/v2\/posts\/54428"}],"collection":[{"href":"http:\/\/www.portalmantena.com.br\/novo\/index.php?rest_route=\/wp\/v2\/posts"}],"about":[{"href":"http:\/\/www.portalmantena.com.br\/novo\/index.php?rest_route=\/wp\/v2\/types\/post"}],"author":[{"embeddable":true,"href":"http:\/\/www.portalmantena.com.br\/novo\/index.php?rest_route=\/wp\/v2\/users\/1"}],"replies":[{"embeddable":true,"href":"http:\/\/www.portalmantena.com.br\/novo\/index.php?rest_route=%2Fwp%2Fv2%2Fcomments&post=54428"}],"version-history":[{"count":1,"href":"http:\/\/www.portalmantena.com.br\/novo\/index.php?rest_route=\/wp\/v2\/posts\/54428\/revisions"}],"predecessor-version":[{"id":54430,"href":"http:\/\/www.portalmantena.com.br\/novo\/index.php?rest_route=\/wp\/v2\/posts\/54428\/revisions\/54430"}],"wp:featuredmedia":[{"embeddable":true,"href":"http:\/\/www.portalmantena.com.br\/novo\/index.php?rest_route=\/wp\/v2\/media\/54429"}],"wp:attachment":[{"href":"http:\/\/www.portalmantena.com.br\/novo\/index.php?rest_route=%2Fwp%2Fv2%2Fmedia&parent=54428"}],"wp:term":[{"taxonomy":"category","embeddable":true,"href":"http:\/\/www.portalmantena.com.br\/novo\/index.php?rest_route=%2Fwp%2Fv2%2Fcategories&post=54428"},{"taxonomy":"post_tag","embeddable":true,"href":"http:\/\/www.portalmantena.com.br\/novo\/index.php?rest_route=%2Fwp%2Fv2%2Ftags&post=54428"}],"curies":[{"name":"wp","href":"https:\/\/api.w.org\/{rel}","templated":true}]}}