{"id":54323,"date":"2019-10-17T23:42:01","date_gmt":"2019-10-18T02:42:01","guid":{"rendered":"http:\/\/www.portalmantena.com.br\/novo\/?p=54323"},"modified":"2019-10-17T14:04:23","modified_gmt":"2019-10-17T17:04:23","slug":"mantena-dia-19-oab-na-praca-populacao-tirando-duvidas","status":"publish","type":"post","link":"http:\/\/www.portalmantena.com.br\/novo\/?p=54323","title":{"rendered":"Mantena: Neste s\u00e1bado tem \u201cOAB na Pra\u00e7a\u201d, tirando d\u00favidas"},"content":{"rendered":"<p><a href=\"http:\/\/www.portalmantena.com.br\/novo\/wp-content\/uploads\/2019\/10\/no141019oab.jpg\"><img loading=\"lazy\" class=\"alignnone size-full wp-image-54324\" src=\"http:\/\/www.portalmantena.com.br\/novo\/wp-content\/uploads\/2019\/10\/no141019oab.jpg\" alt=\"\" width=\"700\" height=\"450\" srcset=\"http:\/\/www.portalmantena.com.br\/novo\/wp-content\/uploads\/2019\/10\/no141019oab.jpg 700w, http:\/\/www.portalmantena.com.br\/novo\/wp-content\/uploads\/2019\/10\/no141019oab-300x193.jpg 300w, http:\/\/www.portalmantena.com.br\/novo\/wp-content\/uploads\/2019\/10\/no141019oab-696x447.jpg 696w, http:\/\/www.portalmantena.com.br\/novo\/wp-content\/uploads\/2019\/10\/no141019oab-653x420.jpg 653w\" sizes=\"(max-width: 700px) 100vw, 700px\" \/><\/a><\/p>\n<p><span style=\"font-size: 14pt;\">No pr\u00f3ximo s\u00e1bado, 19 de Outubro, ser\u00e1 realizado o primeiro Encontro do Projeto \u201cOAB na Pra\u00e7a\u201d, da 59\u00aa Subse\u00e7\u00e3o da OAB Mantena, que congrega as comiss\u00f5es tem\u00e1ticas e toda a Advocacia. <\/span><\/p>\n<p><span style=\"font-size: 14pt;\">O lan\u00e7amento estar\u00e1 a cargo da Diretoria da OAB Mantena, com a participa\u00e7\u00e3o de v\u00e1rios advogados, que estar\u00e3o reunidos na Pra\u00e7a Fernandes Filho (pra\u00e7a da Matriz), das 9 \u00e0s 12 horas. O atendimento ser\u00e1 por cadastramento feito no local e por ordem de chegada, e ser\u00e1 gratuito. <\/span><\/p>\n<p><span style=\"font-size: 14pt;\">A popula\u00e7\u00e3o poder\u00e1 tirar d\u00favidas sobre direito previdenci\u00e1rio, c\u00edvel, consumidor, trabalho e criminal. De acordo com a presidente da OAB Mantena, a advogada Dra. Alina Vieira, a a\u00e7\u00e3o social visa mostrar a import\u00e2ncia das comiss\u00f5es da OAB Mantena para a classe e para a sociedade. <\/span><\/p>\n<p><span style=\"font-size: 14pt;\">Para ela, \u00e9 um momento de aproximar a advocacia da popula\u00e7\u00e3o. \u201cA iniciativa pretende demonstrar o papel do advogado, que representa e atende o cidad\u00e3o nas mais variadas situa\u00e7\u00f5es. Convidamos todos os advogados para participarem e a popula\u00e7\u00e3o para que visite e tire suas d\u00favidas em nossas tendas que estar\u00e3o montadas na pra\u00e7a\u201d, concluiu.<\/span><\/p>\n<p><a href=\"http:\/\/www.portalmantena.com.br\/novo\/\"><img loading=\"lazy\" class=\"alignnone size-full wp-image-37331\" src=\"http:\/\/www.portalmantena.com.br\/novo\/wp-content\/uploads\/2018\/05\/faixaportalnoticias5.jpg\" alt=\"\" width=\"700\" height=\"40\" srcset=\"http:\/\/www.portalmantena.com.br\/novo\/wp-content\/uploads\/2018\/05\/faixaportalnoticias5.jpg 700w, http:\/\/www.portalmantena.com.br\/novo\/wp-content\/uploads\/2018\/05\/faixaportalnoticias5-300x17.jpg 300w, http:\/\/www.portalmantena.com.br\/novo\/wp-content\/uploads\/2018\/05\/faixaportalnoticias5-696x40.jpg 696w\" sizes=\"(max-width: 700px) 100vw, 700px\" \/><\/a><\/p>\n<p><span style=\"font-size: 10pt;\">ESPA\u00c7O EMPRESARIAL<\/span><a href=\"http:\/\/www.portalmantena.com.br\/novo\/wp-content\/uploads\/2018\/05\/siqueirabpp.jpg\"><img loading=\"lazy\" class=\"alignnone size-full wp-image-54307\" src=\"http:\/\/www.portalmantena.com.br\/novo\/wp-content\/uploads\/2018\/05\/siqueirabpp.jpg\" alt=\"\" width=\"700\" height=\"150\" srcset=\"http:\/\/www.portalmantena.com.br\/novo\/wp-content\/uploads\/2018\/05\/siqueirabpp.jpg 700w, http:\/\/www.portalmantena.com.br\/novo\/wp-content\/uploads\/2018\/05\/siqueirabpp-300x64.jpg 300w, http:\/\/www.portalmantena.com.br\/novo\/wp-content\/uploads\/2018\/05\/siqueirabpp-696x150.jpg 696w\" sizes=\"(max-width: 700px) 100vw, 700px\" \/><\/a><\/p>\n","protected":false},"excerpt":{"rendered":"<p>No pr\u00f3ximo s\u00e1bado, 19 de Outubro, ser\u00e1 realizado o primeiro Encontro do Projeto \u201cOAB na Pra\u00e7a\u201d, da 59\u00aa Subse\u00e7\u00e3o da OAB Mantena, que congrega as comiss\u00f5es tem\u00e1ticas e toda a Advocacia. O lan\u00e7amento estar\u00e1 a cargo da Diretoria da OAB Mantena, com a participa\u00e7\u00e3o de v\u00e1rios advogados, que estar\u00e3o reunidos na Pra\u00e7a Fernandes Filho (pra\u00e7a [&hellip;]<\/p>\n","protected":false},"author":1,"featured_media":54324,"comment_status":"open","ping_status":"open","sticky":false,"template":"","format":"standard","meta":[],"categories":[36,11],"tags":[],"_links":{"self":[{"href":"http:\/\/www.portalmantena.com.br\/novo\/index.php?rest_route=\/wp\/v2\/posts\/54323"}],"collection":[{"href":"http:\/\/www.portalmantena.com.br\/novo\/index.php?rest_route=\/wp\/v2\/posts"}],"about":[{"href":"http:\/\/www.portalmantena.com.br\/novo\/index.php?rest_route=\/wp\/v2\/types\/post"}],"author":[{"embeddable":true,"href":"http:\/\/www.portalmantena.com.br\/novo\/index.php?rest_route=\/wp\/v2\/users\/1"}],"replies":[{"embeddable":true,"href":"http:\/\/www.portalmantena.com.br\/novo\/index.php?rest_route=%2Fwp%2Fv2%2Fcomments&post=54323"}],"version-history":[{"count":2,"href":"http:\/\/www.portalmantena.com.br\/novo\/index.php?rest_route=\/wp\/v2\/posts\/54323\/revisions"}],"predecessor-version":[{"id":54566,"href":"http:\/\/www.portalmantena.com.br\/novo\/index.php?rest_route=\/wp\/v2\/posts\/54323\/revisions\/54566"}],"wp:featuredmedia":[{"embeddable":true,"href":"http:\/\/www.portalmantena.com.br\/novo\/index.php?rest_route=\/wp\/v2\/media\/54324"}],"wp:attachment":[{"href":"http:\/\/www.portalmantena.com.br\/novo\/index.php?rest_route=%2Fwp%2Fv2%2Fmedia&parent=54323"}],"wp:term":[{"taxonomy":"category","embeddable":true,"href":"http:\/\/www.portalmantena.com.br\/novo\/index.php?rest_route=%2Fwp%2Fv2%2Fcategories&post=54323"},{"taxonomy":"post_tag","embeddable":true,"href":"http:\/\/www.portalmantena.com.br\/novo\/index.php?rest_route=%2Fwp%2Fv2%2Ftags&post=54323"}],"curies":[{"name":"wp","href":"https:\/\/api.w.org\/{rel}","templated":true}]}}