{"id":54135,"date":"2019-10-09T10:40:43","date_gmt":"2019-10-09T13:40:43","guid":{"rendered":"http:\/\/www.portalmantena.com.br\/novo\/?p=54135"},"modified":"2019-10-11T13:35:00","modified_gmt":"2019-10-11T16:35:00","slug":"mantena-aniversario-revertido-em-brinquedo-para-as-criancas","status":"publish","type":"post","link":"http:\/\/www.portalmantena.com.br\/novo\/?p=54135","title":{"rendered":"Mantena: Anivers\u00e1rio revertido em brinquedos para as Crian\u00e7as"},"content":{"rendered":"<p><a href=\"http:\/\/www.portalmantena.com.br\/novo\/wp-content\/uploads\/2019\/10\/vi091019niver4.jpg\"><img loading=\"lazy\" class=\"alignnone size-full wp-image-54139\" src=\"http:\/\/www.portalmantena.com.br\/novo\/wp-content\/uploads\/2019\/10\/vi091019niver4.jpg\" alt=\"\" width=\"700\" height=\"450\" srcset=\"http:\/\/www.portalmantena.com.br\/novo\/wp-content\/uploads\/2019\/10\/vi091019niver4.jpg 700w, http:\/\/www.portalmantena.com.br\/novo\/wp-content\/uploads\/2019\/10\/vi091019niver4-300x193.jpg 300w, http:\/\/www.portalmantena.com.br\/novo\/wp-content\/uploads\/2019\/10\/vi091019niver4-696x447.jpg 696w, http:\/\/www.portalmantena.com.br\/novo\/wp-content\/uploads\/2019\/10\/vi091019niver4-653x420.jpg 653w\" sizes=\"(max-width: 700px) 100vw, 700px\" \/><\/a><\/p>\n<p><span style=\"font-size: 14pt;\">Uma a\u00e7\u00e3o mais que especial e gratificante realizada na capital Belo Horizonte, beneficiou crian\u00e7as em Mantena. <\/span><\/p>\n<p><span style=\"font-size: 14pt;\">Olha s\u00f3 que bacana e um bom exemplo a ser seguido, o mantenense ausente Francisco de Assis Fernandes Pereira, na comemora\u00e7\u00e3o de seu anivers\u00e1rio de 60 anos em Outubro de 2018, na \u00e9poca fez um pedido aos amigos e convidados de sua festa, que gostaria de ganhar presentes (Brinquedos), que seriam destinados \u00e0 crian\u00e7as no m\u00eas de Outubro do ano seguinte, ou seja 2019. <\/span><\/p>\n<p><span style=\"font-size: 14pt;\">E nesta abertura da Semana das Crian\u00e7as, a entrega destes brinquedos arrecadados em Belo Horizonte, beneficiou uma creche em Mantena, a Creche Casulo que reuniu seus alunos para este momento de pura alegria e felicidade tanto por parte das crian\u00e7as quanto por parte das representantes do doador Francisco, suas irm\u00e3s Gorette, Aguida e a amiga R\u00fabia. <\/span><\/p>\n<p><span style=\"font-size: 14pt;\">Foram momentos especiais e emocionantes onde no olhar das crian\u00e7as era poss\u00edvel ver os efeitos deste momento extraordin\u00e1rio, imaginem s\u00f3 a gratid\u00e3o pela realiza\u00e7\u00e3o deste sonho. <\/span><\/p>\n<p><span style=\"font-size: 14pt;\">Realmente um exemplo a ser seguido, compartilhando um pouco do que recebemos com o pr\u00f3ximo e principalmente crian\u00e7as.<\/span><\/p>\n<p><span style=\"font-size: 14pt;\"><strong>Aproveitamos para parabenizar o Aniversariante desta quarta-feira dia 09 de Outubro, o mantenense Ausente\u00a0Francisco de Assis Fernandes Pereira. Desejando muita sa\u00fade, paz e felicidades por mais este ano de vida, gratos por a\u00e7\u00f5es como esta de doar brinquedos \u00e0s crian\u00e7as e fazer o bem ao pr\u00f3ximo.<\/strong><\/span><\/p>\n<p><a href=\"http:\/\/www.portalmantena.com.br\/novo\/wp-content\/uploads\/2019\/10\/vi091019niver10.jpg\"><img loading=\"lazy\" class=\"alignnone size-full wp-image-54145\" src=\"http:\/\/www.portalmantena.com.br\/novo\/wp-content\/uploads\/2019\/10\/vi091019niver10.jpg\" alt=\"\" width=\"700\" height=\"450\" srcset=\"http:\/\/www.portalmantena.com.br\/novo\/wp-content\/uploads\/2019\/10\/vi091019niver10.jpg 700w, http:\/\/www.portalmantena.com.br\/novo\/wp-content\/uploads\/2019\/10\/vi091019niver10-300x193.jpg 300w, http:\/\/www.portalmantena.com.br\/novo\/wp-content\/uploads\/2019\/10\/vi091019niver10-696x447.jpg 696w, http:\/\/www.portalmantena.com.br\/novo\/wp-content\/uploads\/2019\/10\/vi091019niver10-653x420.jpg 653w\" sizes=\"(max-width: 700px) 100vw, 700px\" \/><\/a><a href=\"http:\/\/www.portalmantena.com.br\/novo\/wp-content\/uploads\/2019\/10\/vi091019niver1.jpg\"><img loading=\"lazy\" class=\"alignnone size-full wp-image-54136\" src=\"http:\/\/www.portalmantena.com.br\/novo\/wp-content\/uploads\/2019\/10\/vi091019niver1.jpg\" alt=\"\" width=\"700\" height=\"450\" srcset=\"http:\/\/www.portalmantena.com.br\/novo\/wp-content\/uploads\/2019\/10\/vi091019niver1.jpg 700w, http:\/\/www.portalmantena.com.br\/novo\/wp-content\/uploads\/2019\/10\/vi091019niver1-300x193.jpg 300w, http:\/\/www.portalmantena.com.br\/novo\/wp-content\/uploads\/2019\/10\/vi091019niver1-696x447.jpg 696w, http:\/\/www.portalmantena.com.br\/novo\/wp-content\/uploads\/2019\/10\/vi091019niver1-653x420.jpg 653w\" sizes=\"(max-width: 700px) 100vw, 700px\" \/><\/a> <a href=\"http:\/\/www.portalmantena.com.br\/novo\/wp-content\/uploads\/2019\/10\/vi091019niver2.jpg\"><img loading=\"lazy\" class=\"alignnone size-full wp-image-54137\" src=\"http:\/\/www.portalmantena.com.br\/novo\/wp-content\/uploads\/2019\/10\/vi091019niver2.jpg\" alt=\"\" width=\"700\" height=\"450\" srcset=\"http:\/\/www.portalmantena.com.br\/novo\/wp-content\/uploads\/2019\/10\/vi091019niver2.jpg 700w, http:\/\/www.portalmantena.com.br\/novo\/wp-content\/uploads\/2019\/10\/vi091019niver2-300x193.jpg 300w, http:\/\/www.portalmantena.com.br\/novo\/wp-content\/uploads\/2019\/10\/vi091019niver2-696x447.jpg 696w, http:\/\/www.portalmantena.com.br\/novo\/wp-content\/uploads\/2019\/10\/vi091019niver2-653x420.jpg 653w\" sizes=\"(max-width: 700px) 100vw, 700px\" \/><\/a> <a href=\"http:\/\/www.portalmantena.com.br\/novo\/wp-content\/uploads\/2019\/10\/vi091019niver3.jpg\"><img loading=\"lazy\" class=\"alignnone size-full wp-image-54138\" src=\"http:\/\/www.portalmantena.com.br\/novo\/wp-content\/uploads\/2019\/10\/vi091019niver3.jpg\" alt=\"\" width=\"700\" height=\"450\" srcset=\"http:\/\/www.portalmantena.com.br\/novo\/wp-content\/uploads\/2019\/10\/vi091019niver3.jpg 700w, http:\/\/www.portalmantena.com.br\/novo\/wp-content\/uploads\/2019\/10\/vi091019niver3-300x193.jpg 300w, http:\/\/www.portalmantena.com.br\/novo\/wp-content\/uploads\/2019\/10\/vi091019niver3-696x447.jpg 696w, http:\/\/www.portalmantena.com.br\/novo\/wp-content\/uploads\/2019\/10\/vi091019niver3-653x420.jpg 653w\" sizes=\"(max-width: 700px) 100vw, 700px\" \/><\/a><a href=\"http:\/\/www.portalmantena.com.br\/novo\/wp-content\/uploads\/2019\/10\/vi091019niver5.jpg\"><img loading=\"lazy\" class=\"alignnone size-full wp-image-54140\" src=\"http:\/\/www.portalmantena.com.br\/novo\/wp-content\/uploads\/2019\/10\/vi091019niver5.jpg\" alt=\"\" width=\"700\" height=\"450\" srcset=\"http:\/\/www.portalmantena.com.br\/novo\/wp-content\/uploads\/2019\/10\/vi091019niver5.jpg 700w, http:\/\/www.portalmantena.com.br\/novo\/wp-content\/uploads\/2019\/10\/vi091019niver5-300x193.jpg 300w, http:\/\/www.portalmantena.com.br\/novo\/wp-content\/uploads\/2019\/10\/vi091019niver5-696x447.jpg 696w, http:\/\/www.portalmantena.com.br\/novo\/wp-content\/uploads\/2019\/10\/vi091019niver5-653x420.jpg 653w\" sizes=\"(max-width: 700px) 100vw, 700px\" \/><\/a> <a href=\"http:\/\/www.portalmantena.com.br\/novo\/wp-content\/uploads\/2019\/10\/vi091019niver6.jpg\"><img loading=\"lazy\" class=\"alignnone size-full wp-image-54141\" src=\"http:\/\/www.portalmantena.com.br\/novo\/wp-content\/uploads\/2019\/10\/vi091019niver6.jpg\" alt=\"\" width=\"700\" height=\"450\" srcset=\"http:\/\/www.portalmantena.com.br\/novo\/wp-content\/uploads\/2019\/10\/vi091019niver6.jpg 700w, http:\/\/www.portalmantena.com.br\/novo\/wp-content\/uploads\/2019\/10\/vi091019niver6-300x193.jpg 300w, http:\/\/www.portalmantena.com.br\/novo\/wp-content\/uploads\/2019\/10\/vi091019niver6-696x447.jpg 696w, http:\/\/www.portalmantena.com.br\/novo\/wp-content\/uploads\/2019\/10\/vi091019niver6-653x420.jpg 653w\" sizes=\"(max-width: 700px) 100vw, 700px\" \/><\/a> <a href=\"http:\/\/www.portalmantena.com.br\/novo\/wp-content\/uploads\/2019\/10\/vi091019niver7.jpg\"><img loading=\"lazy\" class=\"alignnone size-full wp-image-54142\" src=\"http:\/\/www.portalmantena.com.br\/novo\/wp-content\/uploads\/2019\/10\/vi091019niver7.jpg\" alt=\"\" width=\"700\" height=\"450\" srcset=\"http:\/\/www.portalmantena.com.br\/novo\/wp-content\/uploads\/2019\/10\/vi091019niver7.jpg 700w, http:\/\/www.portalmantena.com.br\/novo\/wp-content\/uploads\/2019\/10\/vi091019niver7-300x193.jpg 300w, http:\/\/www.portalmantena.com.br\/novo\/wp-content\/uploads\/2019\/10\/vi091019niver7-696x447.jpg 696w, http:\/\/www.portalmantena.com.br\/novo\/wp-content\/uploads\/2019\/10\/vi091019niver7-653x420.jpg 653w\" sizes=\"(max-width: 700px) 100vw, 700px\" \/><\/a> <a href=\"http:\/\/www.portalmantena.com.br\/novo\/wp-content\/uploads\/2019\/10\/vi091019niver8.jpg\"><img loading=\"lazy\" class=\"alignnone size-full wp-image-54143\" src=\"http:\/\/www.portalmantena.com.br\/novo\/wp-content\/uploads\/2019\/10\/vi091019niver8.jpg\" alt=\"\" width=\"700\" height=\"450\" srcset=\"http:\/\/www.portalmantena.com.br\/novo\/wp-content\/uploads\/2019\/10\/vi091019niver8.jpg 700w, http:\/\/www.portalmantena.com.br\/novo\/wp-content\/uploads\/2019\/10\/vi091019niver8-300x193.jpg 300w, http:\/\/www.portalmantena.com.br\/novo\/wp-content\/uploads\/2019\/10\/vi091019niver8-696x447.jpg 696w, http:\/\/www.portalmantena.com.br\/novo\/wp-content\/uploads\/2019\/10\/vi091019niver8-653x420.jpg 653w\" sizes=\"(max-width: 700px) 100vw, 700px\" \/><\/a>FOTOS da Festa de Anivers\u00e1rio dos 60 anos em 2018<a href=\"http:\/\/www.portalmantena.com.br\/novo\/wp-content\/uploads\/2019\/10\/vi091019niver9.jpg\"><img loading=\"lazy\" class=\"alignnone size-full wp-image-54144\" src=\"http:\/\/www.portalmantena.com.br\/novo\/wp-content\/uploads\/2019\/10\/vi091019niver9.jpg\" alt=\"\" width=\"700\" height=\"450\" srcset=\"http:\/\/www.portalmantena.com.br\/novo\/wp-content\/uploads\/2019\/10\/vi091019niver9.jpg 700w, http:\/\/www.portalmantena.com.br\/novo\/wp-content\/uploads\/2019\/10\/vi091019niver9-300x193.jpg 300w, http:\/\/www.portalmantena.com.br\/novo\/wp-content\/uploads\/2019\/10\/vi091019niver9-696x447.jpg 696w, http:\/\/www.portalmantena.com.br\/novo\/wp-content\/uploads\/2019\/10\/vi091019niver9-653x420.jpg 653w\" sizes=\"(max-width: 700px) 100vw, 700px\" \/><\/a><\/p>\n","protected":false},"excerpt":{"rendered":"<p>Uma a\u00e7\u00e3o mais que especial e gratificante realizada na capital Belo Horizonte, beneficiou crian\u00e7as em Mantena. Olha s\u00f3 que bacana e um bom exemplo a ser seguido, o mantenense ausente Francisco de Assis Fernandes Pereira, na comemora\u00e7\u00e3o de seu anivers\u00e1rio de 60 anos em Outubro de 2018, na \u00e9poca fez um pedido aos amigos e [&hellip;]<\/p>\n","protected":false},"author":1,"featured_media":54139,"comment_status":"open","ping_status":"open","sticky":false,"template":"","format":"standard","meta":[],"categories":[36,11],"tags":[],"_links":{"self":[{"href":"http:\/\/www.portalmantena.com.br\/novo\/index.php?rest_route=\/wp\/v2\/posts\/54135"}],"collection":[{"href":"http:\/\/www.portalmantena.com.br\/novo\/index.php?rest_route=\/wp\/v2\/posts"}],"about":[{"href":"http:\/\/www.portalmantena.com.br\/novo\/index.php?rest_route=\/wp\/v2\/types\/post"}],"author":[{"embeddable":true,"href":"http:\/\/www.portalmantena.com.br\/novo\/index.php?rest_route=\/wp\/v2\/users\/1"}],"replies":[{"embeddable":true,"href":"http:\/\/www.portalmantena.com.br\/novo\/index.php?rest_route=%2Fwp%2Fv2%2Fcomments&post=54135"}],"version-history":[{"count":3,"href":"http:\/\/www.portalmantena.com.br\/novo\/index.php?rest_route=\/wp\/v2\/posts\/54135\/revisions"}],"predecessor-version":[{"id":54171,"href":"http:\/\/www.portalmantena.com.br\/novo\/index.php?rest_route=\/wp\/v2\/posts\/54135\/revisions\/54171"}],"wp:featuredmedia":[{"embeddable":true,"href":"http:\/\/www.portalmantena.com.br\/novo\/index.php?rest_route=\/wp\/v2\/media\/54139"}],"wp:attachment":[{"href":"http:\/\/www.portalmantena.com.br\/novo\/index.php?rest_route=%2Fwp%2Fv2%2Fmedia&parent=54135"}],"wp:term":[{"taxonomy":"category","embeddable":true,"href":"http:\/\/www.portalmantena.com.br\/novo\/index.php?rest_route=%2Fwp%2Fv2%2Fcategories&post=54135"},{"taxonomy":"post_tag","embeddable":true,"href":"http:\/\/www.portalmantena.com.br\/novo\/index.php?rest_route=%2Fwp%2Fv2%2Ftags&post=54135"}],"curies":[{"name":"wp","href":"https:\/\/api.w.org\/{rel}","templated":true}]}}