{"id":52989,"date":"2019-09-17T14:10:17","date_gmt":"2019-09-17T17:10:17","guid":{"rendered":"http:\/\/www.portalmantena.com.br\/novo\/?p=52989"},"modified":"2019-09-17T14:10:17","modified_gmt":"2019-09-17T17:10:17","slug":"o-mantenense-jota-pontes-soprando-velinhas-parabens","status":"publish","type":"post","link":"http:\/\/www.portalmantena.com.br\/novo\/?p=52989","title":{"rendered":"O mantenense Jota Pontes soprando velinhas, parab\u00e9ns"},"content":{"rendered":"<p><a href=\"http:\/\/www.portalmantena.com.br\/novo\/wp-content\/uploads\/2019\/09\/vi170919jota.jpg\"><img loading=\"lazy\" class=\"alignnone size-full wp-image-52990\" src=\"http:\/\/www.portalmantena.com.br\/novo\/wp-content\/uploads\/2019\/09\/vi170919jota.jpg\" alt=\"\" width=\"700\" height=\"450\" srcset=\"http:\/\/www.portalmantena.com.br\/novo\/wp-content\/uploads\/2019\/09\/vi170919jota.jpg 700w, http:\/\/www.portalmantena.com.br\/novo\/wp-content\/uploads\/2019\/09\/vi170919jota-300x193.jpg 300w, http:\/\/www.portalmantena.com.br\/novo\/wp-content\/uploads\/2019\/09\/vi170919jota-696x447.jpg 696w, http:\/\/www.portalmantena.com.br\/novo\/wp-content\/uploads\/2019\/09\/vi170919jota-653x420.jpg 653w\" sizes=\"(max-width: 700px) 100vw, 700px\" \/><\/a><\/p>\n<p><span style=\"font-size: 14pt;\">O mantenense e atleticano Jota Pontes \u00e9 o aniversariante desta ter\u00e7a-feira dia 17 de Setembro. <\/span><\/p>\n<p><span style=\"font-size: 14pt;\">Aproveitamos a oportunidade para lhe desejar muitos e muitos anos de vida, sa\u00fade, paz e muitas felicidades. Pedimos ao nosso Deus que continue aben\u00e7oando sua vida, bem como de toda fam\u00edlia. Na foto ao lado do filh\u00e3o, um presente de Deus.<\/span><\/p>\n<p><a href=\"http:\/\/www.portalmantena.com.br\/novo\/\"><img loading=\"lazy\" class=\"alignnone size-full wp-image-37296\" src=\"http:\/\/www.portalmantena.com.br\/novo\/wp-content\/uploads\/2018\/05\/faixavitrine2.jpg\" alt=\"\" width=\"700\" height=\"40\" srcset=\"http:\/\/www.portalmantena.com.br\/novo\/wp-content\/uploads\/2018\/05\/faixavitrine2.jpg 700w, http:\/\/www.portalmantena.com.br\/novo\/wp-content\/uploads\/2018\/05\/faixavitrine2-300x17.jpg 300w, http:\/\/www.portalmantena.com.br\/novo\/wp-content\/uploads\/2018\/05\/faixavitrine2-696x40.jpg 696w\" sizes=\"(max-width: 700px) 100vw, 700px\" \/><\/a><\/p>\n<p><span style=\"font-size: 10pt;\">ESPA\u00c7O EMPRESARIAL<\/span><a href=\"http:\/\/www.temposolar.com.br\/\"><img loading=\"lazy\" class=\"alignnone size-full wp-image-44084\" src=\"http:\/\/www.portalmantena.com.br\/novo\/wp-content\/uploads\/2018\/05\/temposolarbb.jpg\" alt=\"\" width=\"700\" height=\"150\" srcset=\"http:\/\/www.portalmantena.com.br\/novo\/wp-content\/uploads\/2018\/05\/temposolarbb.jpg 700w, http:\/\/www.portalmantena.com.br\/novo\/wp-content\/uploads\/2018\/05\/temposolarbb-300x64.jpg 300w, http:\/\/www.portalmantena.com.br\/novo\/wp-content\/uploads\/2018\/05\/temposolarbb-696x150.jpg 696w\" sizes=\"(max-width: 700px) 100vw, 700px\" \/><\/a><\/p>\n","protected":false},"excerpt":{"rendered":"<p>O mantenense e atleticano Jota Pontes \u00e9 o aniversariante desta ter\u00e7a-feira dia 17 de Setembro. Aproveitamos a oportunidade para lhe desejar muitos e muitos anos de vida, sa\u00fade, paz e muitas felicidades. Pedimos ao nosso Deus que continue aben\u00e7oando sua vida, bem como de toda fam\u00edlia. Na foto ao lado do filh\u00e3o, um presente de [&hellip;]<\/p>\n","protected":false},"author":1,"featured_media":52990,"comment_status":"open","ping_status":"open","sticky":false,"template":"","format":"standard","meta":[],"categories":[7],"tags":[],"_links":{"self":[{"href":"http:\/\/www.portalmantena.com.br\/novo\/index.php?rest_route=\/wp\/v2\/posts\/52989"}],"collection":[{"href":"http:\/\/www.portalmantena.com.br\/novo\/index.php?rest_route=\/wp\/v2\/posts"}],"about":[{"href":"http:\/\/www.portalmantena.com.br\/novo\/index.php?rest_route=\/wp\/v2\/types\/post"}],"author":[{"embeddable":true,"href":"http:\/\/www.portalmantena.com.br\/novo\/index.php?rest_route=\/wp\/v2\/users\/1"}],"replies":[{"embeddable":true,"href":"http:\/\/www.portalmantena.com.br\/novo\/index.php?rest_route=%2Fwp%2Fv2%2Fcomments&post=52989"}],"version-history":[{"count":1,"href":"http:\/\/www.portalmantena.com.br\/novo\/index.php?rest_route=\/wp\/v2\/posts\/52989\/revisions"}],"predecessor-version":[{"id":52991,"href":"http:\/\/www.portalmantena.com.br\/novo\/index.php?rest_route=\/wp\/v2\/posts\/52989\/revisions\/52991"}],"wp:featuredmedia":[{"embeddable":true,"href":"http:\/\/www.portalmantena.com.br\/novo\/index.php?rest_route=\/wp\/v2\/media\/52990"}],"wp:attachment":[{"href":"http:\/\/www.portalmantena.com.br\/novo\/index.php?rest_route=%2Fwp%2Fv2%2Fmedia&parent=52989"}],"wp:term":[{"taxonomy":"category","embeddable":true,"href":"http:\/\/www.portalmantena.com.br\/novo\/index.php?rest_route=%2Fwp%2Fv2%2Fcategories&post=52989"},{"taxonomy":"post_tag","embeddable":true,"href":"http:\/\/www.portalmantena.com.br\/novo\/index.php?rest_route=%2Fwp%2Fv2%2Ftags&post=52989"}],"curies":[{"name":"wp","href":"https:\/\/api.w.org\/{rel}","templated":true}]}}