{"id":52961,"date":"2019-09-17T09:15:34","date_gmt":"2019-09-17T12:15:34","guid":{"rendered":"http:\/\/www.portalmantena.com.br\/novo\/?p=52961"},"modified":"2019-09-17T09:15:34","modified_gmt":"2019-09-17T12:15:34","slug":"mantena-guarda-mirim-recebendo-nocoes-de-capoeira","status":"publish","type":"post","link":"http:\/\/www.portalmantena.com.br\/novo\/?p=52961","title":{"rendered":"Mantena: Guarda Mirim recebendo no\u00e7\u00f5es de Capoeira"},"content":{"rendered":"<p><a href=\"http:\/\/www.portalmantena.com.br\/novo\/wp-content\/uploads\/2019\/09\/no170919capoeira1.jpg\"><img loading=\"lazy\" class=\"alignnone size-full wp-image-52962\" src=\"http:\/\/www.portalmantena.com.br\/novo\/wp-content\/uploads\/2019\/09\/no170919capoeira1.jpg\" alt=\"\" width=\"700\" height=\"450\" srcset=\"http:\/\/www.portalmantena.com.br\/novo\/wp-content\/uploads\/2019\/09\/no170919capoeira1.jpg 700w, http:\/\/www.portalmantena.com.br\/novo\/wp-content\/uploads\/2019\/09\/no170919capoeira1-300x193.jpg 300w, http:\/\/www.portalmantena.com.br\/novo\/wp-content\/uploads\/2019\/09\/no170919capoeira1-696x447.jpg 696w, http:\/\/www.portalmantena.com.br\/novo\/wp-content\/uploads\/2019\/09\/no170919capoeira1-653x420.jpg 653w\" sizes=\"(max-width: 700px) 100vw, 700px\" \/><\/a><\/p>\n<p><span style=\"font-size: 14pt;\">Neste s\u00e1bado (14) a Associa\u00e7\u00e3o Guarda Mirim de Mantena (AGMM) recebeu a visita da Associa\u00e7\u00e3o Educart de Capoeira. <\/span><\/p>\n<p><span style=\"font-size: 14pt;\">A Associa\u00e7\u00e3o Educart \u00e9 coordenada pelo casal Sr. Ezequiel e Sra. Kelly, os quais realizam um importante trabalho de inclus\u00e3o social e desenvolvimento da cidadania para crian\u00e7as e adolescentes de Mantena. Kelly e Ezequiel afirmam que a capoeira disciplina e prepara o cidad\u00e3o para enfrentar com equil\u00edbrio os desafios da sociedade moderna. <\/span><\/p>\n<p><span style=\"font-size: 14pt;\">A EDUCART CAPOEIRA ofertou para a GUARDA MIRIM um curso para os interessados. Para a alegria das duas associa\u00e7\u00f5es envolvidas, o convite foi muito bem acolhido por todos os membros da AGMM.\u00a0 Kelly, aproveitou a oportunidade para falar sobre a arte e a cultura da Capoeira, e em seguida fez uma demonstra\u00e7\u00e3o com sua filha e com v\u00e1rios Guardas Mirins que resolveram dar os primeiros passos nesse importante esporte. (fonte\/foto:PM).<\/span><\/p>\n<p><a href=\"http:\/\/www.portalmantena.com.br\/novo\/wp-content\/uploads\/2019\/09\/no170919capoeira2.jpg\"><img loading=\"lazy\" class=\"alignnone size-full wp-image-52963\" src=\"http:\/\/www.portalmantena.com.br\/novo\/wp-content\/uploads\/2019\/09\/no170919capoeira2.jpg\" alt=\"\" width=\"700\" height=\"450\" srcset=\"http:\/\/www.portalmantena.com.br\/novo\/wp-content\/uploads\/2019\/09\/no170919capoeira2.jpg 700w, http:\/\/www.portalmantena.com.br\/novo\/wp-content\/uploads\/2019\/09\/no170919capoeira2-300x193.jpg 300w, http:\/\/www.portalmantena.com.br\/novo\/wp-content\/uploads\/2019\/09\/no170919capoeira2-696x447.jpg 696w, http:\/\/www.portalmantena.com.br\/novo\/wp-content\/uploads\/2019\/09\/no170919capoeira2-653x420.jpg 653w\" sizes=\"(max-width: 700px) 100vw, 700px\" \/><\/a> <a href=\"http:\/\/www.portalmantena.com.br\/novo\/wp-content\/uploads\/2019\/09\/no170919capoeira3.jpg\"><img loading=\"lazy\" class=\"alignnone size-full wp-image-52964\" src=\"http:\/\/www.portalmantena.com.br\/novo\/wp-content\/uploads\/2019\/09\/no170919capoeira3.jpg\" alt=\"\" width=\"700\" height=\"450\" srcset=\"http:\/\/www.portalmantena.com.br\/novo\/wp-content\/uploads\/2019\/09\/no170919capoeira3.jpg 700w, http:\/\/www.portalmantena.com.br\/novo\/wp-content\/uploads\/2019\/09\/no170919capoeira3-300x193.jpg 300w, http:\/\/www.portalmantena.com.br\/novo\/wp-content\/uploads\/2019\/09\/no170919capoeira3-696x447.jpg 696w, http:\/\/www.portalmantena.com.br\/novo\/wp-content\/uploads\/2019\/09\/no170919capoeira3-653x420.jpg 653w\" sizes=\"(max-width: 700px) 100vw, 700px\" \/><\/a> <a href=\"http:\/\/www.portalmantena.com.br\/novo\/wp-content\/uploads\/2019\/09\/no170919capoeira4.jpg\"><img loading=\"lazy\" class=\"alignnone size-full wp-image-52965\" src=\"http:\/\/www.portalmantena.com.br\/novo\/wp-content\/uploads\/2019\/09\/no170919capoeira4.jpg\" alt=\"\" width=\"700\" height=\"450\" srcset=\"http:\/\/www.portalmantena.com.br\/novo\/wp-content\/uploads\/2019\/09\/no170919capoeira4.jpg 700w, http:\/\/www.portalmantena.com.br\/novo\/wp-content\/uploads\/2019\/09\/no170919capoeira4-300x193.jpg 300w, http:\/\/www.portalmantena.com.br\/novo\/wp-content\/uploads\/2019\/09\/no170919capoeira4-696x447.jpg 696w, http:\/\/www.portalmantena.com.br\/novo\/wp-content\/uploads\/2019\/09\/no170919capoeira4-653x420.jpg 653w\" sizes=\"(max-width: 700px) 100vw, 700px\" \/><\/a> <a href=\"http:\/\/www.portalmantena.com.br\/novo\/wp-content\/uploads\/2019\/09\/no170919capoeira5.jpg\"><img loading=\"lazy\" class=\"alignnone size-full wp-image-52966\" src=\"http:\/\/www.portalmantena.com.br\/novo\/wp-content\/uploads\/2019\/09\/no170919capoeira5.jpg\" alt=\"\" width=\"700\" height=\"450\" srcset=\"http:\/\/www.portalmantena.com.br\/novo\/wp-content\/uploads\/2019\/09\/no170919capoeira5.jpg 700w, http:\/\/www.portalmantena.com.br\/novo\/wp-content\/uploads\/2019\/09\/no170919capoeira5-300x193.jpg 300w, http:\/\/www.portalmantena.com.br\/novo\/wp-content\/uploads\/2019\/09\/no170919capoeira5-696x447.jpg 696w, http:\/\/www.portalmantena.com.br\/novo\/wp-content\/uploads\/2019\/09\/no170919capoeira5-653x420.jpg 653w\" sizes=\"(max-width: 700px) 100vw, 700px\" \/><\/a> <a href=\"http:\/\/www.portalmantena.com.br\/novo\/wp-content\/uploads\/2019\/09\/no170919capoeira6.jpg\"><img loading=\"lazy\" class=\"alignnone size-full wp-image-52967\" src=\"http:\/\/www.portalmantena.com.br\/novo\/wp-content\/uploads\/2019\/09\/no170919capoeira6.jpg\" alt=\"\" width=\"700\" height=\"450\" srcset=\"http:\/\/www.portalmantena.com.br\/novo\/wp-content\/uploads\/2019\/09\/no170919capoeira6.jpg 700w, http:\/\/www.portalmantena.com.br\/novo\/wp-content\/uploads\/2019\/09\/no170919capoeira6-300x193.jpg 300w, http:\/\/www.portalmantena.com.br\/novo\/wp-content\/uploads\/2019\/09\/no170919capoeira6-696x447.jpg 696w, http:\/\/www.portalmantena.com.br\/novo\/wp-content\/uploads\/2019\/09\/no170919capoeira6-653x420.jpg 653w\" sizes=\"(max-width: 700px) 100vw, 700px\" \/><\/a><a href=\"http:\/\/www.portalmantena.com.br\/novo\/\"><img loading=\"lazy\" class=\"alignnone size-full wp-image-37331\" src=\"http:\/\/www.portalmantena.com.br\/novo\/wp-content\/uploads\/2018\/05\/faixaportalnoticias5.jpg\" alt=\"\" width=\"700\" height=\"40\" srcset=\"http:\/\/www.portalmantena.com.br\/novo\/wp-content\/uploads\/2018\/05\/faixaportalnoticias5.jpg 700w, http:\/\/www.portalmantena.com.br\/novo\/wp-content\/uploads\/2018\/05\/faixaportalnoticias5-300x17.jpg 300w, http:\/\/www.portalmantena.com.br\/novo\/wp-content\/uploads\/2018\/05\/faixaportalnoticias5-696x40.jpg 696w\" sizes=\"(max-width: 700px) 100vw, 700px\" \/><\/a><\/p>\n<p><span style=\"font-size: 10pt;\">ESPA\u00c7O EMPRESARIAL<\/span><a href=\"https:\/\/www.facebook.com\/academiaminasfitoficial\/\"><img loading=\"lazy\" class=\"alignnone size-full wp-image-47320\" src=\"http:\/\/www.portalmantena.com.br\/novo\/wp-content\/uploads\/2018\/05\/minasfitmm.jpg\" alt=\"\" width=\"700\" height=\"150\" srcset=\"http:\/\/www.portalmantena.com.br\/novo\/wp-content\/uploads\/2018\/05\/minasfitmm.jpg 700w, http:\/\/www.portalmantena.com.br\/novo\/wp-content\/uploads\/2018\/05\/minasfitmm-300x64.jpg 300w, http:\/\/www.portalmantena.com.br\/novo\/wp-content\/uploads\/2018\/05\/minasfitmm-696x150.jpg 696w\" sizes=\"(max-width: 700px) 100vw, 700px\" \/><\/a><\/p>\n","protected":false},"excerpt":{"rendered":"<p>Neste s\u00e1bado (14) a Associa\u00e7\u00e3o Guarda Mirim de Mantena (AGMM) recebeu a visita da Associa\u00e7\u00e3o Educart de Capoeira. A Associa\u00e7\u00e3o Educart \u00e9 coordenada pelo casal Sr. Ezequiel e Sra. Kelly, os quais realizam um importante trabalho de inclus\u00e3o social e desenvolvimento da cidadania para crian\u00e7as e adolescentes de Mantena. Kelly e Ezequiel afirmam que a [&hellip;]<\/p>\n","protected":false},"author":1,"featured_media":52965,"comment_status":"open","ping_status":"open","sticky":false,"template":"","format":"standard","meta":[],"categories":[36,12],"tags":[],"_links":{"self":[{"href":"http:\/\/www.portalmantena.com.br\/novo\/index.php?rest_route=\/wp\/v2\/posts\/52961"}],"collection":[{"href":"http:\/\/www.portalmantena.com.br\/novo\/index.php?rest_route=\/wp\/v2\/posts"}],"about":[{"href":"http:\/\/www.portalmantena.com.br\/novo\/index.php?rest_route=\/wp\/v2\/types\/post"}],"author":[{"embeddable":true,"href":"http:\/\/www.portalmantena.com.br\/novo\/index.php?rest_route=\/wp\/v2\/users\/1"}],"replies":[{"embeddable":true,"href":"http:\/\/www.portalmantena.com.br\/novo\/index.php?rest_route=%2Fwp%2Fv2%2Fcomments&post=52961"}],"version-history":[{"count":1,"href":"http:\/\/www.portalmantena.com.br\/novo\/index.php?rest_route=\/wp\/v2\/posts\/52961\/revisions"}],"predecessor-version":[{"id":52968,"href":"http:\/\/www.portalmantena.com.br\/novo\/index.php?rest_route=\/wp\/v2\/posts\/52961\/revisions\/52968"}],"wp:featuredmedia":[{"embeddable":true,"href":"http:\/\/www.portalmantena.com.br\/novo\/index.php?rest_route=\/wp\/v2\/media\/52965"}],"wp:attachment":[{"href":"http:\/\/www.portalmantena.com.br\/novo\/index.php?rest_route=%2Fwp%2Fv2%2Fmedia&parent=52961"}],"wp:term":[{"taxonomy":"category","embeddable":true,"href":"http:\/\/www.portalmantena.com.br\/novo\/index.php?rest_route=%2Fwp%2Fv2%2Fcategories&post=52961"},{"taxonomy":"post_tag","embeddable":true,"href":"http:\/\/www.portalmantena.com.br\/novo\/index.php?rest_route=%2Fwp%2Fv2%2Ftags&post=52961"}],"curies":[{"name":"wp","href":"https:\/\/api.w.org\/{rel}","templated":true}]}}