{"id":52958,"date":"2019-09-17T08:57:28","date_gmt":"2019-09-17T11:57:28","guid":{"rendered":"http:\/\/www.portalmantena.com.br\/novo\/?p=52958"},"modified":"2019-09-17T08:57:28","modified_gmt":"2019-09-17T11:57:28","slug":"passageiro-se-assusta-e-provoca-acidente-na-br-259","status":"publish","type":"post","link":"http:\/\/www.portalmantena.com.br\/novo\/?p=52958","title":{"rendered":"Passageiro se assusta e provoca acidente na BR 259"},"content":{"rendered":"<p><a href=\"http:\/\/www.portalmantena.com.br\/novo\/wp-content\/uploads\/2019\/09\/no170919aci.jpg\"><img loading=\"lazy\" class=\"alignnone size-full wp-image-52959\" src=\"http:\/\/www.portalmantena.com.br\/novo\/wp-content\/uploads\/2019\/09\/no170919aci.jpg\" alt=\"\" width=\"700\" height=\"450\" srcset=\"http:\/\/www.portalmantena.com.br\/novo\/wp-content\/uploads\/2019\/09\/no170919aci.jpg 700w, http:\/\/www.portalmantena.com.br\/novo\/wp-content\/uploads\/2019\/09\/no170919aci-300x193.jpg 300w, http:\/\/www.portalmantena.com.br\/novo\/wp-content\/uploads\/2019\/09\/no170919aci-696x447.jpg 696w, http:\/\/www.portalmantena.com.br\/novo\/wp-content\/uploads\/2019\/09\/no170919aci-653x420.jpg 653w\" sizes=\"(max-width: 700px) 100vw, 700px\" \/><\/a><\/p>\n<p><span style=\"font-size: 14pt;\">Um acidente foi registrado na BR 259 no munic\u00edpio de Aimor\u00e9s, na manh\u00e3 do \u00faltimo s\u00e1bado dia 14, pela Pol\u00edcia Militar Rodovi\u00e1ria. Segundo a Pol\u00edcia Militar, quando chegaram ao local, encontraram o ve\u00edculo, um Volkswagen gol, dentro de uma canaleta j\u00e1 sendo retirado pelo guincho. <\/span><\/p>\n<p><span style=\"font-size: 14pt;\">O condutor relatou aos militares que deslocava de Itu\u00eata e ao passar pelo local, o seu passageiro que estava dormindo acordou assustado e levou as m\u00e3os ao volante, fazendo com que o motorista perdesse o controle da dire\u00e7\u00e3o, saindo da estrada e caindo dentro da valeta \u00e0 margem da Rodovia. <\/span><\/p>\n<p><span style=\"font-size: 14pt;\">O passageiro teve ferimento na cabe\u00e7a e foi socorrido por terceiros e conduzido ao hospital da cidade, mas sem risco de morte. O ve\u00edculo foi retirado, e o tr\u00e2nsito n\u00e3o ficou interrompido. (fonte\/foto:noticiasnoleste).<\/span><\/p>\n<p><a href=\"http:\/\/www.portalmantena.com.br\/novo\/\"><img loading=\"lazy\" class=\"alignnone size-full wp-image-37331\" src=\"http:\/\/www.portalmantena.com.br\/novo\/wp-content\/uploads\/2018\/05\/faixaportalnoticias5.jpg\" alt=\"\" width=\"700\" height=\"40\" srcset=\"http:\/\/www.portalmantena.com.br\/novo\/wp-content\/uploads\/2018\/05\/faixaportalnoticias5.jpg 700w, http:\/\/www.portalmantena.com.br\/novo\/wp-content\/uploads\/2018\/05\/faixaportalnoticias5-300x17.jpg 300w, http:\/\/www.portalmantena.com.br\/novo\/wp-content\/uploads\/2018\/05\/faixaportalnoticias5-696x40.jpg 696w\" sizes=\"(max-width: 700px) 100vw, 700px\" \/><\/a><\/p>\n<p><span style=\"font-size: 10pt;\">ESPA\u00c7O EMPRESARIAL<\/span><a href=\"https:\/\/www.facebook.com\/redecasasdastintas\/?__xts__[0]=68.ARBvBkEV-xf0LmeoVmLkmSNYi2fkJzyH_VdImjnJBqA-OJQ8WAGhfxFzuODZeXT97StHLCU2lui2hNiBS9juZZIIH59sSIfo9vM1711g7hmVObiniGMIKpCnGYGx_YmAkGj8o0shglKSje-m1cISUC5fXmbbIDZHgBn9rbll8J1_u-sWBptuc70mqMQ5dXSVaEbLcv7md0y1MndLTPX1QVF6vv_p8UwvHEYJiMzOeJ27-SNULvH_Ia_jzPUIPLemEjFfBOB1GDY2bKOl-hHJ82NDCthVWvRTDkLv5Ac-BJxkK8AMjv3yPHiiz_fTfCghxAzXR4kngL0HN5fNO2PSBWMM9g&amp;__tn__=HHH-R\"><img loading=\"lazy\" class=\"alignnone size-full wp-image-45727\" src=\"http:\/\/www.portalmantena.com.br\/novo\/wp-content\/uploads\/2018\/05\/casatintas120419.jpg\" alt=\"\" width=\"700\" height=\"150\" srcset=\"http:\/\/www.portalmantena.com.br\/novo\/wp-content\/uploads\/2018\/05\/casatintas120419.jpg 700w, http:\/\/www.portalmantena.com.br\/novo\/wp-content\/uploads\/2018\/05\/casatintas120419-300x64.jpg 300w, http:\/\/www.portalmantena.com.br\/novo\/wp-content\/uploads\/2018\/05\/casatintas120419-696x150.jpg 696w\" sizes=\"(max-width: 700px) 100vw, 700px\" \/><\/a><\/p>\n","protected":false},"excerpt":{"rendered":"<p>Um acidente foi registrado na BR 259 no munic\u00edpio de Aimor\u00e9s, na manh\u00e3 do \u00faltimo s\u00e1bado dia 14, pela Pol\u00edcia Militar Rodovi\u00e1ria. Segundo a Pol\u00edcia Militar, quando chegaram ao local, encontraram o ve\u00edculo, um Volkswagen gol, dentro de uma canaleta j\u00e1 sendo retirado pelo guincho. O condutor relatou aos militares que deslocava de Itu\u00eata e [&hellip;]<\/p>\n","protected":false},"author":1,"featured_media":52959,"comment_status":"open","ping_status":"open","sticky":false,"template":"","format":"standard","meta":[],"categories":[11,39],"tags":[],"_links":{"self":[{"href":"http:\/\/www.portalmantena.com.br\/novo\/index.php?rest_route=\/wp\/v2\/posts\/52958"}],"collection":[{"href":"http:\/\/www.portalmantena.com.br\/novo\/index.php?rest_route=\/wp\/v2\/posts"}],"about":[{"href":"http:\/\/www.portalmantena.com.br\/novo\/index.php?rest_route=\/wp\/v2\/types\/post"}],"author":[{"embeddable":true,"href":"http:\/\/www.portalmantena.com.br\/novo\/index.php?rest_route=\/wp\/v2\/users\/1"}],"replies":[{"embeddable":true,"href":"http:\/\/www.portalmantena.com.br\/novo\/index.php?rest_route=%2Fwp%2Fv2%2Fcomments&post=52958"}],"version-history":[{"count":1,"href":"http:\/\/www.portalmantena.com.br\/novo\/index.php?rest_route=\/wp\/v2\/posts\/52958\/revisions"}],"predecessor-version":[{"id":52960,"href":"http:\/\/www.portalmantena.com.br\/novo\/index.php?rest_route=\/wp\/v2\/posts\/52958\/revisions\/52960"}],"wp:featuredmedia":[{"embeddable":true,"href":"http:\/\/www.portalmantena.com.br\/novo\/index.php?rest_route=\/wp\/v2\/media\/52959"}],"wp:attachment":[{"href":"http:\/\/www.portalmantena.com.br\/novo\/index.php?rest_route=%2Fwp%2Fv2%2Fmedia&parent=52958"}],"wp:term":[{"taxonomy":"category","embeddable":true,"href":"http:\/\/www.portalmantena.com.br\/novo\/index.php?rest_route=%2Fwp%2Fv2%2Fcategories&post=52958"},{"taxonomy":"post_tag","embeddable":true,"href":"http:\/\/www.portalmantena.com.br\/novo\/index.php?rest_route=%2Fwp%2Fv2%2Ftags&post=52958"}],"curies":[{"name":"wp","href":"https:\/\/api.w.org\/{rel}","templated":true}]}}