{"id":52955,"date":"2019-09-17T08:52:31","date_gmt":"2019-09-17T11:52:31","guid":{"rendered":"http:\/\/www.portalmantena.com.br\/novo\/?p=52955"},"modified":"2019-09-17T08:52:31","modified_gmt":"2019-09-17T11:52:31","slug":"festival-craques-da-bola-no-inicio-de-outubro","status":"publish","type":"post","link":"http:\/\/www.portalmantena.com.br\/novo\/?p=52955","title":{"rendered":"Festival Craques da Bola no in\u00edcio de Outubro"},"content":{"rendered":"<p><a href=\"http:\/\/www.portalmantena.com.br\/novo\/wp-content\/uploads\/2019\/09\/no170919futebol.jpg\"><img loading=\"lazy\" class=\"alignnone size-full wp-image-52956\" src=\"http:\/\/www.portalmantena.com.br\/novo\/wp-content\/uploads\/2019\/09\/no170919futebol.jpg\" alt=\"\" width=\"700\" height=\"450\" srcset=\"http:\/\/www.portalmantena.com.br\/novo\/wp-content\/uploads\/2019\/09\/no170919futebol.jpg 700w, http:\/\/www.portalmantena.com.br\/novo\/wp-content\/uploads\/2019\/09\/no170919futebol-300x193.jpg 300w, http:\/\/www.portalmantena.com.br\/novo\/wp-content\/uploads\/2019\/09\/no170919futebol-696x447.jpg 696w, http:\/\/www.portalmantena.com.br\/novo\/wp-content\/uploads\/2019\/09\/no170919futebol-653x420.jpg 653w\" sizes=\"(max-width: 700px) 100vw, 700px\" \/><\/a><\/p>\n<p><span style=\"font-size: 14pt;\">A cidade de Resplendor vai receber um grande evento de futebol amador de Minas Gerais, nos dias 5 e 6 de outubro no campo do Nacional. Trata-se do Festival \u201cCraques da Bola\u201d, que est\u00e1 na sua 21\u00aa edi\u00e7\u00e3o, e ser\u00e1 disputado entre 20 equipes convidadas, sendo 10 da regi\u00e3o e outras dez da capital e outras localidades. <\/span><\/p>\n<p><span style=\"font-size: 14pt;\">O evento ser\u00e1 disputado em dez jogos de muita emo\u00e7\u00e3o e decis\u00e3o, pois a cada jogo, uma final. Cada campe\u00e3o leva uma ta\u00e7a do evento. Conselheiro Pena se far\u00e1 representada pela equipe do Juventude da vila de Penha do Norte. (fonte\/foto:noticiasnoleste).<\/span><\/p>\n<p><a href=\"http:\/\/www.portalmantena.com.br\/novo\/\"><img loading=\"lazy\" class=\"alignnone size-full wp-image-37331\" src=\"http:\/\/www.portalmantena.com.br\/novo\/wp-content\/uploads\/2018\/05\/faixaportalnoticias5.jpg\" alt=\"\" width=\"700\" height=\"40\" srcset=\"http:\/\/www.portalmantena.com.br\/novo\/wp-content\/uploads\/2018\/05\/faixaportalnoticias5.jpg 700w, http:\/\/www.portalmantena.com.br\/novo\/wp-content\/uploads\/2018\/05\/faixaportalnoticias5-300x17.jpg 300w, http:\/\/www.portalmantena.com.br\/novo\/wp-content\/uploads\/2018\/05\/faixaportalnoticias5-696x40.jpg 696w\" sizes=\"(max-width: 700px) 100vw, 700px\" \/><\/a><\/p>\n<p><span style=\"font-size: 10pt;\">ESPA\u00c7O EMPRESARIAL<\/span><a href=\"https:\/\/www.facebook.com\/rf.oliveira.9\"><img loading=\"lazy\" class=\"alignnone size-full wp-image-49948\" src=\"http:\/\/www.portalmantena.com.br\/novo\/wp-content\/uploads\/2018\/05\/avenida110719a.jpg\" alt=\"\" width=\"700\" height=\"150\" srcset=\"http:\/\/www.portalmantena.com.br\/novo\/wp-content\/uploads\/2018\/05\/avenida110719a.jpg 700w, http:\/\/www.portalmantena.com.br\/novo\/wp-content\/uploads\/2018\/05\/avenida110719a-300x64.jpg 300w, http:\/\/www.portalmantena.com.br\/novo\/wp-content\/uploads\/2018\/05\/avenida110719a-696x150.jpg 696w\" sizes=\"(max-width: 700px) 100vw, 700px\" \/><\/a><\/p>\n","protected":false},"excerpt":{"rendered":"<p>A cidade de Resplendor vai receber um grande evento de futebol amador de Minas Gerais, nos dias 5 e 6 de outubro no campo do Nacional. Trata-se do Festival \u201cCraques da Bola\u201d, que est\u00e1 na sua 21\u00aa edi\u00e7\u00e3o, e ser\u00e1 disputado entre 20 equipes convidadas, sendo 10 da regi\u00e3o e outras dez da capital e [&hellip;]<\/p>\n","protected":false},"author":1,"featured_media":52956,"comment_status":"open","ping_status":"open","sticky":false,"template":"","format":"standard","meta":[],"categories":[11,22],"tags":[],"_links":{"self":[{"href":"http:\/\/www.portalmantena.com.br\/novo\/index.php?rest_route=\/wp\/v2\/posts\/52955"}],"collection":[{"href":"http:\/\/www.portalmantena.com.br\/novo\/index.php?rest_route=\/wp\/v2\/posts"}],"about":[{"href":"http:\/\/www.portalmantena.com.br\/novo\/index.php?rest_route=\/wp\/v2\/types\/post"}],"author":[{"embeddable":true,"href":"http:\/\/www.portalmantena.com.br\/novo\/index.php?rest_route=\/wp\/v2\/users\/1"}],"replies":[{"embeddable":true,"href":"http:\/\/www.portalmantena.com.br\/novo\/index.php?rest_route=%2Fwp%2Fv2%2Fcomments&post=52955"}],"version-history":[{"count":1,"href":"http:\/\/www.portalmantena.com.br\/novo\/index.php?rest_route=\/wp\/v2\/posts\/52955\/revisions"}],"predecessor-version":[{"id":52957,"href":"http:\/\/www.portalmantena.com.br\/novo\/index.php?rest_route=\/wp\/v2\/posts\/52955\/revisions\/52957"}],"wp:featuredmedia":[{"embeddable":true,"href":"http:\/\/www.portalmantena.com.br\/novo\/index.php?rest_route=\/wp\/v2\/media\/52956"}],"wp:attachment":[{"href":"http:\/\/www.portalmantena.com.br\/novo\/index.php?rest_route=%2Fwp%2Fv2%2Fmedia&parent=52955"}],"wp:term":[{"taxonomy":"category","embeddable":true,"href":"http:\/\/www.portalmantena.com.br\/novo\/index.php?rest_route=%2Fwp%2Fv2%2Fcategories&post=52955"},{"taxonomy":"post_tag","embeddable":true,"href":"http:\/\/www.portalmantena.com.br\/novo\/index.php?rest_route=%2Fwp%2Fv2%2Ftags&post=52955"}],"curies":[{"name":"wp","href":"https:\/\/api.w.org\/{rel}","templated":true}]}}