{"id":5284,"date":"2017-04-26T11:38:53","date_gmt":"2017-04-26T14:38:53","guid":{"rendered":"http:\/\/www.portalmantena.com.br\/novo\/?p=5284"},"modified":"2017-04-26T10:58:54","modified_gmt":"2017-04-26T13:58:54","slug":"primeiro-aninho-do-pequeno-benjamin-alegria-de-toda-familia","status":"publish","type":"post","link":"http:\/\/www.portalmantena.com.br\/novo\/?p=5284","title":{"rendered":"Primeiro aninho do pequeno Benjamin, alegria de toda fam\u00edlia."},"content":{"rendered":"<p><a href=\"http:\/\/www.portalmantena.com.br\/novo\/wp-content\/uploads\/2017\/04\/vi260417ben.jpg\"><img loading=\"lazy\" class=\"alignnone size-full wp-image-5285\" src=\"http:\/\/www.portalmantena.com.br\/novo\/wp-content\/uploads\/2017\/04\/vi260417ben.jpg\" alt=\"\" width=\"700\" height=\"450\" srcset=\"http:\/\/www.portalmantena.com.br\/novo\/wp-content\/uploads\/2017\/04\/vi260417ben.jpg 700w, http:\/\/www.portalmantena.com.br\/novo\/wp-content\/uploads\/2017\/04\/vi260417ben-300x193.jpg 300w, http:\/\/www.portalmantena.com.br\/novo\/wp-content\/uploads\/2017\/04\/vi260417ben-696x447.jpg 696w, http:\/\/www.portalmantena.com.br\/novo\/wp-content\/uploads\/2017\/04\/vi260417ben-653x420.jpg 653w\" sizes=\"(max-width: 700px) 100vw, 700px\" \/><\/a><\/p>\n<p><span style=\"font-size: 14pt;\">Hora da fam\u00edlia toda se alegrar com o primeiro aninho do pequeno Benjamin, filho do casal George Assis &amp; Sarah que moram em Miami,\u00a0 na Fl\u00f3rida\/USA. Ele que \u00e9 netinho dos mantenenses Wagner Assis (Gabina) &amp; Carminha. Um garoto muito esperto e alegre, cheio de sa\u00fade e aben\u00e7oado por Deus. Desejamos muitos e muitos anos de vida, felicidades e muita sa\u00fade.<\/span><\/p>\n","protected":false},"excerpt":{"rendered":"<p>Hora da fam\u00edlia toda se alegrar com o primeiro aninho do pequeno Benjamin, filho do casal George Assis &amp; Sarah que moram em Miami,\u00a0 na Fl\u00f3rida\/USA. Ele que \u00e9 netinho dos mantenenses Wagner Assis (Gabina) &amp; Carminha. Um garoto muito esperto e alegre, cheio de sa\u00fade e aben\u00e7oado por Deus. Desejamos muitos e muitos anos [&hellip;]<\/p>\n","protected":false},"author":1,"featured_media":5285,"comment_status":"open","ping_status":"open","sticky":false,"template":"","format":"standard","meta":[],"categories":[7],"tags":[],"_links":{"self":[{"href":"http:\/\/www.portalmantena.com.br\/novo\/index.php?rest_route=\/wp\/v2\/posts\/5284"}],"collection":[{"href":"http:\/\/www.portalmantena.com.br\/novo\/index.php?rest_route=\/wp\/v2\/posts"}],"about":[{"href":"http:\/\/www.portalmantena.com.br\/novo\/index.php?rest_route=\/wp\/v2\/types\/post"}],"author":[{"embeddable":true,"href":"http:\/\/www.portalmantena.com.br\/novo\/index.php?rest_route=\/wp\/v2\/users\/1"}],"replies":[{"embeddable":true,"href":"http:\/\/www.portalmantena.com.br\/novo\/index.php?rest_route=%2Fwp%2Fv2%2Fcomments&post=5284"}],"version-history":[{"count":1,"href":"http:\/\/www.portalmantena.com.br\/novo\/index.php?rest_route=\/wp\/v2\/posts\/5284\/revisions"}],"predecessor-version":[{"id":5286,"href":"http:\/\/www.portalmantena.com.br\/novo\/index.php?rest_route=\/wp\/v2\/posts\/5284\/revisions\/5286"}],"wp:featuredmedia":[{"embeddable":true,"href":"http:\/\/www.portalmantena.com.br\/novo\/index.php?rest_route=\/wp\/v2\/media\/5285"}],"wp:attachment":[{"href":"http:\/\/www.portalmantena.com.br\/novo\/index.php?rest_route=%2Fwp%2Fv2%2Fmedia&parent=5284"}],"wp:term":[{"taxonomy":"category","embeddable":true,"href":"http:\/\/www.portalmantena.com.br\/novo\/index.php?rest_route=%2Fwp%2Fv2%2Fcategories&post=5284"},{"taxonomy":"post_tag","embeddable":true,"href":"http:\/\/www.portalmantena.com.br\/novo\/index.php?rest_route=%2Fwp%2Fv2%2Ftags&post=5284"}],"curies":[{"name":"wp","href":"https:\/\/api.w.org\/{rel}","templated":true}]}}