{"id":5281,"date":"2017-04-26T11:42:28","date_gmt":"2017-04-26T14:42:28","guid":{"rendered":"http:\/\/www.portalmantena.com.br\/novo\/?p=5281"},"modified":"2017-04-27T08:53:42","modified_gmt":"2017-04-27T11:53:42","slug":"arma-adulterada-e-apreendida-apos-autor-fugir-da-pm-em-central-de-minas","status":"publish","type":"post","link":"http:\/\/www.portalmantena.com.br\/novo\/?p=5281","title":{"rendered":"Arma adulterada \u00e9 apreendida ap\u00f3s autor fugir da PM em Central de Minas"},"content":{"rendered":"<p><a href=\"http:\/\/www.portalmantena.com.br\/novo\/wp-content\/uploads\/2017\/04\/no260417arma.jpg\"><img loading=\"lazy\" class=\"alignnone size-full wp-image-5282\" src=\"http:\/\/www.portalmantena.com.br\/novo\/wp-content\/uploads\/2017\/04\/no260417arma.jpg\" alt=\"\" width=\"700\" height=\"450\" srcset=\"http:\/\/www.portalmantena.com.br\/novo\/wp-content\/uploads\/2017\/04\/no260417arma.jpg 700w, http:\/\/www.portalmantena.com.br\/novo\/wp-content\/uploads\/2017\/04\/no260417arma-300x193.jpg 300w, http:\/\/www.portalmantena.com.br\/novo\/wp-content\/uploads\/2017\/04\/no260417arma-696x447.jpg 696w, http:\/\/www.portalmantena.com.br\/novo\/wp-content\/uploads\/2017\/04\/no260417arma-653x420.jpg 653w\" sizes=\"(max-width: 700px) 100vw, 700px\" \/><\/a><\/p>\n<p><span style=\"font-size: 14pt;\">Policiais militares apreenderam nesta ter\u00e7a-feira dia 25 de abril, durante uma Opera\u00e7\u00e3o de fiscaliza\u00e7\u00e3o de tr\u00e2nsito no munic\u00edpio de Central de Minas, uma arma adulterada. <\/span><\/p>\n<p><span style=\"font-size: 14pt;\">A apreens\u00e3o aconteceu quando os policiais avistaram uma motocicleta estilo trilha, onde o seu condutor ao ver os policiais imprimiu fuga por uma estrada de terra que liga o munic\u00edpio de Central de Minas com Mendes Pimentel. <\/span><\/p>\n<p><span style=\"font-size: 14pt;\">Em dado momento seu condutor dispensou as margens da estrada uma sacola que ao ser recolhida pelos policiais foi encontrada em seu interior uma espingarda adulterada, com o cano e a coronha cortados. <\/span><\/p>\n<p><span style=\"font-size: 14pt;\">A arma estava municiada com 01 cartucho calibre .36 e mais 04 cartuchos em uma capanga de pano. Segundo os militares, o ve\u00edculo foi perdido impossibilitando a abordagem. <\/span><\/p>\n<p><span style=\"font-size: 14pt;\">O material foi apreendido e encaminhado para a delegacia de pol\u00edcia da comarca de Mantena. Participram da opera\u00e7\u00e3o os policiais Sargento Hoskem, Sargento Gean e Cabo Muller.<\/span><\/p>\n","protected":false},"excerpt":{"rendered":"<p>Policiais militares apreenderam nesta ter\u00e7a-feira dia 25 de abril, durante uma Opera\u00e7\u00e3o de fiscaliza\u00e7\u00e3o de tr\u00e2nsito no munic\u00edpio de Central de Minas, uma arma adulterada. A apreens\u00e3o aconteceu quando os policiais avistaram uma motocicleta estilo trilha, onde o seu condutor ao ver os policiais imprimiu fuga por uma estrada de terra que liga o munic\u00edpio [&hellip;]<\/p>\n","protected":false},"author":1,"featured_media":5282,"comment_status":"open","ping_status":"open","sticky":false,"template":"","format":"standard","meta":[],"categories":[12,11,34],"tags":[],"_links":{"self":[{"href":"http:\/\/www.portalmantena.com.br\/novo\/index.php?rest_route=\/wp\/v2\/posts\/5281"}],"collection":[{"href":"http:\/\/www.portalmantena.com.br\/novo\/index.php?rest_route=\/wp\/v2\/posts"}],"about":[{"href":"http:\/\/www.portalmantena.com.br\/novo\/index.php?rest_route=\/wp\/v2\/types\/post"}],"author":[{"embeddable":true,"href":"http:\/\/www.portalmantena.com.br\/novo\/index.php?rest_route=\/wp\/v2\/users\/1"}],"replies":[{"embeddable":true,"href":"http:\/\/www.portalmantena.com.br\/novo\/index.php?rest_route=%2Fwp%2Fv2%2Fcomments&post=5281"}],"version-history":[{"count":1,"href":"http:\/\/www.portalmantena.com.br\/novo\/index.php?rest_route=\/wp\/v2\/posts\/5281\/revisions"}],"predecessor-version":[{"id":5283,"href":"http:\/\/www.portalmantena.com.br\/novo\/index.php?rest_route=\/wp\/v2\/posts\/5281\/revisions\/5283"}],"wp:featuredmedia":[{"embeddable":true,"href":"http:\/\/www.portalmantena.com.br\/novo\/index.php?rest_route=\/wp\/v2\/media\/5282"}],"wp:attachment":[{"href":"http:\/\/www.portalmantena.com.br\/novo\/index.php?rest_route=%2Fwp%2Fv2%2Fmedia&parent=5281"}],"wp:term":[{"taxonomy":"category","embeddable":true,"href":"http:\/\/www.portalmantena.com.br\/novo\/index.php?rest_route=%2Fwp%2Fv2%2Fcategories&post=5281"},{"taxonomy":"post_tag","embeddable":true,"href":"http:\/\/www.portalmantena.com.br\/novo\/index.php?rest_route=%2Fwp%2Fv2%2Ftags&post=5281"}],"curies":[{"name":"wp","href":"https:\/\/api.w.org\/{rel}","templated":true}]}}