{"id":5272,"date":"2017-04-26T11:51:36","date_gmt":"2017-04-26T14:51:36","guid":{"rendered":"http:\/\/www.portalmantena.com.br\/novo\/?p=5272"},"modified":"2017-04-26T08:40:13","modified_gmt":"2017-04-26T11:40:13","slug":"veiculo-pega-fogo-apos-acidente-com-moto-na-regiao","status":"publish","type":"post","link":"http:\/\/www.portalmantena.com.br\/novo\/?p=5272","title":{"rendered":"Ve\u00edculo pega fogo ap\u00f3s acidente com moto na regi\u00e3o"},"content":{"rendered":"<p><a href=\"http:\/\/www.portalmantena.com.br\/novo\/wp-content\/uploads\/2017\/04\/no260417aci.jpg\"><img loading=\"lazy\" class=\"alignnone size-full wp-image-5274\" src=\"http:\/\/www.portalmantena.com.br\/novo\/wp-content\/uploads\/2017\/04\/no260417aci.jpg\" alt=\"\" width=\"700\" height=\"450\" srcset=\"http:\/\/www.portalmantena.com.br\/novo\/wp-content\/uploads\/2017\/04\/no260417aci.jpg 700w, http:\/\/www.portalmantena.com.br\/novo\/wp-content\/uploads\/2017\/04\/no260417aci-300x193.jpg 300w, http:\/\/www.portalmantena.com.br\/novo\/wp-content\/uploads\/2017\/04\/no260417aci-696x447.jpg 696w, http:\/\/www.portalmantena.com.br\/novo\/wp-content\/uploads\/2017\/04\/no260417aci-653x420.jpg 653w\" sizes=\"(max-width: 700px) 100vw, 700px\" \/><\/a><\/p>\n<p><span style=\"font-size: 14pt;\">No in\u00edcio da tarde desta ter\u00e7a-feira 25 de abril, um homem de 58 anos ficou ferido ap\u00f3s se envolver em um acidente na rodovia BR-381, pr\u00f3ximo a Baguari, distrito de Governador Valadares. <\/span><\/p>\n<p><span style=\"font-size: 14pt;\">Segundo a Pol\u00edcia Rodovi\u00e1ria Federal, a v\u00edtima pilotava uma motocicleta quando realizou manobra e entrou na contram\u00e3o, colidindo com um carro de passeio que seguia na dire\u00e7\u00e3o contr\u00e1ria. <\/span><\/p>\n<p><span style=\"font-size: 14pt;\">O carro pegou fogo logo ap\u00f3s o acidente, mas o motorista, de 57 anos, j\u00e1 havia deixado o ve\u00edculo e n\u00e3o se feriu. O Corpo de Bombeiros foi acionado, mas ao chegar ao local o inc\u00eandio j\u00e1 havia acabado. <\/span><\/p>\n<p><span style=\"font-size: 14pt;\">O motociclista foi socorrido com les\u00f5es leves pelos bombeiros e encaminhado a hospital em Governador Valadares. (fonte:g1\/foto:PoliciaRodoviaria)<\/span><\/p>\n","protected":false},"excerpt":{"rendered":"<p>No in\u00edcio da tarde desta ter\u00e7a-feira 25 de abril, um homem de 58 anos ficou ferido ap\u00f3s se envolver em um acidente na rodovia BR-381, pr\u00f3ximo a Baguari, distrito de Governador Valadares. Segundo a Pol\u00edcia Rodovi\u00e1ria Federal, a v\u00edtima pilotava uma motocicleta quando realizou manobra e entrou na contram\u00e3o, colidindo com um carro de passeio [&hellip;]<\/p>\n","protected":false},"author":1,"featured_media":5274,"comment_status":"open","ping_status":"open","sticky":false,"template":"","format":"standard","meta":[],"categories":[11,39],"tags":[],"_links":{"self":[{"href":"http:\/\/www.portalmantena.com.br\/novo\/index.php?rest_route=\/wp\/v2\/posts\/5272"}],"collection":[{"href":"http:\/\/www.portalmantena.com.br\/novo\/index.php?rest_route=\/wp\/v2\/posts"}],"about":[{"href":"http:\/\/www.portalmantena.com.br\/novo\/index.php?rest_route=\/wp\/v2\/types\/post"}],"author":[{"embeddable":true,"href":"http:\/\/www.portalmantena.com.br\/novo\/index.php?rest_route=\/wp\/v2\/users\/1"}],"replies":[{"embeddable":true,"href":"http:\/\/www.portalmantena.com.br\/novo\/index.php?rest_route=%2Fwp%2Fv2%2Fcomments&post=5272"}],"version-history":[{"count":1,"href":"http:\/\/www.portalmantena.com.br\/novo\/index.php?rest_route=\/wp\/v2\/posts\/5272\/revisions"}],"predecessor-version":[{"id":5275,"href":"http:\/\/www.portalmantena.com.br\/novo\/index.php?rest_route=\/wp\/v2\/posts\/5272\/revisions\/5275"}],"wp:featuredmedia":[{"embeddable":true,"href":"http:\/\/www.portalmantena.com.br\/novo\/index.php?rest_route=\/wp\/v2\/media\/5274"}],"wp:attachment":[{"href":"http:\/\/www.portalmantena.com.br\/novo\/index.php?rest_route=%2Fwp%2Fv2%2Fmedia&parent=5272"}],"wp:term":[{"taxonomy":"category","embeddable":true,"href":"http:\/\/www.portalmantena.com.br\/novo\/index.php?rest_route=%2Fwp%2Fv2%2Fcategories&post=5272"},{"taxonomy":"post_tag","embeddable":true,"href":"http:\/\/www.portalmantena.com.br\/novo\/index.php?rest_route=%2Fwp%2Fv2%2Ftags&post=5272"}],"curies":[{"name":"wp","href":"https:\/\/api.w.org\/{rel}","templated":true}]}}