{"id":5269,"date":"2017-04-25T23:25:46","date_gmt":"2017-04-26T02:25:46","guid":{"rendered":"http:\/\/www.portalmantena.com.br\/novo\/?p=5269"},"modified":"2017-04-25T16:42:33","modified_gmt":"2017-04-25T19:42:33","slug":"ladroes-invadem-residencia-na-vila-landinha-em-sao-francisco-levando-varios-objetos","status":"publish","type":"post","link":"http:\/\/www.portalmantena.com.br\/novo\/?p=5269","title":{"rendered":"Ladr\u00f5es invadem resid\u00eancia na Vila Landinha em S\u00e3o Francisco levando v\u00e1rios objetos"},"content":{"rendered":"<p><span style=\"font-size: 14pt;\">Mais uma resid\u00eancia foi invadida na cidade de Barra de S\u00e3o Francisco com os marginais deixando um preju\u00edzo para o propriet\u00e1rio do im\u00f3vel, situado na Vila Landinha. Segundo informa\u00e7\u00f5es, o roubo aconteceu na madrugada desta ter\u00e7a-feira dia 25 de abril. <\/span><\/p>\n<p><span style=\"font-size: 14pt;\">Os ladr\u00f5es entraram e levaram do im\u00f3vel um iphone 7, um outro celular Galaxy s7, outro celular J5, um rel\u00f3gio diesel, um rel\u00f3gio da euro, uma alian\u00e7a de ouro, um notebook Sony vaio e uma bolsa de m\u00e3o com documentos pessoais de sua esposa da v\u00edtima. <\/span><\/p>\n<p><span style=\"font-size: 14pt;\">Qualquer informa\u00e7\u00e3o sobre os atores do roubo ou dos objetos roubados pode ser informado \u00e0 pol\u00edcia militar atrav\u00e9s do 190.<\/span><\/p>\n","protected":false},"excerpt":{"rendered":"<p>Mais uma resid\u00eancia foi invadida na cidade de Barra de S\u00e3o Francisco com os marginais deixando um preju\u00edzo para o propriet\u00e1rio do im\u00f3vel, situado na Vila Landinha. Segundo informa\u00e7\u00f5es, o roubo aconteceu na madrugada desta ter\u00e7a-feira dia 25 de abril. Os ladr\u00f5es entraram e levaram do im\u00f3vel um iphone 7, um outro celular Galaxy s7, [&hellip;]<\/p>\n","protected":false},"author":1,"featured_media":0,"comment_status":"open","ping_status":"open","sticky":false,"template":"","format":"standard","meta":[],"categories":[24],"tags":[],"_links":{"self":[{"href":"http:\/\/www.portalmantena.com.br\/novo\/index.php?rest_route=\/wp\/v2\/posts\/5269"}],"collection":[{"href":"http:\/\/www.portalmantena.com.br\/novo\/index.php?rest_route=\/wp\/v2\/posts"}],"about":[{"href":"http:\/\/www.portalmantena.com.br\/novo\/index.php?rest_route=\/wp\/v2\/types\/post"}],"author":[{"embeddable":true,"href":"http:\/\/www.portalmantena.com.br\/novo\/index.php?rest_route=\/wp\/v2\/users\/1"}],"replies":[{"embeddable":true,"href":"http:\/\/www.portalmantena.com.br\/novo\/index.php?rest_route=%2Fwp%2Fv2%2Fcomments&post=5269"}],"version-history":[{"count":1,"href":"http:\/\/www.portalmantena.com.br\/novo\/index.php?rest_route=\/wp\/v2\/posts\/5269\/revisions"}],"predecessor-version":[{"id":5270,"href":"http:\/\/www.portalmantena.com.br\/novo\/index.php?rest_route=\/wp\/v2\/posts\/5269\/revisions\/5270"}],"wp:attachment":[{"href":"http:\/\/www.portalmantena.com.br\/novo\/index.php?rest_route=%2Fwp%2Fv2%2Fmedia&parent=5269"}],"wp:term":[{"taxonomy":"category","embeddable":true,"href":"http:\/\/www.portalmantena.com.br\/novo\/index.php?rest_route=%2Fwp%2Fv2%2Fcategories&post=5269"},{"taxonomy":"post_tag","embeddable":true,"href":"http:\/\/www.portalmantena.com.br\/novo\/index.php?rest_route=%2Fwp%2Fv2%2Ftags&post=5269"}],"curies":[{"name":"wp","href":"https:\/\/api.w.org\/{rel}","templated":true}]}}