{"id":5252,"date":"2017-04-26T07:03:10","date_gmt":"2017-04-26T10:03:10","guid":{"rendered":"http:\/\/www.portalmantena.com.br\/novo\/?p=5252"},"modified":"2017-04-26T08:04:13","modified_gmt":"2017-04-26T11:04:13","slug":"mantenense-apresenta-resultado-de-seu-trabalhos-na-maior-feira-internacional-de-beleza-em-sp","status":"publish","type":"post","link":"http:\/\/www.portalmantena.com.br\/novo\/?p=5252","title":{"rendered":"Mantenense apresenta resultado de seu trabalho na maior Feira Internacional de Beleza em SP"},"content":{"rendered":"<p><a href=\"http:\/\/www.portalmantena.com.br\/novo\/wp-content\/uploads\/2017\/04\/no250417cabelo1.jpg\"><img loading=\"lazy\" class=\"alignnone size-full wp-image-5253\" src=\"http:\/\/www.portalmantena.com.br\/novo\/wp-content\/uploads\/2017\/04\/no250417cabelo1.jpg\" alt=\"\" width=\"700\" height=\"450\" srcset=\"http:\/\/www.portalmantena.com.br\/novo\/wp-content\/uploads\/2017\/04\/no250417cabelo1.jpg 700w, http:\/\/www.portalmantena.com.br\/novo\/wp-content\/uploads\/2017\/04\/no250417cabelo1-300x193.jpg 300w, http:\/\/www.portalmantena.com.br\/novo\/wp-content\/uploads\/2017\/04\/no250417cabelo1-696x447.jpg 696w, http:\/\/www.portalmantena.com.br\/novo\/wp-content\/uploads\/2017\/04\/no250417cabelo1-653x420.jpg 653w\" sizes=\"(max-width: 700px) 100vw, 700px\" \/><\/a><\/p>\n<p><span style=\"font-size: 14pt;\">Uma profissional mantenense vem se destacando na cidade e regi\u00e3o no ramo da est\u00e9tica, no entanto gra\u00e7as ao seu talento e dedica\u00e7\u00e3o se especializando em Tricologia Capilar, esta profissional foi convidada a participar e foi destaque no \u00faltimo final de semana na maior feira de beleza da Am\u00e9rica Latina, que aconteceu em S\u00e3o Paulo. <\/span><\/p>\n<p><span style=\"font-size: 14pt;\">A 16\u00b0 feira internacional de beleza, cabelo e est\u00e9tica &#8211; HAIR BRASIL foi realizada do dia 21 ao dia 24 de abril, no Expo Center Norte. \u00a0A maior feira e f\u00f3rum profissional de beleza da Am\u00e9rica Latina, recebeu al\u00e9m de muitos experts no assunto, um grande p\u00fablico seja do Brasil quanto do exterior. <\/span><\/p>\n<p><span style=\"font-size: 14pt;\">Acredita-se que o evento recebeu cerca de 25 mil pessoas por dia, entre cabeleireiros, maquiadores, manicures, pod\u00f3logos, esteticistas e empres\u00e1rios do setor de beleza de todo o Brasil e exterior. <\/span><\/p>\n<p><span style=\"font-size: 14pt;\">A profissional mantenense Patricia Karla participou do Congresso de Tricologia capilar na Hair Brasil, convite realizado por sua professora na Universidade Anhembi Morumbi Fabiana Padovez. \u00a0<\/span><\/p>\n<p><span style=\"font-size: 14pt;\">Como destaque em Mantena, Patr\u00edcia Karla apresentou os tratamentos criados por ela e os resultados positivos obtidos contra calv\u00edcie na Cl\u00ednica Est\u00e9tica e Laser em Mantena. \u00a0Formada pela universidade Anhembi Morumbi em S\u00e3o Paulo, p\u00f3s graduada em Dermato funcional, Gerontologia e Tricologia Capilar, Patr\u00edcia vem se tornando uma refer\u00eancia no leste de Minas e norte do Espirito Santo em tratamento contra Calv\u00edcie. <\/span><\/p>\n<p><span style=\"font-size: 14pt;\">Ela apresentou no Congresso, os casos reais de \u00a0pacientes que realizaram o tratamento com t\u00e9cnica de Micro Agulhamento Capilar, um tratamento que atua diretamente na estimula\u00e7\u00e3o do crescimento de novos fios capilares de forma r\u00e1pida e acess\u00edvel utilizando a t\u00e9cnica de microagulhamento capilar como um recurso promissor, eficaz e seguro no tratamento de Alopecia Androgen\u00e9tica. <\/span><\/p>\n<p><span style=\"font-size: 14pt;\">Se voc\u00ea j\u00e1 identificou in\u00edcio da calv\u00edcie entre em contato. O \u00a0tratamento \u00e9 realizado por sess\u00f5es na cl\u00ednica Est\u00e9tica &amp; laser em Mantena, situada \u00e0 avenida Get\u00falio Vargas, 520 no centro da cidade, o \u00a0contato \u00e9 (33) 3241 \u2013 4614.<\/span><\/p>\n<p><a href=\"http:\/\/www.portalmantena.com.br\/novo\/wp-content\/uploads\/2017\/04\/no250417cabelo2.jpg\"><img loading=\"lazy\" class=\"alignnone size-full wp-image-5254\" src=\"http:\/\/www.portalmantena.com.br\/novo\/wp-content\/uploads\/2017\/04\/no250417cabelo2.jpg\" alt=\"\" width=\"700\" height=\"450\" srcset=\"http:\/\/www.portalmantena.com.br\/novo\/wp-content\/uploads\/2017\/04\/no250417cabelo2.jpg 700w, http:\/\/www.portalmantena.com.br\/novo\/wp-content\/uploads\/2017\/04\/no250417cabelo2-300x193.jpg 300w, http:\/\/www.portalmantena.com.br\/novo\/wp-content\/uploads\/2017\/04\/no250417cabelo2-696x447.jpg 696w, http:\/\/www.portalmantena.com.br\/novo\/wp-content\/uploads\/2017\/04\/no250417cabelo2-653x420.jpg 653w\" sizes=\"(max-width: 700px) 100vw, 700px\" \/><\/a><\/p>\n<p>A esteticista mantenense Patr\u00edcia Karla (da Est\u00e9tica &amp; Laser), ao lado de sua professora de faculdade e mestre em Tricologia Capilar Fabiana Padovez (uma das mais conceituadas do Brasil).<\/p>\n<p><a href=\"http:\/\/www.portalmantena.com.br\/novo\/wp-content\/uploads\/2017\/04\/no250417cabelo10.jpg\"><img loading=\"lazy\" class=\"alignnone size-full wp-image-5262\" src=\"http:\/\/www.portalmantena.com.br\/novo\/wp-content\/uploads\/2017\/04\/no250417cabelo10.jpg\" alt=\"\" width=\"700\" height=\"450\" srcset=\"http:\/\/www.portalmantena.com.br\/novo\/wp-content\/uploads\/2017\/04\/no250417cabelo10.jpg 700w, http:\/\/www.portalmantena.com.br\/novo\/wp-content\/uploads\/2017\/04\/no250417cabelo10-300x193.jpg 300w, http:\/\/www.portalmantena.com.br\/novo\/wp-content\/uploads\/2017\/04\/no250417cabelo10-696x447.jpg 696w, http:\/\/www.portalmantena.com.br\/novo\/wp-content\/uploads\/2017\/04\/no250417cabelo10-653x420.jpg 653w\" sizes=\"(max-width: 700px) 100vw, 700px\" \/><\/a><a href=\"http:\/\/www.portalmantena.com.br\/novo\/wp-content\/uploads\/2017\/04\/no250417cabelo3.jpg\"><img loading=\"lazy\" class=\"alignnone size-full wp-image-5255\" src=\"http:\/\/www.portalmantena.com.br\/novo\/wp-content\/uploads\/2017\/04\/no250417cabelo3.jpg\" alt=\"\" width=\"700\" height=\"450\" srcset=\"http:\/\/www.portalmantena.com.br\/novo\/wp-content\/uploads\/2017\/04\/no250417cabelo3.jpg 700w, http:\/\/www.portalmantena.com.br\/novo\/wp-content\/uploads\/2017\/04\/no250417cabelo3-300x193.jpg 300w, http:\/\/www.portalmantena.com.br\/novo\/wp-content\/uploads\/2017\/04\/no250417cabelo3-696x447.jpg 696w, http:\/\/www.portalmantena.com.br\/novo\/wp-content\/uploads\/2017\/04\/no250417cabelo3-653x420.jpg 653w\" sizes=\"(max-width: 700px) 100vw, 700px\" \/><\/a> <a href=\"http:\/\/www.portalmantena.com.br\/novo\/wp-content\/uploads\/2017\/04\/no250417cabelo4.jpg\"><img loading=\"lazy\" class=\"alignnone size-full wp-image-5256\" src=\"http:\/\/www.portalmantena.com.br\/novo\/wp-content\/uploads\/2017\/04\/no250417cabelo4.jpg\" alt=\"\" width=\"700\" height=\"450\" srcset=\"http:\/\/www.portalmantena.com.br\/novo\/wp-content\/uploads\/2017\/04\/no250417cabelo4.jpg 700w, http:\/\/www.portalmantena.com.br\/novo\/wp-content\/uploads\/2017\/04\/no250417cabelo4-300x193.jpg 300w, http:\/\/www.portalmantena.com.br\/novo\/wp-content\/uploads\/2017\/04\/no250417cabelo4-696x447.jpg 696w, http:\/\/www.portalmantena.com.br\/novo\/wp-content\/uploads\/2017\/04\/no250417cabelo4-653x420.jpg 653w\" sizes=\"(max-width: 700px) 100vw, 700px\" \/><\/a> <a href=\"http:\/\/www.portalmantena.com.br\/novo\/wp-content\/uploads\/2017\/04\/no250417cabelo5.jpg\"><img loading=\"lazy\" class=\"alignnone size-full wp-image-5257\" src=\"http:\/\/www.portalmantena.com.br\/novo\/wp-content\/uploads\/2017\/04\/no250417cabelo5.jpg\" alt=\"\" width=\"700\" height=\"450\" srcset=\"http:\/\/www.portalmantena.com.br\/novo\/wp-content\/uploads\/2017\/04\/no250417cabelo5.jpg 700w, http:\/\/www.portalmantena.com.br\/novo\/wp-content\/uploads\/2017\/04\/no250417cabelo5-300x193.jpg 300w, http:\/\/www.portalmantena.com.br\/novo\/wp-content\/uploads\/2017\/04\/no250417cabelo5-696x447.jpg 696w, http:\/\/www.portalmantena.com.br\/novo\/wp-content\/uploads\/2017\/04\/no250417cabelo5-653x420.jpg 653w\" sizes=\"(max-width: 700px) 100vw, 700px\" \/><\/a> <a href=\"http:\/\/www.portalmantena.com.br\/novo\/wp-content\/uploads\/2017\/04\/no250417cabelo6.jpg\"><img loading=\"lazy\" class=\"alignnone size-full wp-image-5258\" src=\"http:\/\/www.portalmantena.com.br\/novo\/wp-content\/uploads\/2017\/04\/no250417cabelo6.jpg\" alt=\"\" width=\"700\" height=\"450\" srcset=\"http:\/\/www.portalmantena.com.br\/novo\/wp-content\/uploads\/2017\/04\/no250417cabelo6.jpg 700w, http:\/\/www.portalmantena.com.br\/novo\/wp-content\/uploads\/2017\/04\/no250417cabelo6-300x193.jpg 300w, http:\/\/www.portalmantena.com.br\/novo\/wp-content\/uploads\/2017\/04\/no250417cabelo6-696x447.jpg 696w, http:\/\/www.portalmantena.com.br\/novo\/wp-content\/uploads\/2017\/04\/no250417cabelo6-653x420.jpg 653w\" sizes=\"(max-width: 700px) 100vw, 700px\" \/><\/a> <a href=\"http:\/\/www.portalmantena.com.br\/novo\/wp-content\/uploads\/2017\/04\/no250417cabelo7.jpg\"><img loading=\"lazy\" class=\"alignnone size-full wp-image-5259\" src=\"http:\/\/www.portalmantena.com.br\/novo\/wp-content\/uploads\/2017\/04\/no250417cabelo7.jpg\" alt=\"\" width=\"700\" height=\"450\" srcset=\"http:\/\/www.portalmantena.com.br\/novo\/wp-content\/uploads\/2017\/04\/no250417cabelo7.jpg 700w, http:\/\/www.portalmantena.com.br\/novo\/wp-content\/uploads\/2017\/04\/no250417cabelo7-300x193.jpg 300w, http:\/\/www.portalmantena.com.br\/novo\/wp-content\/uploads\/2017\/04\/no250417cabelo7-696x447.jpg 696w, http:\/\/www.portalmantena.com.br\/novo\/wp-content\/uploads\/2017\/04\/no250417cabelo7-653x420.jpg 653w\" sizes=\"(max-width: 700px) 100vw, 700px\" \/><\/a> <a href=\"http:\/\/www.portalmantena.com.br\/novo\/wp-content\/uploads\/2017\/04\/no250417cabelo8.jpg\"><img loading=\"lazy\" class=\"alignnone size-full wp-image-5260\" src=\"http:\/\/www.portalmantena.com.br\/novo\/wp-content\/uploads\/2017\/04\/no250417cabelo8.jpg\" alt=\"\" width=\"700\" height=\"450\" srcset=\"http:\/\/www.portalmantena.com.br\/novo\/wp-content\/uploads\/2017\/04\/no250417cabelo8.jpg 700w, http:\/\/www.portalmantena.com.br\/novo\/wp-content\/uploads\/2017\/04\/no250417cabelo8-300x193.jpg 300w, http:\/\/www.portalmantena.com.br\/novo\/wp-content\/uploads\/2017\/04\/no250417cabelo8-696x447.jpg 696w, http:\/\/www.portalmantena.com.br\/novo\/wp-content\/uploads\/2017\/04\/no250417cabelo8-653x420.jpg 653w\" sizes=\"(max-width: 700px) 100vw, 700px\" \/><\/a> <a href=\"http:\/\/www.portalmantena.com.br\/novo\/wp-content\/uploads\/2017\/04\/no250417cabelo9.jpg\"><img loading=\"lazy\" class=\"alignnone size-full wp-image-5261\" src=\"http:\/\/www.portalmantena.com.br\/novo\/wp-content\/uploads\/2017\/04\/no250417cabelo9.jpg\" alt=\"\" width=\"700\" height=\"450\" srcset=\"http:\/\/www.portalmantena.com.br\/novo\/wp-content\/uploads\/2017\/04\/no250417cabelo9.jpg 700w, http:\/\/www.portalmantena.com.br\/novo\/wp-content\/uploads\/2017\/04\/no250417cabelo9-300x193.jpg 300w, http:\/\/www.portalmantena.com.br\/novo\/wp-content\/uploads\/2017\/04\/no250417cabelo9-696x447.jpg 696w, http:\/\/www.portalmantena.com.br\/novo\/wp-content\/uploads\/2017\/04\/no250417cabelo9-653x420.jpg 653w\" sizes=\"(max-width: 700px) 100vw, 700px\" \/><\/a><\/p>\n","protected":false},"excerpt":{"rendered":"<p>Uma profissional mantenense vem se destacando na cidade e regi\u00e3o no ramo da est\u00e9tica, no entanto gra\u00e7as ao seu talento e dedica\u00e7\u00e3o se especializando em Tricologia Capilar, esta profissional foi convidada a participar e foi destaque no \u00faltimo final de semana na maior feira de beleza da Am\u00e9rica Latina, que aconteceu em S\u00e3o Paulo. A [&hellip;]<\/p>\n","protected":false},"author":1,"featured_media":5258,"comment_status":"open","ping_status":"open","sticky":false,"template":"","format":"standard","meta":[],"categories":[36,12,11],"tags":[],"_links":{"self":[{"href":"http:\/\/www.portalmantena.com.br\/novo\/index.php?rest_route=\/wp\/v2\/posts\/5252"}],"collection":[{"href":"http:\/\/www.portalmantena.com.br\/novo\/index.php?rest_route=\/wp\/v2\/posts"}],"about":[{"href":"http:\/\/www.portalmantena.com.br\/novo\/index.php?rest_route=\/wp\/v2\/types\/post"}],"author":[{"embeddable":true,"href":"http:\/\/www.portalmantena.com.br\/novo\/index.php?rest_route=\/wp\/v2\/users\/1"}],"replies":[{"embeddable":true,"href":"http:\/\/www.portalmantena.com.br\/novo\/index.php?rest_route=%2Fwp%2Fv2%2Fcomments&post=5252"}],"version-history":[{"count":4,"href":"http:\/\/www.portalmantena.com.br\/novo\/index.php?rest_route=\/wp\/v2\/posts\/5252\/revisions"}],"predecessor-version":[{"id":5273,"href":"http:\/\/www.portalmantena.com.br\/novo\/index.php?rest_route=\/wp\/v2\/posts\/5252\/revisions\/5273"}],"wp:featuredmedia":[{"embeddable":true,"href":"http:\/\/www.portalmantena.com.br\/novo\/index.php?rest_route=\/wp\/v2\/media\/5258"}],"wp:attachment":[{"href":"http:\/\/www.portalmantena.com.br\/novo\/index.php?rest_route=%2Fwp%2Fv2%2Fmedia&parent=5252"}],"wp:term":[{"taxonomy":"category","embeddable":true,"href":"http:\/\/www.portalmantena.com.br\/novo\/index.php?rest_route=%2Fwp%2Fv2%2Fcategories&post=5252"},{"taxonomy":"post_tag","embeddable":true,"href":"http:\/\/www.portalmantena.com.br\/novo\/index.php?rest_route=%2Fwp%2Fv2%2Ftags&post=5252"}],"curies":[{"name":"wp","href":"https:\/\/api.w.org\/{rel}","templated":true}]}}