{"id":5243,"date":"2017-04-26T07:14:44","date_gmt":"2017-04-26T10:14:44","guid":{"rendered":"http:\/\/www.portalmantena.com.br\/novo\/?p=5243"},"modified":"2017-04-25T14:48:21","modified_gmt":"2017-04-25T17:48:21","slug":"carro-fica-de-rodas-para-cima-apos-acidente-em-galileia","status":"publish","type":"post","link":"http:\/\/www.portalmantena.com.br\/novo\/?p=5243","title":{"rendered":"Carro fica de rodas para cima ap\u00f3s acidente em Galil\u00e9ia"},"content":{"rendered":"<p><a href=\"http:\/\/www.portalmantena.com.br\/novo\/wp-content\/uploads\/2017\/04\/no250417carro.jpg\"><img loading=\"lazy\" class=\"alignnone size-full wp-image-5244\" src=\"http:\/\/www.portalmantena.com.br\/novo\/wp-content\/uploads\/2017\/04\/no250417carro.jpg\" alt=\"\" width=\"700\" height=\"450\" srcset=\"http:\/\/www.portalmantena.com.br\/novo\/wp-content\/uploads\/2017\/04\/no250417carro.jpg 700w, http:\/\/www.portalmantena.com.br\/novo\/wp-content\/uploads\/2017\/04\/no250417carro-300x193.jpg 300w, http:\/\/www.portalmantena.com.br\/novo\/wp-content\/uploads\/2017\/04\/no250417carro-696x447.jpg 696w, http:\/\/www.portalmantena.com.br\/novo\/wp-content\/uploads\/2017\/04\/no250417carro-653x420.jpg 653w\" sizes=\"(max-width: 700px) 100vw, 700px\" \/><\/a><\/p>\n<p><span style=\"font-size: 14pt;\">A Pol\u00edcia Militar Rodovi\u00e1ria registrou nesta segunda-feira dia 24 de abril, na rodovia BR 259 no munic\u00edpio de Galil\u00e9ia mais um acidente. Pr\u00f3ximo ao restaurante Gouveia, que fica \u00e0s margens da rodovia, os militares encontraram um ve\u00edculo com as rodas para cima. <\/span><\/p>\n<p><span style=\"font-size: 14pt;\">Segundo o condutor, o mesmo tentou desviar de um caminh\u00e3o que fazia ultrapassagem for\u00e7ada e acabou capotando seu ve\u00edculo. Segundo consta no Boletim de ocorr\u00eancia o caminh\u00e3o teria seguido viagem, sem prestar socorro e n\u00e3o sendo poss\u00edvel sua identifica\u00e7\u00e3o. <\/span><\/p>\n<p><span style=\"font-size: 14pt;\">O motorista do carro de passeio n\u00e3o sofreu ferimentos graves. (fonte\/foto:noticiasnoleste)<\/span><\/p>\n","protected":false},"excerpt":{"rendered":"<p>A Pol\u00edcia Militar Rodovi\u00e1ria registrou nesta segunda-feira dia 24 de abril, na rodovia BR 259 no munic\u00edpio de Galil\u00e9ia mais um acidente. Pr\u00f3ximo ao restaurante Gouveia, que fica \u00e0s margens da rodovia, os militares encontraram um ve\u00edculo com as rodas para cima. Segundo o condutor, o mesmo tentou desviar de um caminh\u00e3o que fazia ultrapassagem [&hellip;]<\/p>\n","protected":false},"author":1,"featured_media":5244,"comment_status":"open","ping_status":"open","sticky":false,"template":"","format":"standard","meta":[],"categories":[11,39],"tags":[],"_links":{"self":[{"href":"http:\/\/www.portalmantena.com.br\/novo\/index.php?rest_route=\/wp\/v2\/posts\/5243"}],"collection":[{"href":"http:\/\/www.portalmantena.com.br\/novo\/index.php?rest_route=\/wp\/v2\/posts"}],"about":[{"href":"http:\/\/www.portalmantena.com.br\/novo\/index.php?rest_route=\/wp\/v2\/types\/post"}],"author":[{"embeddable":true,"href":"http:\/\/www.portalmantena.com.br\/novo\/index.php?rest_route=\/wp\/v2\/users\/1"}],"replies":[{"embeddable":true,"href":"http:\/\/www.portalmantena.com.br\/novo\/index.php?rest_route=%2Fwp%2Fv2%2Fcomments&post=5243"}],"version-history":[{"count":1,"href":"http:\/\/www.portalmantena.com.br\/novo\/index.php?rest_route=\/wp\/v2\/posts\/5243\/revisions"}],"predecessor-version":[{"id":5245,"href":"http:\/\/www.portalmantena.com.br\/novo\/index.php?rest_route=\/wp\/v2\/posts\/5243\/revisions\/5245"}],"wp:featuredmedia":[{"embeddable":true,"href":"http:\/\/www.portalmantena.com.br\/novo\/index.php?rest_route=\/wp\/v2\/media\/5244"}],"wp:attachment":[{"href":"http:\/\/www.portalmantena.com.br\/novo\/index.php?rest_route=%2Fwp%2Fv2%2Fmedia&parent=5243"}],"wp:term":[{"taxonomy":"category","embeddable":true,"href":"http:\/\/www.portalmantena.com.br\/novo\/index.php?rest_route=%2Fwp%2Fv2%2Fcategories&post=5243"},{"taxonomy":"post_tag","embeddable":true,"href":"http:\/\/www.portalmantena.com.br\/novo\/index.php?rest_route=%2Fwp%2Fv2%2Ftags&post=5243"}],"curies":[{"name":"wp","href":"https:\/\/api.w.org\/{rel}","templated":true}]}}