{"id":52224,"date":"2019-08-29T23:36:08","date_gmt":"2019-08-30T02:36:08","guid":{"rendered":"http:\/\/www.portalmantena.com.br\/novo\/?p=52224"},"modified":"2019-08-29T14:22:15","modified_gmt":"2019-08-29T17:22:15","slug":"mantena-evento-na-apae-visa-elevador-para-cadeirantes","status":"publish","type":"post","link":"http:\/\/www.portalmantena.com.br\/novo\/?p=52224","title":{"rendered":"Mantena: Evento na APAE visa Elevador para Cadeirantes"},"content":{"rendered":"<p><a href=\"http:\/\/www.portalmantena.com.br\/novo\/wp-content\/uploads\/2019\/08\/no290819apae.jpg\"><img loading=\"lazy\" class=\"alignnone size-full wp-image-52225\" src=\"http:\/\/www.portalmantena.com.br\/novo\/wp-content\/uploads\/2019\/08\/no290819apae.jpg\" alt=\"\" width=\"700\" height=\"450\" srcset=\"http:\/\/www.portalmantena.com.br\/novo\/wp-content\/uploads\/2019\/08\/no290819apae.jpg 700w, http:\/\/www.portalmantena.com.br\/novo\/wp-content\/uploads\/2019\/08\/no290819apae-300x193.jpg 300w, http:\/\/www.portalmantena.com.br\/novo\/wp-content\/uploads\/2019\/08\/no290819apae-696x447.jpg 696w, http:\/\/www.portalmantena.com.br\/novo\/wp-content\/uploads\/2019\/08\/no290819apae-653x420.jpg 653w\" sizes=\"(max-width: 700px) 100vw, 700px\" \/><\/a><\/p>\n<p><span style=\"font-size: 14pt;\">Com o objetivo de adquirir um Elevador para Cadeirantes, a APAE &#8211; Associa\u00e7\u00e3o de Pais e Amigos dos Excepcionais de Mantena, estar\u00e1 realizando nesta sexta-feira dia 30 de agosto, uma Promo\u00e7\u00e3o Beneficente. <\/span><\/p>\n<p><span style=\"font-size: 14pt;\">O evento acontecer\u00e1 nas depend\u00eancias da Quadra da APAE, situada \u00e0 rua Eliane Melado, 441 no bairro Santo Ant\u00f4nio em Mantena a partir das 19 horas. <\/span><\/p>\n<p><span style=\"font-size: 14pt;\">O primeiro pr\u00eamio ser\u00e1 de R$ 1.500 reais, o segundo pr\u00eamio uma Bezerra, o 3\u00ba pr\u00eamio um kit de churrasco no valor de R$ 500 reais e o 4] pr\u00eamio uma bicicleta. Ser\u00e3o mais de 16 pr\u00eamios sorteados pelo n\u00famero da cartela. <\/span><\/p>\n<p><span style=\"font-size: 14pt;\">Participe, ajude a APAE de Mantena na aquisi\u00e7\u00e3o deste Elevador para Cadeirantes.<\/span><\/p>\n<p><a href=\"http:\/\/www.portalmantena.com.br\/novo\/\"><img loading=\"lazy\" class=\"alignnone size-full wp-image-37331\" src=\"http:\/\/www.portalmantena.com.br\/novo\/wp-content\/uploads\/2018\/05\/faixaportalnoticias5.jpg\" alt=\"\" width=\"700\" height=\"40\" srcset=\"http:\/\/www.portalmantena.com.br\/novo\/wp-content\/uploads\/2018\/05\/faixaportalnoticias5.jpg 700w, http:\/\/www.portalmantena.com.br\/novo\/wp-content\/uploads\/2018\/05\/faixaportalnoticias5-300x17.jpg 300w, http:\/\/www.portalmantena.com.br\/novo\/wp-content\/uploads\/2018\/05\/faixaportalnoticias5-696x40.jpg 696w\" sizes=\"(max-width: 700px) 100vw, 700px\" \/><\/a><\/p>\n<p><span style=\"font-size: 10pt;\">ESPA\u00c7O EMPRESARIAL<\/span><a href=\"https:\/\/www.facebook.com\/redecasasdastintas\/?__xts__[0]=68.ARBvBkEV-xf0LmeoVmLkmSNYi2fkJzyH_VdImjnJBqA-OJQ8WAGhfxFzuODZeXT97StHLCU2lui2hNiBS9juZZIIH59sSIfo9vM1711g7hmVObiniGMIKpCnGYGx_YmAkGj8o0shglKSje-m1cISUC5fXmbbIDZHgBn9rbll8J1_u-sWBptuc70mqMQ5dXSVaEbLcv7md0y1MndLTPX1QVF6vv_p8UwvHEYJiMzOeJ27-SNULvH_Ia_jzPUIPLemEjFfBOB1GDY2bKOl-hHJ82NDCthVWvRTDkLv5Ac-BJxkK8AMjv3yPHiiz_fTfCghxAzXR4kngL0HN5fNO2PSBWMM9g&amp;__tn__=HHH-R\"><img loading=\"lazy\" class=\"alignnone size-full wp-image-45727\" src=\"http:\/\/www.portalmantena.com.br\/novo\/wp-content\/uploads\/2018\/05\/casatintas120419.jpg\" alt=\"\" width=\"700\" height=\"150\" srcset=\"http:\/\/www.portalmantena.com.br\/novo\/wp-content\/uploads\/2018\/05\/casatintas120419.jpg 700w, http:\/\/www.portalmantena.com.br\/novo\/wp-content\/uploads\/2018\/05\/casatintas120419-300x64.jpg 300w, http:\/\/www.portalmantena.com.br\/novo\/wp-content\/uploads\/2018\/05\/casatintas120419-696x150.jpg 696w\" sizes=\"(max-width: 700px) 100vw, 700px\" \/><\/a><\/p>\n","protected":false},"excerpt":{"rendered":"<p>Com o objetivo de adquirir um Elevador para Cadeirantes, a APAE &#8211; Associa\u00e7\u00e3o de Pais e Amigos dos Excepcionais de Mantena, estar\u00e1 realizando nesta sexta-feira dia 30 de agosto, uma Promo\u00e7\u00e3o Beneficente. O evento acontecer\u00e1 nas depend\u00eancias da Quadra da APAE, situada \u00e0 rua Eliane Melado, 441 no bairro Santo Ant\u00f4nio em Mantena a partir [&hellip;]<\/p>\n","protected":false},"author":1,"featured_media":52225,"comment_status":"open","ping_status":"open","sticky":false,"template":"","format":"standard","meta":[],"categories":[36,11],"tags":[],"_links":{"self":[{"href":"http:\/\/www.portalmantena.com.br\/novo\/index.php?rest_route=\/wp\/v2\/posts\/52224"}],"collection":[{"href":"http:\/\/www.portalmantena.com.br\/novo\/index.php?rest_route=\/wp\/v2\/posts"}],"about":[{"href":"http:\/\/www.portalmantena.com.br\/novo\/index.php?rest_route=\/wp\/v2\/types\/post"}],"author":[{"embeddable":true,"href":"http:\/\/www.portalmantena.com.br\/novo\/index.php?rest_route=\/wp\/v2\/users\/1"}],"replies":[{"embeddable":true,"href":"http:\/\/www.portalmantena.com.br\/novo\/index.php?rest_route=%2Fwp%2Fv2%2Fcomments&post=52224"}],"version-history":[{"count":1,"href":"http:\/\/www.portalmantena.com.br\/novo\/index.php?rest_route=\/wp\/v2\/posts\/52224\/revisions"}],"predecessor-version":[{"id":52226,"href":"http:\/\/www.portalmantena.com.br\/novo\/index.php?rest_route=\/wp\/v2\/posts\/52224\/revisions\/52226"}],"wp:featuredmedia":[{"embeddable":true,"href":"http:\/\/www.portalmantena.com.br\/novo\/index.php?rest_route=\/wp\/v2\/media\/52225"}],"wp:attachment":[{"href":"http:\/\/www.portalmantena.com.br\/novo\/index.php?rest_route=%2Fwp%2Fv2%2Fmedia&parent=52224"}],"wp:term":[{"taxonomy":"category","embeddable":true,"href":"http:\/\/www.portalmantena.com.br\/novo\/index.php?rest_route=%2Fwp%2Fv2%2Fcategories&post=52224"},{"taxonomy":"post_tag","embeddable":true,"href":"http:\/\/www.portalmantena.com.br\/novo\/index.php?rest_route=%2Fwp%2Fv2%2Ftags&post=52224"}],"curies":[{"name":"wp","href":"https:\/\/api.w.org\/{rel}","templated":true}]}}