{"id":52035,"date":"2019-08-26T10:38:29","date_gmt":"2019-08-26T13:38:29","guid":{"rendered":"http:\/\/www.portalmantena.com.br\/novo\/?p=52035"},"modified":"2019-08-26T10:38:29","modified_gmt":"2019-08-26T13:38:29","slug":"atleta-mantenense-foi-5o-no-night-runner-em-gv","status":"publish","type":"post","link":"http:\/\/www.portalmantena.com.br\/novo\/?p=52035","title":{"rendered":"Atleta mantenense foi 5\u00ba no Night Runner em GV"},"content":{"rendered":"<p><a href=\"http:\/\/www.portalmantena.com.br\/novo\/wp-content\/uploads\/2019\/08\/no260819cintia5.jpg\"><img loading=\"lazy\" class=\"alignnone size-full wp-image-52040\" src=\"http:\/\/www.portalmantena.com.br\/novo\/wp-content\/uploads\/2019\/08\/no260819cintia5.jpg\" alt=\"\" width=\"700\" height=\"450\" srcset=\"http:\/\/www.portalmantena.com.br\/novo\/wp-content\/uploads\/2019\/08\/no260819cintia5.jpg 700w, http:\/\/www.portalmantena.com.br\/novo\/wp-content\/uploads\/2019\/08\/no260819cintia5-300x193.jpg 300w, http:\/\/www.portalmantena.com.br\/novo\/wp-content\/uploads\/2019\/08\/no260819cintia5-696x447.jpg 696w, http:\/\/www.portalmantena.com.br\/novo\/wp-content\/uploads\/2019\/08\/no260819cintia5-653x420.jpg 653w\" sizes=\"(max-width: 700px) 100vw, 700px\" \/><\/a><\/p>\n<p><span style=\"font-size: 14pt;\">No \u00faltimo s\u00e1bado dia 17 de agosto, mais uma corrida de Rua foi realizada na regi\u00e3o, desta vez na cidade de Governador Valadares com a 3\u00aa Night RUNNER, com percurso ao redor da Ilha dos Ara\u00fajos, em provas de 3 km para caminhada e ainda 6 e 12 km de corrida. <\/span><\/p>\n<p><span style=\"font-size: 14pt;\">A atleta mantenense Cinthia Samille Mota mais uma vez participou e chegou em 5\u00ba lugar em sua categoria. Lembrando que esta \u00e9 uma corrida noturna. <\/span><\/p>\n<p><span style=\"font-size: 14pt;\">Cinthia que fez o percurso de 6 km com o tempo de 34 minutos, por\u00e9m desta vez n\u00e3o subiu ao p\u00f3dio, que premiou at\u00e9 o 3\u00ba lugar. <\/span><\/p>\n<p><span style=\"font-size: 14pt;\">Mesmo assim ela considerou a prova muito bem organizada, e aproveitou para agradecer a presen\u00e7a de familiares, amigos e ainda compartilhou uma foto ao lado do mantenense, o cantor Bruno Herdy, que tamb\u00e9m participou da prova.<\/span><\/p>\n<p><a href=\"http:\/\/www.portalmantena.com.br\/novo\/wp-content\/uploads\/2019\/08\/no260819cintia2.jpg\"><img loading=\"lazy\" class=\"alignnone size-full wp-image-52037\" src=\"http:\/\/www.portalmantena.com.br\/novo\/wp-content\/uploads\/2019\/08\/no260819cintia2.jpg\" alt=\"\" width=\"700\" height=\"450\" srcset=\"http:\/\/www.portalmantena.com.br\/novo\/wp-content\/uploads\/2019\/08\/no260819cintia2.jpg 700w, http:\/\/www.portalmantena.com.br\/novo\/wp-content\/uploads\/2019\/08\/no260819cintia2-300x193.jpg 300w, http:\/\/www.portalmantena.com.br\/novo\/wp-content\/uploads\/2019\/08\/no260819cintia2-696x447.jpg 696w, http:\/\/www.portalmantena.com.br\/novo\/wp-content\/uploads\/2019\/08\/no260819cintia2-653x420.jpg 653w\" sizes=\"(max-width: 700px) 100vw, 700px\" \/><\/a><a href=\"http:\/\/www.portalmantena.com.br\/novo\/wp-content\/uploads\/2019\/08\/no260819cintia1.jpg\"><img loading=\"lazy\" class=\"alignnone size-full wp-image-52036\" src=\"http:\/\/www.portalmantena.com.br\/novo\/wp-content\/uploads\/2019\/08\/no260819cintia1.jpg\" alt=\"\" width=\"700\" height=\"450\" srcset=\"http:\/\/www.portalmantena.com.br\/novo\/wp-content\/uploads\/2019\/08\/no260819cintia1.jpg 700w, http:\/\/www.portalmantena.com.br\/novo\/wp-content\/uploads\/2019\/08\/no260819cintia1-300x193.jpg 300w, http:\/\/www.portalmantena.com.br\/novo\/wp-content\/uploads\/2019\/08\/no260819cintia1-696x447.jpg 696w, http:\/\/www.portalmantena.com.br\/novo\/wp-content\/uploads\/2019\/08\/no260819cintia1-653x420.jpg 653w\" sizes=\"(max-width: 700px) 100vw, 700px\" \/><\/a> <a href=\"http:\/\/www.portalmantena.com.br\/novo\/wp-content\/uploads\/2019\/08\/no260819cintia3.jpg\"><img loading=\"lazy\" class=\"alignnone size-full wp-image-52038\" src=\"http:\/\/www.portalmantena.com.br\/novo\/wp-content\/uploads\/2019\/08\/no260819cintia3.jpg\" alt=\"\" width=\"700\" height=\"450\" srcset=\"http:\/\/www.portalmantena.com.br\/novo\/wp-content\/uploads\/2019\/08\/no260819cintia3.jpg 700w, http:\/\/www.portalmantena.com.br\/novo\/wp-content\/uploads\/2019\/08\/no260819cintia3-300x193.jpg 300w, http:\/\/www.portalmantena.com.br\/novo\/wp-content\/uploads\/2019\/08\/no260819cintia3-696x447.jpg 696w, http:\/\/www.portalmantena.com.br\/novo\/wp-content\/uploads\/2019\/08\/no260819cintia3-653x420.jpg 653w\" sizes=\"(max-width: 700px) 100vw, 700px\" \/><\/a> <a href=\"http:\/\/www.portalmantena.com.br\/novo\/wp-content\/uploads\/2019\/08\/no260819cintia4.jpg\"><img loading=\"lazy\" class=\"alignnone size-full wp-image-52039\" src=\"http:\/\/www.portalmantena.com.br\/novo\/wp-content\/uploads\/2019\/08\/no260819cintia4.jpg\" alt=\"\" width=\"700\" height=\"450\" srcset=\"http:\/\/www.portalmantena.com.br\/novo\/wp-content\/uploads\/2019\/08\/no260819cintia4.jpg 700w, http:\/\/www.portalmantena.com.br\/novo\/wp-content\/uploads\/2019\/08\/no260819cintia4-300x193.jpg 300w, http:\/\/www.portalmantena.com.br\/novo\/wp-content\/uploads\/2019\/08\/no260819cintia4-696x447.jpg 696w, http:\/\/www.portalmantena.com.br\/novo\/wp-content\/uploads\/2019\/08\/no260819cintia4-653x420.jpg 653w\" sizes=\"(max-width: 700px) 100vw, 700px\" \/><\/a><a href=\"http:\/\/www.portalmantena.com.br\/novo\/wp-content\/uploads\/2019\/08\/no260819cintia6.jpg\"><img loading=\"lazy\" class=\"alignnone size-full wp-image-52041\" src=\"http:\/\/www.portalmantena.com.br\/novo\/wp-content\/uploads\/2019\/08\/no260819cintia6.jpg\" alt=\"\" width=\"700\" height=\"450\" srcset=\"http:\/\/www.portalmantena.com.br\/novo\/wp-content\/uploads\/2019\/08\/no260819cintia6.jpg 700w, http:\/\/www.portalmantena.com.br\/novo\/wp-content\/uploads\/2019\/08\/no260819cintia6-300x193.jpg 300w, http:\/\/www.portalmantena.com.br\/novo\/wp-content\/uploads\/2019\/08\/no260819cintia6-696x447.jpg 696w, http:\/\/www.portalmantena.com.br\/novo\/wp-content\/uploads\/2019\/08\/no260819cintia6-653x420.jpg 653w\" sizes=\"(max-width: 700px) 100vw, 700px\" \/><\/a><a href=\"http:\/\/www.portalmantena.com.br\/novo\/\"><img loading=\"lazy\" class=\"alignnone size-full wp-image-37331\" src=\"http:\/\/www.portalmantena.com.br\/novo\/wp-content\/uploads\/2018\/05\/faixaportalnoticias5.jpg\" alt=\"\" width=\"700\" height=\"40\" srcset=\"http:\/\/www.portalmantena.com.br\/novo\/wp-content\/uploads\/2018\/05\/faixaportalnoticias5.jpg 700w, http:\/\/www.portalmantena.com.br\/novo\/wp-content\/uploads\/2018\/05\/faixaportalnoticias5-300x17.jpg 300w, http:\/\/www.portalmantena.com.br\/novo\/wp-content\/uploads\/2018\/05\/faixaportalnoticias5-696x40.jpg 696w\" sizes=\"(max-width: 700px) 100vw, 700px\" \/><\/a><\/p>\n<p><span style=\"font-size: 10pt;\">ESPA\u00c7O EMPRESARIAL<\/span><a href=\"http:\/\/www.molvw.com.br\/\"><img loading=\"lazy\" class=\"alignnone size-full wp-image-29504\" src=\"http:\/\/www.portalmantena.com.br\/novo\/wp-content\/uploads\/2018\/05\/molvolkswagen.jpg\" alt=\"\" width=\"700\" height=\"150\" srcset=\"http:\/\/www.portalmantena.com.br\/novo\/wp-content\/uploads\/2018\/05\/molvolkswagen.jpg 700w, http:\/\/www.portalmantena.com.br\/novo\/wp-content\/uploads\/2018\/05\/molvolkswagen-300x64.jpg 300w, http:\/\/www.portalmantena.com.br\/novo\/wp-content\/uploads\/2018\/05\/molvolkswagen-696x150.jpg 696w\" sizes=\"(max-width: 700px) 100vw, 700px\" \/><\/a><\/p>\n","protected":false},"excerpt":{"rendered":"<p>No \u00faltimo s\u00e1bado dia 17 de agosto, mais uma corrida de Rua foi realizada na regi\u00e3o, desta vez na cidade de Governador Valadares com a 3\u00aa Night RUNNER, com percurso ao redor da Ilha dos Ara\u00fajos, em provas de 3 km para caminhada e ainda 6 e 12 km de corrida. A atleta mantenense Cinthia [&hellip;]<\/p>\n","protected":false},"author":1,"featured_media":52040,"comment_status":"open","ping_status":"open","sticky":false,"template":"","format":"standard","meta":[],"categories":[11,22],"tags":[],"_links":{"self":[{"href":"http:\/\/www.portalmantena.com.br\/novo\/index.php?rest_route=\/wp\/v2\/posts\/52035"}],"collection":[{"href":"http:\/\/www.portalmantena.com.br\/novo\/index.php?rest_route=\/wp\/v2\/posts"}],"about":[{"href":"http:\/\/www.portalmantena.com.br\/novo\/index.php?rest_route=\/wp\/v2\/types\/post"}],"author":[{"embeddable":true,"href":"http:\/\/www.portalmantena.com.br\/novo\/index.php?rest_route=\/wp\/v2\/users\/1"}],"replies":[{"embeddable":true,"href":"http:\/\/www.portalmantena.com.br\/novo\/index.php?rest_route=%2Fwp%2Fv2%2Fcomments&post=52035"}],"version-history":[{"count":1,"href":"http:\/\/www.portalmantena.com.br\/novo\/index.php?rest_route=\/wp\/v2\/posts\/52035\/revisions"}],"predecessor-version":[{"id":52042,"href":"http:\/\/www.portalmantena.com.br\/novo\/index.php?rest_route=\/wp\/v2\/posts\/52035\/revisions\/52042"}],"wp:featuredmedia":[{"embeddable":true,"href":"http:\/\/www.portalmantena.com.br\/novo\/index.php?rest_route=\/wp\/v2\/media\/52040"}],"wp:attachment":[{"href":"http:\/\/www.portalmantena.com.br\/novo\/index.php?rest_route=%2Fwp%2Fv2%2Fmedia&parent=52035"}],"wp:term":[{"taxonomy":"category","embeddable":true,"href":"http:\/\/www.portalmantena.com.br\/novo\/index.php?rest_route=%2Fwp%2Fv2%2Fcategories&post=52035"},{"taxonomy":"post_tag","embeddable":true,"href":"http:\/\/www.portalmantena.com.br\/novo\/index.php?rest_route=%2Fwp%2Fv2%2Ftags&post=52035"}],"curies":[{"name":"wp","href":"https:\/\/api.w.org\/{rel}","templated":true}]}}