{"id":5083,"date":"2017-04-23T08:27:32","date_gmt":"2017-04-23T11:27:32","guid":{"rendered":"http:\/\/www.portalmantena.com.br\/novo\/?p=5083"},"modified":"2017-04-23T09:23:08","modified_gmt":"2017-04-23T12:23:08","slug":"morreu-em-limeira-o-ex-vereador-mantenense-malvino-castelane-vitima-de-homicidio","status":"publish","type":"post","link":"http:\/\/www.portalmantena.com.br\/novo\/?p=5083","title":{"rendered":"Morreu em Limeira o ex vereador mantenense Malvino Castelane, v\u00edtima de homic\u00eddio"},"content":{"rendered":"<p><a href=\"http:\/\/www.portalmantena.com.br\/novo\/wp-content\/uploads\/2017\/04\/no230417malvino.jpg\"><img loading=\"lazy\" class=\"alignnone size-full wp-image-5084\" src=\"http:\/\/www.portalmantena.com.br\/novo\/wp-content\/uploads\/2017\/04\/no230417malvino.jpg\" alt=\"\" width=\"700\" height=\"450\" srcset=\"http:\/\/www.portalmantena.com.br\/novo\/wp-content\/uploads\/2017\/04\/no230417malvino.jpg 700w, http:\/\/www.portalmantena.com.br\/novo\/wp-content\/uploads\/2017\/04\/no230417malvino-300x193.jpg 300w, http:\/\/www.portalmantena.com.br\/novo\/wp-content\/uploads\/2017\/04\/no230417malvino-696x447.jpg 696w, http:\/\/www.portalmantena.com.br\/novo\/wp-content\/uploads\/2017\/04\/no230417malvino-653x420.jpg 653w\" sizes=\"(max-width: 700px) 100vw, 700px\" \/><\/a><\/p>\n<p><span style=\"font-size: 14pt;\">Faleceu no munic\u00edpio de Mantena na tarde da \u00faltima quinta-feira dia 20 de abril, o ilustre mantenense e vereador por quatro mandatos, o Sr. Malvino Castelane. Segundo informa\u00e7\u00f5es, ele morreu ap\u00f3s ser alvejado a tiros pelo suspeito identificado como Jos\u00e9 Dias (seu genro). <\/span><\/p>\n<p><span style=\"font-size: 14pt;\">O autor reside em S\u00e3o Paulo e estava \u00e0 passeio no distrito de Limeira. Sr. Malvino ap\u00f3s ser alvejado foi socorrido e encaminhado para o Hospital da cidade de Itabirinha, no entanto n\u00e3o resistiu aos ferimentos e faleceu. Os fatos que levaram ao homic\u00eddio ainda est\u00e3o sendo esclarecidos pela pol\u00edcia militar e com certeza ser\u00e3o apurados pela pol\u00edcia civil. <\/span><\/p>\n<p><span style=\"font-size: 14pt;\">At\u00e9 o fechamento desta mat\u00e9ria, o suspeito pelo crime estava foragido.\u00a0 Sr. Malvino tinha 84 anos e residia no c\u00f3rrego Timirim no distrito de Limeira, ele al\u00e9m de muito conhecido era bastante querido pela comunidade, provocando em todos a indigna\u00e7\u00e3o e como\u00e7\u00e3o pelo ocorrido. <\/span><\/p>\n<p><span style=\"font-size: 14pt;\">O sepultamento do Sr. Malvino aconteceu na manh\u00e3 da \u00faltima sexta-feira (feriado), no distrito de Limeira, onde amigos, familiares e autoridades mantenenses estiveram presentes. (foto:redesocial).<\/span><\/p>\n","protected":false},"excerpt":{"rendered":"<p>Faleceu no munic\u00edpio de Mantena na tarde da \u00faltima quinta-feira dia 20 de abril, o ilustre mantenense e vereador por quatro mandatos, o Sr. Malvino Castelane. Segundo informa\u00e7\u00f5es, ele morreu ap\u00f3s ser alvejado a tiros pelo suspeito identificado como Jos\u00e9 Dias (seu genro). O autor reside em S\u00e3o Paulo e estava \u00e0 passeio no distrito [&hellip;]<\/p>\n","protected":false},"author":1,"featured_media":5084,"comment_status":"open","ping_status":"open","sticky":false,"template":"","format":"standard","meta":[],"categories":[11,34],"tags":[],"_links":{"self":[{"href":"http:\/\/www.portalmantena.com.br\/novo\/index.php?rest_route=\/wp\/v2\/posts\/5083"}],"collection":[{"href":"http:\/\/www.portalmantena.com.br\/novo\/index.php?rest_route=\/wp\/v2\/posts"}],"about":[{"href":"http:\/\/www.portalmantena.com.br\/novo\/index.php?rest_route=\/wp\/v2\/types\/post"}],"author":[{"embeddable":true,"href":"http:\/\/www.portalmantena.com.br\/novo\/index.php?rest_route=\/wp\/v2\/users\/1"}],"replies":[{"embeddable":true,"href":"http:\/\/www.portalmantena.com.br\/novo\/index.php?rest_route=%2Fwp%2Fv2%2Fcomments&post=5083"}],"version-history":[{"count":1,"href":"http:\/\/www.portalmantena.com.br\/novo\/index.php?rest_route=\/wp\/v2\/posts\/5083\/revisions"}],"predecessor-version":[{"id":5085,"href":"http:\/\/www.portalmantena.com.br\/novo\/index.php?rest_route=\/wp\/v2\/posts\/5083\/revisions\/5085"}],"wp:featuredmedia":[{"embeddable":true,"href":"http:\/\/www.portalmantena.com.br\/novo\/index.php?rest_route=\/wp\/v2\/media\/5084"}],"wp:attachment":[{"href":"http:\/\/www.portalmantena.com.br\/novo\/index.php?rest_route=%2Fwp%2Fv2%2Fmedia&parent=5083"}],"wp:term":[{"taxonomy":"category","embeddable":true,"href":"http:\/\/www.portalmantena.com.br\/novo\/index.php?rest_route=%2Fwp%2Fv2%2Fcategories&post=5083"},{"taxonomy":"post_tag","embeddable":true,"href":"http:\/\/www.portalmantena.com.br\/novo\/index.php?rest_route=%2Fwp%2Fv2%2Ftags&post=5083"}],"curies":[{"name":"wp","href":"https:\/\/api.w.org\/{rel}","templated":true}]}}