{"id":5060,"date":"2017-04-23T08:11:14","date_gmt":"2017-04-23T11:11:14","guid":{"rendered":"http:\/\/www.portalmantena.com.br\/novo\/?p=5060"},"modified":"2017-04-23T08:11:14","modified_gmt":"2017-04-23T11:11:14","slug":"carro-desgovernado-desce-ladeira-e-por-pouco-nao-entra-em-padaria-em-sao-francisco","status":"publish","type":"post","link":"http:\/\/www.portalmantena.com.br\/novo\/?p=5060","title":{"rendered":"Carro desgovernado desce ladeira e por pouco n\u00e3o entra em padaria em S\u00e3o Francisco"},"content":{"rendered":"<p><a href=\"http:\/\/www.portalmantena.com.br\/novo\/wp-content\/uploads\/2017\/04\/no230417padaria1.jpg\"><img loading=\"lazy\" class=\"alignnone size-full wp-image-5061\" src=\"http:\/\/www.portalmantena.com.br\/novo\/wp-content\/uploads\/2017\/04\/no230417padaria1.jpg\" alt=\"\" width=\"700\" height=\"450\" srcset=\"http:\/\/www.portalmantena.com.br\/novo\/wp-content\/uploads\/2017\/04\/no230417padaria1.jpg 700w, http:\/\/www.portalmantena.com.br\/novo\/wp-content\/uploads\/2017\/04\/no230417padaria1-300x193.jpg 300w, http:\/\/www.portalmantena.com.br\/novo\/wp-content\/uploads\/2017\/04\/no230417padaria1-696x447.jpg 696w, http:\/\/www.portalmantena.com.br\/novo\/wp-content\/uploads\/2017\/04\/no230417padaria1-653x420.jpg 653w\" sizes=\"(max-width: 700px) 100vw, 700px\" \/><\/a><\/p>\n<p><span style=\"font-size: 14pt;\">Um grande susto e a preocupa\u00e7\u00e3o de quem passava pela rua que d\u00e1 acesso ao hospital Dra. Rita de C\u00e1ssia em Barra de S\u00e3o Francisco na tarde da \u00faltima quinta-feira dia 20 de abril. <\/span><\/p>\n<p><span style=\"font-size: 14pt;\">Segundo informa\u00e7\u00f5es, um ve\u00edculo Fiat Strada de cor prata, desceu desgovernado a ladeira, batendo violentamente contra a parede da Padaria Ki-P\u00e3o que fica instalada no outro lado de uma via de bastante movimento no centro da cidade, respons\u00e1vel pelo fluxo de ve\u00edculos ao centro de Barra de S\u00e3o Francisco. O condutor do ve\u00edculo teria passado mau ao volante, e desta forma acabou virando um passageiro dentro do carro. <\/span><\/p>\n<p><span style=\"font-size: 14pt;\">O motorista foi retirado do ve\u00edculo, recebendo rapidamente os primeiros socorros. Segundo informa\u00e7\u00f5es, o air bag do ve\u00edculo foi acionado. A pol\u00edcia militar compareceu no local e isolou a \u00e1rea. <\/span><\/p>\n<p><span style=\"font-size: 14pt;\">Ap\u00f3s o registro da ocorr\u00eancia, pessoas ajudaram na remo\u00e7\u00e3o do carro para a libera\u00e7\u00e3o do tr\u00e2nsito neste trecho. Um enorme buraco ficou exposto ap\u00f3s a retirada do ve\u00edculo, um susto realmente para quem transitava pelo local. (fotos:redessociais)<\/span><\/p>\n<p><a href=\"http:\/\/www.portalmantena.com.br\/novo\/wp-content\/uploads\/2017\/04\/no230417padaria2.jpg\"><img loading=\"lazy\" class=\"alignnone size-full wp-image-5062\" src=\"http:\/\/www.portalmantena.com.br\/novo\/wp-content\/uploads\/2017\/04\/no230417padaria2.jpg\" alt=\"\" width=\"700\" height=\"450\" srcset=\"http:\/\/www.portalmantena.com.br\/novo\/wp-content\/uploads\/2017\/04\/no230417padaria2.jpg 700w, http:\/\/www.portalmantena.com.br\/novo\/wp-content\/uploads\/2017\/04\/no230417padaria2-300x193.jpg 300w, http:\/\/www.portalmantena.com.br\/novo\/wp-content\/uploads\/2017\/04\/no230417padaria2-696x447.jpg 696w, http:\/\/www.portalmantena.com.br\/novo\/wp-content\/uploads\/2017\/04\/no230417padaria2-653x420.jpg 653w\" sizes=\"(max-width: 700px) 100vw, 700px\" \/><\/a> <a href=\"http:\/\/www.portalmantena.com.br\/novo\/wp-content\/uploads\/2017\/04\/no230417padaria3.jpg\"><img loading=\"lazy\" class=\"alignnone size-full wp-image-5063\" src=\"http:\/\/www.portalmantena.com.br\/novo\/wp-content\/uploads\/2017\/04\/no230417padaria3.jpg\" alt=\"\" width=\"700\" height=\"450\" srcset=\"http:\/\/www.portalmantena.com.br\/novo\/wp-content\/uploads\/2017\/04\/no230417padaria3.jpg 700w, http:\/\/www.portalmantena.com.br\/novo\/wp-content\/uploads\/2017\/04\/no230417padaria3-300x193.jpg 300w, http:\/\/www.portalmantena.com.br\/novo\/wp-content\/uploads\/2017\/04\/no230417padaria3-696x447.jpg 696w, http:\/\/www.portalmantena.com.br\/novo\/wp-content\/uploads\/2017\/04\/no230417padaria3-653x420.jpg 653w\" sizes=\"(max-width: 700px) 100vw, 700px\" \/><\/a> <a href=\"http:\/\/www.portalmantena.com.br\/novo\/wp-content\/uploads\/2017\/04\/no230417padaria4.jpg\"><img loading=\"lazy\" class=\"alignnone size-full wp-image-5064\" src=\"http:\/\/www.portalmantena.com.br\/novo\/wp-content\/uploads\/2017\/04\/no230417padaria4.jpg\" alt=\"\" width=\"700\" height=\"450\" srcset=\"http:\/\/www.portalmantena.com.br\/novo\/wp-content\/uploads\/2017\/04\/no230417padaria4.jpg 700w, http:\/\/www.portalmantena.com.br\/novo\/wp-content\/uploads\/2017\/04\/no230417padaria4-300x193.jpg 300w, http:\/\/www.portalmantena.com.br\/novo\/wp-content\/uploads\/2017\/04\/no230417padaria4-696x447.jpg 696w, http:\/\/www.portalmantena.com.br\/novo\/wp-content\/uploads\/2017\/04\/no230417padaria4-653x420.jpg 653w\" sizes=\"(max-width: 700px) 100vw, 700px\" \/><\/a><\/p>\n","protected":false},"excerpt":{"rendered":"<p>Um grande susto e a preocupa\u00e7\u00e3o de quem passava pela rua que d\u00e1 acesso ao hospital Dra. Rita de C\u00e1ssia em Barra de S\u00e3o Francisco na tarde da \u00faltima quinta-feira dia 20 de abril. Segundo informa\u00e7\u00f5es, um ve\u00edculo Fiat Strada de cor prata, desceu desgovernado a ladeira, batendo violentamente contra a parede da Padaria Ki-P\u00e3o [&hellip;]<\/p>\n","protected":false},"author":1,"featured_media":5061,"comment_status":"open","ping_status":"open","sticky":false,"template":"","format":"standard","meta":[],"categories":[11,39],"tags":[],"_links":{"self":[{"href":"http:\/\/www.portalmantena.com.br\/novo\/index.php?rest_route=\/wp\/v2\/posts\/5060"}],"collection":[{"href":"http:\/\/www.portalmantena.com.br\/novo\/index.php?rest_route=\/wp\/v2\/posts"}],"about":[{"href":"http:\/\/www.portalmantena.com.br\/novo\/index.php?rest_route=\/wp\/v2\/types\/post"}],"author":[{"embeddable":true,"href":"http:\/\/www.portalmantena.com.br\/novo\/index.php?rest_route=\/wp\/v2\/users\/1"}],"replies":[{"embeddable":true,"href":"http:\/\/www.portalmantena.com.br\/novo\/index.php?rest_route=%2Fwp%2Fv2%2Fcomments&post=5060"}],"version-history":[{"count":1,"href":"http:\/\/www.portalmantena.com.br\/novo\/index.php?rest_route=\/wp\/v2\/posts\/5060\/revisions"}],"predecessor-version":[{"id":5065,"href":"http:\/\/www.portalmantena.com.br\/novo\/index.php?rest_route=\/wp\/v2\/posts\/5060\/revisions\/5065"}],"wp:featuredmedia":[{"embeddable":true,"href":"http:\/\/www.portalmantena.com.br\/novo\/index.php?rest_route=\/wp\/v2\/media\/5061"}],"wp:attachment":[{"href":"http:\/\/www.portalmantena.com.br\/novo\/index.php?rest_route=%2Fwp%2Fv2%2Fmedia&parent=5060"}],"wp:term":[{"taxonomy":"category","embeddable":true,"href":"http:\/\/www.portalmantena.com.br\/novo\/index.php?rest_route=%2Fwp%2Fv2%2Fcategories&post=5060"},{"taxonomy":"post_tag","embeddable":true,"href":"http:\/\/www.portalmantena.com.br\/novo\/index.php?rest_route=%2Fwp%2Fv2%2Ftags&post=5060"}],"curies":[{"name":"wp","href":"https:\/\/api.w.org\/{rel}","templated":true}]}}