{"id":5049,"date":"2017-04-21T07:14:37","date_gmt":"2017-04-21T10:14:37","guid":{"rendered":"http:\/\/www.portalmantena.com.br\/novo\/?p=5049"},"modified":"2017-04-20T15:29:39","modified_gmt":"2017-04-20T18:29:39","slug":"tudo-pronto-para-a-festa-dos-55-anos-de-nova-modica","status":"publish","type":"post","link":"http:\/\/www.portalmantena.com.br\/novo\/?p=5049","title":{"rendered":"Tudo pronto para a festa dos 55 anos de Nova M\u00f3dica"},"content":{"rendered":"<p><a href=\"http:\/\/www.portalmantena.com.br\/novo\/wp-content\/uploads\/2017\/04\/no200417novamodica1.jpg\"><img loading=\"lazy\" class=\"alignnone size-full wp-image-5050\" src=\"http:\/\/www.portalmantena.com.br\/novo\/wp-content\/uploads\/2017\/04\/no200417novamodica1.jpg\" alt=\"\" width=\"700\" height=\"450\" srcset=\"http:\/\/www.portalmantena.com.br\/novo\/wp-content\/uploads\/2017\/04\/no200417novamodica1.jpg 700w, http:\/\/www.portalmantena.com.br\/novo\/wp-content\/uploads\/2017\/04\/no200417novamodica1-300x193.jpg 300w, http:\/\/www.portalmantena.com.br\/novo\/wp-content\/uploads\/2017\/04\/no200417novamodica1-696x447.jpg 696w, http:\/\/www.portalmantena.com.br\/novo\/wp-content\/uploads\/2017\/04\/no200417novamodica1-653x420.jpg 653w\" sizes=\"(max-width: 700px) 100vw, 700px\" \/><\/a><\/p>\n<p><span style=\"font-size: 14pt;\">A estrutura est\u00e1 praticamente montada para a realiza\u00e7\u00e3o no pr\u00f3ximo final de semana das atividades para a comemora\u00e7\u00e3o dos 55 anos do munic\u00edpio de Nova M\u00f3dica. <\/span><\/p>\n<p><span style=\"font-size: 14pt;\">O evento acontecer\u00e1 com v\u00e1rios shows e realiza\u00e7\u00f5es que ter\u00e3o com in\u00edcio nesta sexta-feira dia 21 de abril e encerramento no domingo dia 23. A festa tamb\u00e9m \u00e9 do padroeiro S\u00e3o Jorge e a 1\u00aa Feira Agroindustrial do munic\u00edpio.<\/span><\/p>\n<p><span style=\"font-size: 14pt;\"> A festa ter\u00e1 as presen\u00e7as no palco da banda Rasta \u00a0Chinela, Edmar Lopes e a atra\u00e7\u00e3o L\u00e9o Magalh\u00e3es na abertura dia 21. A estrutura do evento j\u00e1 est\u00e1 pronta principalmente para receber o Rodeio Profissional durante todas as noites do evento. <\/span><\/p>\n<p><span style=\"font-size: 14pt;\">Festa que ter\u00e1 as tradicionais barraquinhas e ainda outras atividades. (fotos:Gilson\/portalitabirinha)<\/span><\/p>\n<p><a href=\"http:\/\/www.portalmantena.com.br\/novo\/wp-content\/uploads\/2017\/04\/no200417novamodica2.jpg\"><img loading=\"lazy\" class=\"alignnone size-full wp-image-5051\" src=\"http:\/\/www.portalmantena.com.br\/novo\/wp-content\/uploads\/2017\/04\/no200417novamodica2.jpg\" alt=\"\" width=\"700\" height=\"450\" srcset=\"http:\/\/www.portalmantena.com.br\/novo\/wp-content\/uploads\/2017\/04\/no200417novamodica2.jpg 700w, http:\/\/www.portalmantena.com.br\/novo\/wp-content\/uploads\/2017\/04\/no200417novamodica2-300x193.jpg 300w, http:\/\/www.portalmantena.com.br\/novo\/wp-content\/uploads\/2017\/04\/no200417novamodica2-696x447.jpg 696w, http:\/\/www.portalmantena.com.br\/novo\/wp-content\/uploads\/2017\/04\/no200417novamodica2-653x420.jpg 653w\" sizes=\"(max-width: 700px) 100vw, 700px\" \/><\/a> <a href=\"http:\/\/www.portalmantena.com.br\/novo\/wp-content\/uploads\/2017\/04\/no200417novamodica3.jpg\"><img loading=\"lazy\" class=\"alignnone size-full wp-image-5052\" src=\"http:\/\/www.portalmantena.com.br\/novo\/wp-content\/uploads\/2017\/04\/no200417novamodica3.jpg\" alt=\"\" width=\"700\" height=\"450\" srcset=\"http:\/\/www.portalmantena.com.br\/novo\/wp-content\/uploads\/2017\/04\/no200417novamodica3.jpg 700w, http:\/\/www.portalmantena.com.br\/novo\/wp-content\/uploads\/2017\/04\/no200417novamodica3-300x193.jpg 300w, http:\/\/www.portalmantena.com.br\/novo\/wp-content\/uploads\/2017\/04\/no200417novamodica3-696x447.jpg 696w, http:\/\/www.portalmantena.com.br\/novo\/wp-content\/uploads\/2017\/04\/no200417novamodica3-653x420.jpg 653w\" sizes=\"(max-width: 700px) 100vw, 700px\" \/><\/a> <a href=\"http:\/\/www.portalmantena.com.br\/novo\/wp-content\/uploads\/2017\/04\/no200417novamodica4.jpg\"><img loading=\"lazy\" class=\"alignnone size-full wp-image-5053\" src=\"http:\/\/www.portalmantena.com.br\/novo\/wp-content\/uploads\/2017\/04\/no200417novamodica4.jpg\" alt=\"\" width=\"700\" height=\"450\" srcset=\"http:\/\/www.portalmantena.com.br\/novo\/wp-content\/uploads\/2017\/04\/no200417novamodica4.jpg 700w, http:\/\/www.portalmantena.com.br\/novo\/wp-content\/uploads\/2017\/04\/no200417novamodica4-300x193.jpg 300w, http:\/\/www.portalmantena.com.br\/novo\/wp-content\/uploads\/2017\/04\/no200417novamodica4-696x447.jpg 696w, http:\/\/www.portalmantena.com.br\/novo\/wp-content\/uploads\/2017\/04\/no200417novamodica4-653x420.jpg 653w\" sizes=\"(max-width: 700px) 100vw, 700px\" \/><\/a><\/p>\n","protected":false},"excerpt":{"rendered":"<p>A estrutura est\u00e1 praticamente montada para a realiza\u00e7\u00e3o no pr\u00f3ximo final de semana das atividades para a comemora\u00e7\u00e3o dos 55 anos do munic\u00edpio de Nova M\u00f3dica. O evento acontecer\u00e1 com v\u00e1rios shows e realiza\u00e7\u00f5es que ter\u00e3o com in\u00edcio nesta sexta-feira dia 21 de abril e encerramento no domingo dia 23. A festa tamb\u00e9m \u00e9 do [&hellip;]<\/p>\n","protected":false},"author":1,"featured_media":5051,"comment_status":"open","ping_status":"open","sticky":false,"template":"","format":"standard","meta":[],"categories":[11,39],"tags":[],"_links":{"self":[{"href":"http:\/\/www.portalmantena.com.br\/novo\/index.php?rest_route=\/wp\/v2\/posts\/5049"}],"collection":[{"href":"http:\/\/www.portalmantena.com.br\/novo\/index.php?rest_route=\/wp\/v2\/posts"}],"about":[{"href":"http:\/\/www.portalmantena.com.br\/novo\/index.php?rest_route=\/wp\/v2\/types\/post"}],"author":[{"embeddable":true,"href":"http:\/\/www.portalmantena.com.br\/novo\/index.php?rest_route=\/wp\/v2\/users\/1"}],"replies":[{"embeddable":true,"href":"http:\/\/www.portalmantena.com.br\/novo\/index.php?rest_route=%2Fwp%2Fv2%2Fcomments&post=5049"}],"version-history":[{"count":1,"href":"http:\/\/www.portalmantena.com.br\/novo\/index.php?rest_route=\/wp\/v2\/posts\/5049\/revisions"}],"predecessor-version":[{"id":5054,"href":"http:\/\/www.portalmantena.com.br\/novo\/index.php?rest_route=\/wp\/v2\/posts\/5049\/revisions\/5054"}],"wp:featuredmedia":[{"embeddable":true,"href":"http:\/\/www.portalmantena.com.br\/novo\/index.php?rest_route=\/wp\/v2\/media\/5051"}],"wp:attachment":[{"href":"http:\/\/www.portalmantena.com.br\/novo\/index.php?rest_route=%2Fwp%2Fv2%2Fmedia&parent=5049"}],"wp:term":[{"taxonomy":"category","embeddable":true,"href":"http:\/\/www.portalmantena.com.br\/novo\/index.php?rest_route=%2Fwp%2Fv2%2Fcategories&post=5049"},{"taxonomy":"post_tag","embeddable":true,"href":"http:\/\/www.portalmantena.com.br\/novo\/index.php?rest_route=%2Fwp%2Fv2%2Ftags&post=5049"}],"curies":[{"name":"wp","href":"https:\/\/api.w.org\/{rel}","templated":true}]}}