{"id":5045,"date":"2017-04-20T23:42:32","date_gmt":"2017-04-21T02:42:32","guid":{"rendered":"http:\/\/www.portalmantena.com.br\/novo\/?p=5045"},"modified":"2017-04-20T15:14:30","modified_gmt":"2017-04-20T18:14:30","slug":"caminhao-ford-cargo-e-roubado-em-barra-de-sao-francisco","status":"publish","type":"post","link":"http:\/\/www.portalmantena.com.br\/novo\/?p=5045","title":{"rendered":"Caminh\u00e3o Ford Cargo \u00e9 roubado em Barra de S\u00e3o Francisco"},"content":{"rendered":"<p><a href=\"http:\/\/www.portalmantena.com.br\/novo\/wp-content\/uploads\/2017\/04\/no200417roubo1.jpg\"><img loading=\"lazy\" class=\"alignnone size-full wp-image-5046\" src=\"http:\/\/www.portalmantena.com.br\/novo\/wp-content\/uploads\/2017\/04\/no200417roubo1.jpg\" alt=\"\" width=\"700\" height=\"450\" srcset=\"http:\/\/www.portalmantena.com.br\/novo\/wp-content\/uploads\/2017\/04\/no200417roubo1.jpg 700w, http:\/\/www.portalmantena.com.br\/novo\/wp-content\/uploads\/2017\/04\/no200417roubo1-300x193.jpg 300w, http:\/\/www.portalmantena.com.br\/novo\/wp-content\/uploads\/2017\/04\/no200417roubo1-696x447.jpg 696w, http:\/\/www.portalmantena.com.br\/novo\/wp-content\/uploads\/2017\/04\/no200417roubo1-653x420.jpg 653w\" sizes=\"(max-width: 700px) 100vw, 700px\" \/><\/a><\/p>\n<p style=\"margin: 0cm; margin-bottom: .0001pt; background: white;\"><span style=\"font-size: 14.0pt; font-family: 'Helvetica','sans-serif'; color: #1d2129; background: white;\">Um roubo de ve\u00edculo foi registrado na madrugada desta quinta-feira dia 20 de abril na cidade de Barra de S\u00e3o Francisco, e trata-se de um caminh\u00e3o Ford Cargo 815, de cor Prata placas MTY 6961. <\/span><\/p>\n<p style=\"margin: 0cm; margin-bottom: .0001pt; background: white;\">\n<p style=\"margin: 0cm; margin-bottom: .0001pt; background: white;\"><span style=\"font-size: 14.0pt; font-family: 'Helvetica','sans-serif'; color: #1d2129; background: white;\">Segundo informa\u00e7\u00f5es o ve\u00edculo teria sido visto passando pela divisa dos estados do Esp\u00edrito Santo para Minas Gerais (sentido a Mantena). <\/span><\/p>\n<p style=\"margin: 0cm; margin-bottom: .0001pt; background: white;\">\n<p style=\"margin: 0cm; margin-bottom: .0001pt; background: white;\"><span style=\"font-size: 14.0pt; font-family: 'Helvetica','sans-serif'; color: #1d2129; background: white;\">Os propriet\u00e1rios do ve\u00edculo roubado pedem a ajuda de quem tiver informa\u00e7\u00f5es sobre o paradeiro este ve\u00edculo, gentileza ligar para o 190 informando \u00e0 pol\u00edcia militar. <\/span><\/p>\n<p style=\"margin: 0cm; margin-bottom: .0001pt; background: white;\">\n<p><a href=\"http:\/\/www.portalmantena.com.br\/novo\/wp-content\/uploads\/2017\/04\/no200417roubo2.jpg\"><img loading=\"lazy\" class=\"alignnone size-full wp-image-5047\" src=\"http:\/\/www.portalmantena.com.br\/novo\/wp-content\/uploads\/2017\/04\/no200417roubo2.jpg\" alt=\"\" width=\"700\" height=\"450\" srcset=\"http:\/\/www.portalmantena.com.br\/novo\/wp-content\/uploads\/2017\/04\/no200417roubo2.jpg 700w, http:\/\/www.portalmantena.com.br\/novo\/wp-content\/uploads\/2017\/04\/no200417roubo2-300x193.jpg 300w, http:\/\/www.portalmantena.com.br\/novo\/wp-content\/uploads\/2017\/04\/no200417roubo2-696x447.jpg 696w, http:\/\/www.portalmantena.com.br\/novo\/wp-content\/uploads\/2017\/04\/no200417roubo2-653x420.jpg 653w\" sizes=\"(max-width: 700px) 100vw, 700px\" \/><\/a><\/p>\n","protected":false},"excerpt":{"rendered":"<p>Um roubo de ve\u00edculo foi registrado na madrugada desta quinta-feira dia 20 de abril na cidade de Barra de S\u00e3o Francisco, e trata-se de um caminh\u00e3o Ford Cargo 815, de cor Prata placas MTY 6961. Segundo informa\u00e7\u00f5es o ve\u00edculo teria sido visto passando pela divisa dos estados do Esp\u00edrito Santo para Minas Gerais (sentido a [&hellip;]<\/p>\n","protected":false},"author":1,"featured_media":5047,"comment_status":"open","ping_status":"open","sticky":false,"template":"","format":"standard","meta":[],"categories":[11,39],"tags":[],"_links":{"self":[{"href":"http:\/\/www.portalmantena.com.br\/novo\/index.php?rest_route=\/wp\/v2\/posts\/5045"}],"collection":[{"href":"http:\/\/www.portalmantena.com.br\/novo\/index.php?rest_route=\/wp\/v2\/posts"}],"about":[{"href":"http:\/\/www.portalmantena.com.br\/novo\/index.php?rest_route=\/wp\/v2\/types\/post"}],"author":[{"embeddable":true,"href":"http:\/\/www.portalmantena.com.br\/novo\/index.php?rest_route=\/wp\/v2\/users\/1"}],"replies":[{"embeddable":true,"href":"http:\/\/www.portalmantena.com.br\/novo\/index.php?rest_route=%2Fwp%2Fv2%2Fcomments&post=5045"}],"version-history":[{"count":1,"href":"http:\/\/www.portalmantena.com.br\/novo\/index.php?rest_route=\/wp\/v2\/posts\/5045\/revisions"}],"predecessor-version":[{"id":5048,"href":"http:\/\/www.portalmantena.com.br\/novo\/index.php?rest_route=\/wp\/v2\/posts\/5045\/revisions\/5048"}],"wp:featuredmedia":[{"embeddable":true,"href":"http:\/\/www.portalmantena.com.br\/novo\/index.php?rest_route=\/wp\/v2\/media\/5047"}],"wp:attachment":[{"href":"http:\/\/www.portalmantena.com.br\/novo\/index.php?rest_route=%2Fwp%2Fv2%2Fmedia&parent=5045"}],"wp:term":[{"taxonomy":"category","embeddable":true,"href":"http:\/\/www.portalmantena.com.br\/novo\/index.php?rest_route=%2Fwp%2Fv2%2Fcategories&post=5045"},{"taxonomy":"post_tag","embeddable":true,"href":"http:\/\/www.portalmantena.com.br\/novo\/index.php?rest_route=%2Fwp%2Fv2%2Ftags&post=5045"}],"curies":[{"name":"wp","href":"https:\/\/api.w.org\/{rel}","templated":true}]}}