{"id":50436,"date":"2019-07-22T02:14:51","date_gmt":"2019-07-22T05:14:51","guid":{"rendered":"http:\/\/www.portalmantena.com.br\/novo\/?p=50436"},"modified":"2019-07-22T10:19:04","modified_gmt":"2019-07-22T13:19:04","slug":"faleceu-em-mantena-o-sr-joaquim-braganca","status":"publish","type":"post","link":"http:\/\/www.portalmantena.com.br\/novo\/?p=50436","title":{"rendered":"Faleceu em Mantena o Sr. Joaquim Bragan\u00e7a"},"content":{"rendered":"<p><a href=\"http:\/\/www.portalmantena.com.br\/novo\/wp-content\/uploads\/2019\/07\/no220719luto.jpg\"><img loading=\"lazy\" class=\"alignnone size-full wp-image-50437\" src=\"http:\/\/www.portalmantena.com.br\/novo\/wp-content\/uploads\/2019\/07\/no220719luto.jpg\" alt=\"\" width=\"700\" height=\"450\" srcset=\"http:\/\/www.portalmantena.com.br\/novo\/wp-content\/uploads\/2019\/07\/no220719luto.jpg 700w, http:\/\/www.portalmantena.com.br\/novo\/wp-content\/uploads\/2019\/07\/no220719luto-300x193.jpg 300w, http:\/\/www.portalmantena.com.br\/novo\/wp-content\/uploads\/2019\/07\/no220719luto-696x447.jpg 696w, http:\/\/www.portalmantena.com.br\/novo\/wp-content\/uploads\/2019\/07\/no220719luto-653x420.jpg 653w\" sizes=\"(max-width: 700px) 100vw, 700px\" \/><\/a><\/p>\n<p><span style=\"font-size: 14pt;\">Com a sa\u00fade debilitada, faleceu no \u00faltimo s\u00e1bado dia 20 de Julho em Mantena, aos 90 anos, o ilustre mantenense Sr. Joaquim Bragan\u00e7a. <\/span><\/p>\n<p><span style=\"font-size: 14pt;\">Seu corpo foi velado durante toda manh\u00e3 na Capela Vel\u00f3rio e o sepultamento aconteceu \u00e0s 17h30\u2019 no Cemit\u00e9rio do Centro em Mantena. <\/span><\/p>\n<p><span style=\"font-size: 14pt;\">Seus filhos, os empres\u00e1rios Jo\u00e3o (Jovel) e Bob (Restaurante), e demais familiares agradeceram a presen\u00e7a dos amigos neste momento de dor e despedidas.<\/span><\/p>\n<p>&nbsp;<\/p>\n<p><span style=\"font-size: 14pt;\">ACESSE AQUI O <strong><a href=\"http:\/\/www.portalmantena.com.br\/novo\/?p=42566\">OBITU\u00c1RIO 2019<\/a><\/strong> do portalmantena.<\/span><\/p>\n<p><a href=\"http:\/\/www.portalmantena.com.br\/novo\/\"><img loading=\"lazy\" class=\"alignnone size-full wp-image-37331\" src=\"http:\/\/www.portalmantena.com.br\/novo\/wp-content\/uploads\/2018\/05\/faixaportalnoticias5.jpg\" alt=\"\" width=\"700\" height=\"40\" srcset=\"http:\/\/www.portalmantena.com.br\/novo\/wp-content\/uploads\/2018\/05\/faixaportalnoticias5.jpg 700w, http:\/\/www.portalmantena.com.br\/novo\/wp-content\/uploads\/2018\/05\/faixaportalnoticias5-300x17.jpg 300w, http:\/\/www.portalmantena.com.br\/novo\/wp-content\/uploads\/2018\/05\/faixaportalnoticias5-696x40.jpg 696w\" sizes=\"(max-width: 700px) 100vw, 700px\" \/><\/a><\/p>\n","protected":false},"excerpt":{"rendered":"<p>Com a sa\u00fade debilitada, faleceu no \u00faltimo s\u00e1bado dia 20 de Julho em Mantena, aos 90 anos, o ilustre mantenense Sr. Joaquim Bragan\u00e7a. Seu corpo foi velado durante toda manh\u00e3 na Capela Vel\u00f3rio e o sepultamento aconteceu \u00e0s 17h30\u2019 no Cemit\u00e9rio do Centro em Mantena. Seus filhos, os empres\u00e1rios Jo\u00e3o (Jovel) e Bob (Restaurante), e [&hellip;]<\/p>\n","protected":false},"author":1,"featured_media":50437,"comment_status":"open","ping_status":"open","sticky":false,"template":"","format":"standard","meta":[],"categories":[36,11],"tags":[],"_links":{"self":[{"href":"http:\/\/www.portalmantena.com.br\/novo\/index.php?rest_route=\/wp\/v2\/posts\/50436"}],"collection":[{"href":"http:\/\/www.portalmantena.com.br\/novo\/index.php?rest_route=\/wp\/v2\/posts"}],"about":[{"href":"http:\/\/www.portalmantena.com.br\/novo\/index.php?rest_route=\/wp\/v2\/types\/post"}],"author":[{"embeddable":true,"href":"http:\/\/www.portalmantena.com.br\/novo\/index.php?rest_route=\/wp\/v2\/users\/1"}],"replies":[{"embeddable":true,"href":"http:\/\/www.portalmantena.com.br\/novo\/index.php?rest_route=%2Fwp%2Fv2%2Fcomments&post=50436"}],"version-history":[{"count":1,"href":"http:\/\/www.portalmantena.com.br\/novo\/index.php?rest_route=\/wp\/v2\/posts\/50436\/revisions"}],"predecessor-version":[{"id":50438,"href":"http:\/\/www.portalmantena.com.br\/novo\/index.php?rest_route=\/wp\/v2\/posts\/50436\/revisions\/50438"}],"wp:featuredmedia":[{"embeddable":true,"href":"http:\/\/www.portalmantena.com.br\/novo\/index.php?rest_route=\/wp\/v2\/media\/50437"}],"wp:attachment":[{"href":"http:\/\/www.portalmantena.com.br\/novo\/index.php?rest_route=%2Fwp%2Fv2%2Fmedia&parent=50436"}],"wp:term":[{"taxonomy":"category","embeddable":true,"href":"http:\/\/www.portalmantena.com.br\/novo\/index.php?rest_route=%2Fwp%2Fv2%2Fcategories&post=50436"},{"taxonomy":"post_tag","embeddable":true,"href":"http:\/\/www.portalmantena.com.br\/novo\/index.php?rest_route=%2Fwp%2Fv2%2Ftags&post=50436"}],"curies":[{"name":"wp","href":"https:\/\/api.w.org\/{rel}","templated":true}]}}