{"id":5033,"date":"2017-04-20T19:58:13","date_gmt":"2017-04-20T22:58:13","guid":{"rendered":"http:\/\/www.portalmantena.com.br\/novo\/?p=5033"},"modified":"2017-04-23T08:12:33","modified_gmt":"2017-04-23T11:12:33","slug":"projovem-inicia-atividades-em-2017-no-municipio-de-mantenopolis","status":"publish","type":"post","link":"http:\/\/www.portalmantena.com.br\/novo\/?p=5033","title":{"rendered":"PROJOVEM inicia atividades em 2017 no munic\u00edpio de Manten\u00f3polis"},"content":{"rendered":"<p><a href=\"http:\/\/www.portalmantena.com.br\/novo\/wp-content\/uploads\/2017\/04\/no200417jovem1.jpg\"><img loading=\"lazy\" class=\"alignnone size-full wp-image-5034\" src=\"http:\/\/www.portalmantena.com.br\/novo\/wp-content\/uploads\/2017\/04\/no200417jovem1.jpg\" alt=\"\" width=\"700\" height=\"450\" srcset=\"http:\/\/www.portalmantena.com.br\/novo\/wp-content\/uploads\/2017\/04\/no200417jovem1.jpg 700w, http:\/\/www.portalmantena.com.br\/novo\/wp-content\/uploads\/2017\/04\/no200417jovem1-300x193.jpg 300w, http:\/\/www.portalmantena.com.br\/novo\/wp-content\/uploads\/2017\/04\/no200417jovem1-696x447.jpg 696w, http:\/\/www.portalmantena.com.br\/novo\/wp-content\/uploads\/2017\/04\/no200417jovem1-653x420.jpg 653w\" sizes=\"(max-width: 700px) 100vw, 700px\" \/><\/a><\/p>\n<p><span style=\"font-size: 14pt;\">A prefeitura Municipal de Manten\u00f3polis atrav\u00e9s do CRAS\u00a0realizou na noite da \u00faltima quarta-feira (12), a abertura das atividades deste ano de 2017 do projeto \u201cPROJOVEM\u201d no audit\u00f3rio do CRAS ao lado da Rodovi\u00e1ria. <\/span><\/p>\n<p><span style=\"font-size: 14pt;\">A Abertura foi realizada com a presen\u00e7a do prefeito Municipal, Herminio Hespanhol, secret\u00e1ria de Assist\u00eancia Social Maria da Penha, Coordenadora do CRAS, Marli,\u00a0instrutor, Selio Furtunato, representante do MP, chefe do gabinete\u00a0e os adolescentes que participam do grupo. <\/span><\/p>\n<p><span style=\"font-size: 14pt;\">O programa ir\u00e1 beneficiar 25\u00a0jovens com idade entre 15 a 17 anos no munic\u00edpio e tem como foco o fortalecimento da conviv\u00eancia familiar e comunit\u00e1ria, o retorno dos adolescentes \u00e0 escola e sua perman\u00eancia no sistema de ensino. Isso \u00e9 feito por meio do desenvolvimento de atividades que estimulam a conviv\u00eancia social, a participa\u00e7\u00e3o cidad\u00e3 e uma forma\u00e7\u00e3o geral para o mundo do trabalho. <\/span><\/p>\n<p><span style=\"font-size: 14pt;\">O p\u00fablico-alvo constitui-se, em sua maioria, de jovens cujas fam\u00edlias s\u00e3o benefici\u00e1rias do Bolsa Fam\u00edlia, estendendo-se tamb\u00e9m aos jovens em situa\u00e7\u00e3o de risco pessoal e social. Ap\u00f3s pronunciamentos, aconteceram \u00a0apresenta\u00e7\u00f5es e o fechamento com a realiza\u00e7\u00e3o de um Coquetel para todos os presentes. (fonte\/foto&gt;sitemantenopolis).<\/span><\/p>\n<p><a href=\"http:\/\/www.portalmantena.com.br\/novo\/wp-content\/uploads\/2017\/04\/no200417jovem2.jpg\"><img loading=\"lazy\" class=\"alignnone size-full wp-image-5035\" src=\"http:\/\/www.portalmantena.com.br\/novo\/wp-content\/uploads\/2017\/04\/no200417jovem2.jpg\" alt=\"\" width=\"700\" height=\"450\" srcset=\"http:\/\/www.portalmantena.com.br\/novo\/wp-content\/uploads\/2017\/04\/no200417jovem2.jpg 700w, http:\/\/www.portalmantena.com.br\/novo\/wp-content\/uploads\/2017\/04\/no200417jovem2-300x193.jpg 300w, http:\/\/www.portalmantena.com.br\/novo\/wp-content\/uploads\/2017\/04\/no200417jovem2-696x447.jpg 696w, http:\/\/www.portalmantena.com.br\/novo\/wp-content\/uploads\/2017\/04\/no200417jovem2-653x420.jpg 653w\" sizes=\"(max-width: 700px) 100vw, 700px\" \/><\/a><\/p>\n","protected":false},"excerpt":{"rendered":"<p>A prefeitura Municipal de Manten\u00f3polis atrav\u00e9s do CRAS\u00a0realizou na noite da \u00faltima quarta-feira (12), a abertura das atividades deste ano de 2017 do projeto \u201cPROJOVEM\u201d no audit\u00f3rio do CRAS ao lado da Rodovi\u00e1ria. A Abertura foi realizada com a presen\u00e7a do prefeito Municipal, Herminio Hespanhol, secret\u00e1ria de Assist\u00eancia Social Maria da Penha, Coordenadora do CRAS, [&hellip;]<\/p>\n","protected":false},"author":1,"featured_media":5034,"comment_status":"open","ping_status":"open","sticky":false,"template":"","format":"standard","meta":[],"categories":[12,11,39],"tags":[],"_links":{"self":[{"href":"http:\/\/www.portalmantena.com.br\/novo\/index.php?rest_route=\/wp\/v2\/posts\/5033"}],"collection":[{"href":"http:\/\/www.portalmantena.com.br\/novo\/index.php?rest_route=\/wp\/v2\/posts"}],"about":[{"href":"http:\/\/www.portalmantena.com.br\/novo\/index.php?rest_route=\/wp\/v2\/types\/post"}],"author":[{"embeddable":true,"href":"http:\/\/www.portalmantena.com.br\/novo\/index.php?rest_route=\/wp\/v2\/users\/1"}],"replies":[{"embeddable":true,"href":"http:\/\/www.portalmantena.com.br\/novo\/index.php?rest_route=%2Fwp%2Fv2%2Fcomments&post=5033"}],"version-history":[{"count":1,"href":"http:\/\/www.portalmantena.com.br\/novo\/index.php?rest_route=\/wp\/v2\/posts\/5033\/revisions"}],"predecessor-version":[{"id":5036,"href":"http:\/\/www.portalmantena.com.br\/novo\/index.php?rest_route=\/wp\/v2\/posts\/5033\/revisions\/5036"}],"wp:featuredmedia":[{"embeddable":true,"href":"http:\/\/www.portalmantena.com.br\/novo\/index.php?rest_route=\/wp\/v2\/media\/5034"}],"wp:attachment":[{"href":"http:\/\/www.portalmantena.com.br\/novo\/index.php?rest_route=%2Fwp%2Fv2%2Fmedia&parent=5033"}],"wp:term":[{"taxonomy":"category","embeddable":true,"href":"http:\/\/www.portalmantena.com.br\/novo\/index.php?rest_route=%2Fwp%2Fv2%2Fcategories&post=5033"},{"taxonomy":"post_tag","embeddable":true,"href":"http:\/\/www.portalmantena.com.br\/novo\/index.php?rest_route=%2Fwp%2Fv2%2Ftags&post=5033"}],"curies":[{"name":"wp","href":"https:\/\/api.w.org\/{rel}","templated":true}]}}