{"id":5027,"date":"2017-04-21T13:55:23","date_gmt":"2017-04-21T16:55:23","guid":{"rendered":"http:\/\/www.portalmantena.com.br\/novo\/?p=5027"},"modified":"2017-04-20T14:02:24","modified_gmt":"2017-04-20T17:02:24","slug":"vereador-aciona-ajuda-para-liberacao-de-veiculos-atolado-na-serra-do-corta-guela","status":"publish","type":"post","link":"http:\/\/www.portalmantena.com.br\/novo\/?p=5027","title":{"rendered":"Vereador aciona ajuda para libera\u00e7\u00e3o de ve\u00edculos atolado na serra do Corta Guela"},"content":{"rendered":"<p><a href=\"http:\/\/www.portalmantena.com.br\/novo\/wp-content\/uploads\/2017\/04\/no190417barro1.jpg\"><img loading=\"lazy\" class=\"alignnone size-full wp-image-5028\" src=\"http:\/\/www.portalmantena.com.br\/novo\/wp-content\/uploads\/2017\/04\/no190417barro1.jpg\" alt=\"\" width=\"700\" height=\"450\" srcset=\"http:\/\/www.portalmantena.com.br\/novo\/wp-content\/uploads\/2017\/04\/no190417barro1.jpg 700w, http:\/\/www.portalmantena.com.br\/novo\/wp-content\/uploads\/2017\/04\/no190417barro1-300x193.jpg 300w, http:\/\/www.portalmantena.com.br\/novo\/wp-content\/uploads\/2017\/04\/no190417barro1-696x447.jpg 696w, http:\/\/www.portalmantena.com.br\/novo\/wp-content\/uploads\/2017\/04\/no190417barro1-653x420.jpg 653w\" sizes=\"(max-width: 700px) 100vw, 700px\" \/><\/a><\/p>\n<p><span style=\"font-size: 14pt;\">N\u00e3o \u00e9 de hoje que ao menor sinal de chuva, estradas da regi\u00e3o que ligam a sede Mantena aos distritos ficam com trechos intransit\u00e1veis quando a chuva cai sobre a regi\u00e3o. Foi o que aconteceu na tarde desta ter\u00e7a-feira dia 18, ap\u00f3s uma tarde bastante chuvosa em Mantena, afetando principalmente um trecho conhecido como Serra do Corta Guela, na zona rural do munic\u00edpio. <\/span><\/p>\n<p><span style=\"font-size: 14pt;\">O vereador Paulo Mariano , passando pelo local viu de perto a situa\u00e7\u00e3o preocupante que muitos motoristas atravessavam, inclusive com v\u00e1rios ve\u00edculos atolados e com dificuldades de seguir viagem, fato que atingiu alguns carros que transportam alunos da rede municipal. <\/span><\/p>\n<p><span style=\"font-size: 14pt;\">O vereador Paulinho com seu contado direto com o executivo municipal, solicitou a presen\u00e7a de uma retro-escavadeira no local, e foi atendido pelo prefeito. <\/span><\/p>\n<p><span style=\"font-size: 14pt;\">Em seguida os ve\u00edculos foram removidos e as condi\u00e7\u00f5es de tr\u00e2nsito foram melhoradas. O vereador vendo a situa\u00e7\u00e3o de alguns alunos que ficaram aguardando a libera\u00e7\u00e3o dos carros para seguir viagem, colocou seu ve\u00edculo \u00e0 disposi\u00e7\u00e3o, levando os alunos at\u00e9 suas resid\u00eancias em seguran\u00e7a.<\/span><\/p>\n<p><a href=\"http:\/\/www.portalmantena.com.br\/novo\/wp-content\/uploads\/2017\/04\/no190417barro2.jpg\"><img loading=\"lazy\" class=\"alignnone size-full wp-image-5029\" src=\"http:\/\/www.portalmantena.com.br\/novo\/wp-content\/uploads\/2017\/04\/no190417barro2.jpg\" alt=\"\" width=\"700\" height=\"450\" srcset=\"http:\/\/www.portalmantena.com.br\/novo\/wp-content\/uploads\/2017\/04\/no190417barro2.jpg 700w, http:\/\/www.portalmantena.com.br\/novo\/wp-content\/uploads\/2017\/04\/no190417barro2-300x193.jpg 300w, http:\/\/www.portalmantena.com.br\/novo\/wp-content\/uploads\/2017\/04\/no190417barro2-696x447.jpg 696w, http:\/\/www.portalmantena.com.br\/novo\/wp-content\/uploads\/2017\/04\/no190417barro2-653x420.jpg 653w\" sizes=\"(max-width: 700px) 100vw, 700px\" \/><\/a><\/p>\n","protected":false},"excerpt":{"rendered":"<p>N\u00e3o \u00e9 de hoje que ao menor sinal de chuva, estradas da regi\u00e3o que ligam a sede Mantena aos distritos ficam com trechos intransit\u00e1veis quando a chuva cai sobre a regi\u00e3o. Foi o que aconteceu na tarde desta ter\u00e7a-feira dia 18, ap\u00f3s uma tarde bastante chuvosa em Mantena, afetando principalmente um trecho conhecido como Serra [&hellip;]<\/p>\n","protected":false},"author":1,"featured_media":5028,"comment_status":"open","ping_status":"open","sticky":false,"template":"","format":"standard","meta":[],"categories":[36,11],"tags":[],"_links":{"self":[{"href":"http:\/\/www.portalmantena.com.br\/novo\/index.php?rest_route=\/wp\/v2\/posts\/5027"}],"collection":[{"href":"http:\/\/www.portalmantena.com.br\/novo\/index.php?rest_route=\/wp\/v2\/posts"}],"about":[{"href":"http:\/\/www.portalmantena.com.br\/novo\/index.php?rest_route=\/wp\/v2\/types\/post"}],"author":[{"embeddable":true,"href":"http:\/\/www.portalmantena.com.br\/novo\/index.php?rest_route=\/wp\/v2\/users\/1"}],"replies":[{"embeddable":true,"href":"http:\/\/www.portalmantena.com.br\/novo\/index.php?rest_route=%2Fwp%2Fv2%2Fcomments&post=5027"}],"version-history":[{"count":1,"href":"http:\/\/www.portalmantena.com.br\/novo\/index.php?rest_route=\/wp\/v2\/posts\/5027\/revisions"}],"predecessor-version":[{"id":5030,"href":"http:\/\/www.portalmantena.com.br\/novo\/index.php?rest_route=\/wp\/v2\/posts\/5027\/revisions\/5030"}],"wp:featuredmedia":[{"embeddable":true,"href":"http:\/\/www.portalmantena.com.br\/novo\/index.php?rest_route=\/wp\/v2\/media\/5028"}],"wp:attachment":[{"href":"http:\/\/www.portalmantena.com.br\/novo\/index.php?rest_route=%2Fwp%2Fv2%2Fmedia&parent=5027"}],"wp:term":[{"taxonomy":"category","embeddable":true,"href":"http:\/\/www.portalmantena.com.br\/novo\/index.php?rest_route=%2Fwp%2Fv2%2Fcategories&post=5027"},{"taxonomy":"post_tag","embeddable":true,"href":"http:\/\/www.portalmantena.com.br\/novo\/index.php?rest_route=%2Fwp%2Fv2%2Ftags&post=5027"}],"curies":[{"name":"wp","href":"https:\/\/api.w.org\/{rel}","templated":true}]}}