{"id":5022,"date":"2017-04-21T09:40:26","date_gmt":"2017-04-21T12:40:26","guid":{"rendered":"http:\/\/www.portalmantena.com.br\/novo\/?p=5022"},"modified":"2017-04-20T13:48:03","modified_gmt":"2017-04-20T16:48:03","slug":"homem-e-morto-a-tiros-dentro-do-quintal-de-sua-casa","status":"publish","type":"post","link":"http:\/\/www.portalmantena.com.br\/novo\/?p=5022","title":{"rendered":"Homem \u00e9 morto a tiros dentro do quintal de sua casa"},"content":{"rendered":"<p><span style=\"font-size: 14pt;\">Mais um crime \u00e9 registrado na regi\u00e3o leste de minas, tirando a vida de um homem de 56 anos, morto a tiros na cidade de Aimor\u00e9s. <\/span><\/p>\n<p><span style=\"font-size: 14pt;\">Segundo informa\u00e7\u00f5es, o homem foi alvejado dentro do quintal de sua casa situada no morro da Matriz, na madrugada desta quinta-feira dia 20 de abril. Vizinhos ouviram o barulho dos disparos e encontraram o corpo do homem ca\u00eddo no ch\u00e3o. <\/span><\/p>\n<p><span style=\"font-size: 14pt;\">A pol\u00edcia militar foi acionada e esteve no local, os PMs informaram que o autor dos disparos teria tentado fugir com a moto da v\u00edtima, no entanto caiu com a moto abandonando o ve\u00edculo no local. <\/span><\/p>\n<p><span style=\"font-size: 14pt;\">A pol\u00edcia militar recolheu v\u00e1rias capsulas de balas pr\u00f3ximas ao corpo da v\u00edtima. N\u00e3o se sabe a motiva\u00e7\u00e3o do crime. O IML de Governador Valadares foi acionado para recolher o corpo para a per\u00edcia.<\/span><\/p>\n","protected":false},"excerpt":{"rendered":"<p>Mais um crime \u00e9 registrado na regi\u00e3o leste de minas, tirando a vida de um homem de 56 anos, morto a tiros na cidade de Aimor\u00e9s. Segundo informa\u00e7\u00f5es, o homem foi alvejado dentro do quintal de sua casa situada no morro da Matriz, na madrugada desta quinta-feira dia 20 de abril. Vizinhos ouviram o barulho [&hellip;]<\/p>\n","protected":false},"author":1,"featured_media":0,"comment_status":"open","ping_status":"open","sticky":false,"template":"","format":"standard","meta":[],"categories":[24],"tags":[],"_links":{"self":[{"href":"http:\/\/www.portalmantena.com.br\/novo\/index.php?rest_route=\/wp\/v2\/posts\/5022"}],"collection":[{"href":"http:\/\/www.portalmantena.com.br\/novo\/index.php?rest_route=\/wp\/v2\/posts"}],"about":[{"href":"http:\/\/www.portalmantena.com.br\/novo\/index.php?rest_route=\/wp\/v2\/types\/post"}],"author":[{"embeddable":true,"href":"http:\/\/www.portalmantena.com.br\/novo\/index.php?rest_route=\/wp\/v2\/users\/1"}],"replies":[{"embeddable":true,"href":"http:\/\/www.portalmantena.com.br\/novo\/index.php?rest_route=%2Fwp%2Fv2%2Fcomments&post=5022"}],"version-history":[{"count":1,"href":"http:\/\/www.portalmantena.com.br\/novo\/index.php?rest_route=\/wp\/v2\/posts\/5022\/revisions"}],"predecessor-version":[{"id":5023,"href":"http:\/\/www.portalmantena.com.br\/novo\/index.php?rest_route=\/wp\/v2\/posts\/5022\/revisions\/5023"}],"wp:attachment":[{"href":"http:\/\/www.portalmantena.com.br\/novo\/index.php?rest_route=%2Fwp%2Fv2%2Fmedia&parent=5022"}],"wp:term":[{"taxonomy":"category","embeddable":true,"href":"http:\/\/www.portalmantena.com.br\/novo\/index.php?rest_route=%2Fwp%2Fv2%2Fcategories&post=5022"},{"taxonomy":"post_tag","embeddable":true,"href":"http:\/\/www.portalmantena.com.br\/novo\/index.php?rest_route=%2Fwp%2Fv2%2Ftags&post=5022"}],"curies":[{"name":"wp","href":"https:\/\/api.w.org\/{rel}","templated":true}]}}