{"id":5018,"date":"2017-04-20T21:29:18","date_gmt":"2017-04-21T00:29:18","guid":{"rendered":"http:\/\/www.portalmantena.com.br\/novo\/?p=5018"},"modified":"2017-04-20T13:30:13","modified_gmt":"2017-04-20T16:30:13","slug":"esta-acabando-o-prazo-para-a-entrega-da-declaracao-do-imposto-de-renda","status":"publish","type":"post","link":"http:\/\/www.portalmantena.com.br\/novo\/?p=5018","title":{"rendered":"Est\u00e1 acabando o prazo para a entrega da Declara\u00e7\u00e3o do Imposto de Renda"},"content":{"rendered":"<p style=\"margin: 0cm; margin-bottom: .0001pt; tab-stops: 96.75pt; background: white;\"><span style=\"font-size: 14pt;\"><span style=\"font-family: Helvetica, sans-serif; color: #1d2129; background: white;\">F<\/span><span style=\"font-family: Arial, sans-serif; color: #484848; letter-spacing: -0.45pt; background: white;\">altando 9 dias para o fim do prazo para envio da declara\u00e7\u00e3o de Imposto de Renda,<\/span><span style=\"font-variant-ligatures: normal; font-variant-caps: normal; orphans: 2; text-align: start; widows: 2; -webkit-text-stroke-width: 0px; text-decoration-style: initial; text-decoration-color: initial; float: none; word-spacing: 0px;\"> menos da metade das declara\u00e7\u00f5es previstas pela Receita Federal foram entregues.<\/span><\/span><\/p>\n<p style=\"margin: 0cm; margin-bottom: .0001pt; tab-stops: 96.75pt; background: white;\">\n<p style=\"margin: 0cm; margin-bottom: .0001pt; tab-stops: 96.75pt; background: white;\"><span style=\"font-size: 14pt;\"><span style=\"font-variant-ligatures: normal; font-variant-caps: normal; orphans: 2; text-align: start; widows: 2; -webkit-text-stroke-width: 0px; text-decoration-style: initial; text-decoration-color: initial; float: none; word-spacing: 0px;\">At\u00e9 as 18h da quarta-feira (19), \u00faltimo balan\u00e7o da Receita, 13,86 milh\u00f5es de declara\u00e7\u00f5es haviam sido entregues, ou seja, 48,7% das 28,3 milh\u00f5es de declara\u00e7\u00f5es. <\/span><\/span><\/p>\n<p style=\"margin: 0cm; margin-bottom: .0001pt; tab-stops: 96.75pt; background: white;\">\n<p style=\"margin: 0cm; margin-bottom: .0001pt; tab-stops: 96.75pt; background: white;\"><span style=\"font-size: 14pt;\"><span style=\"font-variant-ligatures: normal; font-variant-caps: normal; orphans: 2; text-align: start; widows: 2; -webkit-text-stroke-width: 0px; text-decoration-style: initial; text-decoration-color: initial; float: none; word-spacing: 0px;\">O prazo final para entrega \u00e9 dia 28, sexta-feira que vem.<\/span> <\/span><\/p>\n<p style=\"margin: 0cm; margin-bottom: .0001pt; tab-stops: 96.75pt; background: white;\">\n<p style=\"margin: 0cm; margin-bottom: .0001pt; tab-stops: 96.75pt; background: white;\"><span style=\"font-size: 14pt;\">A multa m\u00ednima para o contribuinte que n\u00e3o entregar at\u00e9 o prazo \u00e9 de R$ 165,74 e a m\u00e1xima \u00e9 de 20% do imposto devido. Segundo o diretor tribut\u00e1rio da Confirp Consultoria Cont\u00e1bil, Welinton Mota, ainda d\u00e1 para fazer a declara\u00e7\u00e3o com calma, analisando qual o melhor tipo de declara\u00e7\u00e3o que ser\u00e1 entregue, se a completa ou a simplificada.<\/span><\/p>\n","protected":false},"excerpt":{"rendered":"<p>Faltando 9 dias para o fim do prazo para envio da declara\u00e7\u00e3o de Imposto de Renda, menos da metade das declara\u00e7\u00f5es previstas pela Receita Federal foram entregues. At\u00e9 as 18h da quarta-feira (19), \u00faltimo balan\u00e7o da Receita, 13,86 milh\u00f5es de declara\u00e7\u00f5es haviam sido entregues, ou seja, 48,7% das 28,3 milh\u00f5es de declara\u00e7\u00f5es. O prazo final [&hellip;]<\/p>\n","protected":false},"author":1,"featured_media":0,"comment_status":"open","ping_status":"open","sticky":false,"template":"","format":"standard","meta":[],"categories":[24],"tags":[],"_links":{"self":[{"href":"http:\/\/www.portalmantena.com.br\/novo\/index.php?rest_route=\/wp\/v2\/posts\/5018"}],"collection":[{"href":"http:\/\/www.portalmantena.com.br\/novo\/index.php?rest_route=\/wp\/v2\/posts"}],"about":[{"href":"http:\/\/www.portalmantena.com.br\/novo\/index.php?rest_route=\/wp\/v2\/types\/post"}],"author":[{"embeddable":true,"href":"http:\/\/www.portalmantena.com.br\/novo\/index.php?rest_route=\/wp\/v2\/users\/1"}],"replies":[{"embeddable":true,"href":"http:\/\/www.portalmantena.com.br\/novo\/index.php?rest_route=%2Fwp%2Fv2%2Fcomments&post=5018"}],"version-history":[{"count":1,"href":"http:\/\/www.portalmantena.com.br\/novo\/index.php?rest_route=\/wp\/v2\/posts\/5018\/revisions"}],"predecessor-version":[{"id":5019,"href":"http:\/\/www.portalmantena.com.br\/novo\/index.php?rest_route=\/wp\/v2\/posts\/5018\/revisions\/5019"}],"wp:attachment":[{"href":"http:\/\/www.portalmantena.com.br\/novo\/index.php?rest_route=%2Fwp%2Fv2%2Fmedia&parent=5018"}],"wp:term":[{"taxonomy":"category","embeddable":true,"href":"http:\/\/www.portalmantena.com.br\/novo\/index.php?rest_route=%2Fwp%2Fv2%2Fcategories&post=5018"},{"taxonomy":"post_tag","embeddable":true,"href":"http:\/\/www.portalmantena.com.br\/novo\/index.php?rest_route=%2Fwp%2Fv2%2Ftags&post=5018"}],"curies":[{"name":"wp","href":"https:\/\/api.w.org\/{rel}","templated":true}]}}