{"id":49645,"date":"2019-07-05T13:31:32","date_gmt":"2019-07-05T16:31:32","guid":{"rendered":"http:\/\/www.portalmantena.com.br\/novo\/?p=49645"},"modified":"2019-07-05T13:31:32","modified_gmt":"2019-07-05T16:31:32","slug":"casal-mantenense-completando-bodas-de-cristal","status":"publish","type":"post","link":"http:\/\/www.portalmantena.com.br\/novo\/?p=49645","title":{"rendered":"Casal mantenense completando Bodas de Cristal"},"content":{"rendered":"<p><a href=\"http:\/\/www.portalmantena.com.br\/novo\/wp-content\/uploads\/2019\/07\/vi050719eduardo.jpg\"><img loading=\"lazy\" class=\"alignnone size-full wp-image-49646\" src=\"http:\/\/www.portalmantena.com.br\/novo\/wp-content\/uploads\/2019\/07\/vi050719eduardo.jpg\" alt=\"\" width=\"700\" height=\"450\" srcset=\"http:\/\/www.portalmantena.com.br\/novo\/wp-content\/uploads\/2019\/07\/vi050719eduardo.jpg 700w, http:\/\/www.portalmantena.com.br\/novo\/wp-content\/uploads\/2019\/07\/vi050719eduardo-300x193.jpg 300w, http:\/\/www.portalmantena.com.br\/novo\/wp-content\/uploads\/2019\/07\/vi050719eduardo-696x447.jpg 696w, http:\/\/www.portalmantena.com.br\/novo\/wp-content\/uploads\/2019\/07\/vi050719eduardo-653x420.jpg 653w\" sizes=\"(max-width: 700px) 100vw, 700px\" \/><\/a><\/p>\n<p><span style=\"font-size: 14pt;\">Os nossos amigos, o casal mantenense Eduardo Almondes e sua esposa Elzita, completando nesta sexta-feira dia 05 de Julho, 15 anos de casados. <\/span><\/p>\n<p><span style=\"font-size: 14pt;\">E como disse Eduardo, em sua rede social, enviando uma declara\u00e7\u00e3o de amor \u00e0 companheira, \u201cMuitos anos de muita alegria, sempre do meu lado me apoiando, muito obrigado mesmo por estar do meu lado todos estes anos, \u00e9 muito dif\u00edcil de falar o quanto te amo.\u201d <\/span><\/p>\n<p><span style=\"font-size: 14pt;\">Parab\u00e9ns ao casal pelas bodas de Cristal, que o nosso Deus continue aben\u00e7oando e preservando esta uni\u00e3o.<\/span><\/p>\n<p><a href=\"http:\/\/www.portalmantena.com.br\/novo\/\"><img loading=\"lazy\" class=\"alignnone size-full wp-image-37296\" src=\"http:\/\/www.portalmantena.com.br\/novo\/wp-content\/uploads\/2018\/05\/faixavitrine2.jpg\" alt=\"\" width=\"700\" height=\"40\" srcset=\"http:\/\/www.portalmantena.com.br\/novo\/wp-content\/uploads\/2018\/05\/faixavitrine2.jpg 700w, http:\/\/www.portalmantena.com.br\/novo\/wp-content\/uploads\/2018\/05\/faixavitrine2-300x17.jpg 300w, http:\/\/www.portalmantena.com.br\/novo\/wp-content\/uploads\/2018\/05\/faixavitrine2-696x40.jpg 696w\" sizes=\"(max-width: 700px) 100vw, 700px\" \/><\/a><\/p>\n<p><span style=\"font-size: 10pt;\">ESPA\u00c7O EMPRESARIAL<\/span><a href=\"https:\/\/www.facebook.com\/academiaminasfitoficial\/\"><img loading=\"lazy\" class=\"alignnone size-full wp-image-47320\" src=\"http:\/\/www.portalmantena.com.br\/novo\/wp-content\/uploads\/2018\/05\/minasfitmm.jpg\" alt=\"\" width=\"700\" height=\"150\" srcset=\"http:\/\/www.portalmantena.com.br\/novo\/wp-content\/uploads\/2018\/05\/minasfitmm.jpg 700w, http:\/\/www.portalmantena.com.br\/novo\/wp-content\/uploads\/2018\/05\/minasfitmm-300x64.jpg 300w, http:\/\/www.portalmantena.com.br\/novo\/wp-content\/uploads\/2018\/05\/minasfitmm-696x150.jpg 696w\" sizes=\"(max-width: 700px) 100vw, 700px\" \/><\/a><\/p>\n","protected":false},"excerpt":{"rendered":"<p>Os nossos amigos, o casal mantenense Eduardo Almondes e sua esposa Elzita, completando nesta sexta-feira dia 05 de Julho, 15 anos de casados. E como disse Eduardo, em sua rede social, enviando uma declara\u00e7\u00e3o de amor \u00e0 companheira, \u201cMuitos anos de muita alegria, sempre do meu lado me apoiando, muito obrigado mesmo por estar do [&hellip;]<\/p>\n","protected":false},"author":1,"featured_media":49646,"comment_status":"open","ping_status":"open","sticky":false,"template":"","format":"standard","meta":[],"categories":[7],"tags":[],"_links":{"self":[{"href":"http:\/\/www.portalmantena.com.br\/novo\/index.php?rest_route=\/wp\/v2\/posts\/49645"}],"collection":[{"href":"http:\/\/www.portalmantena.com.br\/novo\/index.php?rest_route=\/wp\/v2\/posts"}],"about":[{"href":"http:\/\/www.portalmantena.com.br\/novo\/index.php?rest_route=\/wp\/v2\/types\/post"}],"author":[{"embeddable":true,"href":"http:\/\/www.portalmantena.com.br\/novo\/index.php?rest_route=\/wp\/v2\/users\/1"}],"replies":[{"embeddable":true,"href":"http:\/\/www.portalmantena.com.br\/novo\/index.php?rest_route=%2Fwp%2Fv2%2Fcomments&post=49645"}],"version-history":[{"count":1,"href":"http:\/\/www.portalmantena.com.br\/novo\/index.php?rest_route=\/wp\/v2\/posts\/49645\/revisions"}],"predecessor-version":[{"id":49647,"href":"http:\/\/www.portalmantena.com.br\/novo\/index.php?rest_route=\/wp\/v2\/posts\/49645\/revisions\/49647"}],"wp:featuredmedia":[{"embeddable":true,"href":"http:\/\/www.portalmantena.com.br\/novo\/index.php?rest_route=\/wp\/v2\/media\/49646"}],"wp:attachment":[{"href":"http:\/\/www.portalmantena.com.br\/novo\/index.php?rest_route=%2Fwp%2Fv2%2Fmedia&parent=49645"}],"wp:term":[{"taxonomy":"category","embeddable":true,"href":"http:\/\/www.portalmantena.com.br\/novo\/index.php?rest_route=%2Fwp%2Fv2%2Fcategories&post=49645"},{"taxonomy":"post_tag","embeddable":true,"href":"http:\/\/www.portalmantena.com.br\/novo\/index.php?rest_route=%2Fwp%2Fv2%2Ftags&post=49645"}],"curies":[{"name":"wp","href":"https:\/\/api.w.org\/{rel}","templated":true}]}}