{"id":49616,"date":"2019-07-05T01:32:43","date_gmt":"2019-07-05T04:32:43","guid":{"rendered":"http:\/\/www.portalmantena.com.br\/novo\/?p=49616"},"modified":"2019-07-04T14:44:00","modified_gmt":"2019-07-04T17:44:00","slug":"festa-junina-da-comunidade-sao-pedro-foi-animada","status":"publish","type":"post","link":"http:\/\/www.portalmantena.com.br\/novo\/?p=49616","title":{"rendered":"Festa Junina da Comunidade S\u00e3o Pedro foi Animada"},"content":{"rendered":"<p><a href=\"http:\/\/www.portalmantena.com.br\/novo\/wp-content\/uploads\/2019\/07\/no040719saopedro3.jpg\"><img loading=\"lazy\" class=\"alignnone size-full wp-image-49619\" src=\"http:\/\/www.portalmantena.com.br\/novo\/wp-content\/uploads\/2019\/07\/no040719saopedro3.jpg\" alt=\"\" width=\"700\" height=\"450\" srcset=\"http:\/\/www.portalmantena.com.br\/novo\/wp-content\/uploads\/2019\/07\/no040719saopedro3.jpg 700w, http:\/\/www.portalmantena.com.br\/novo\/wp-content\/uploads\/2019\/07\/no040719saopedro3-300x193.jpg 300w, http:\/\/www.portalmantena.com.br\/novo\/wp-content\/uploads\/2019\/07\/no040719saopedro3-696x447.jpg 696w, http:\/\/www.portalmantena.com.br\/novo\/wp-content\/uploads\/2019\/07\/no040719saopedro3-653x420.jpg 653w\" sizes=\"(max-width: 700px) 100vw, 700px\" \/><\/a><\/p>\n<p><span style=\"font-size: 14pt;\">Realmente foi uma bela festa a comemora\u00e7\u00e3o dos 36 anos de evangeliza\u00e7\u00e3o da comunidade cat\u00f3lica S\u00e3o Pedro, do bairro Vila Nova em Mantena. O evento que marcou a data foi realizado na \u00faltima sexta-feira (28) e s\u00e1bado (29). <\/span><\/p>\n<p><span style=\"font-size: 14pt;\">Al\u00e9m da celebra\u00e7\u00e3o do Tr\u00edduo, uma animada festa junina foi realizada na rua Goi\u00e1s, no bairro Vila Nova, com direito a muita m\u00fasica ao vivo com o cantor Elias Pedra, forr\u00f3 animado, barraquinhas com comidas t\u00edpicas, fogueira, moda de viola, dan\u00e7a de quadrilha, bingos diversos, sorteio de pr\u00eamios e muito mais.<\/span><\/p>\n<p><span style=\"font-size: 14pt;\"> De acordo com os organizadores, um bom p\u00fablico prestigiou o evento nos dois dias de festa, e mais uma vez o evento marcou esta tradi\u00e7\u00e3o da Comunidade S\u00e3o Pedro, que participar ativamente da hist\u00f3ria mantenense.<\/span><\/p>\n<p><a href=\"http:\/\/www.portalmantena.com.br\/novo\/wp-content\/uploads\/2019\/07\/no040719saopedro1.jpg\"><img loading=\"lazy\" class=\"alignnone size-full wp-image-49617\" src=\"http:\/\/www.portalmantena.com.br\/novo\/wp-content\/uploads\/2019\/07\/no040719saopedro1.jpg\" alt=\"\" width=\"700\" height=\"450\" srcset=\"http:\/\/www.portalmantena.com.br\/novo\/wp-content\/uploads\/2019\/07\/no040719saopedro1.jpg 700w, http:\/\/www.portalmantena.com.br\/novo\/wp-content\/uploads\/2019\/07\/no040719saopedro1-300x193.jpg 300w, http:\/\/www.portalmantena.com.br\/novo\/wp-content\/uploads\/2019\/07\/no040719saopedro1-696x447.jpg 696w, http:\/\/www.portalmantena.com.br\/novo\/wp-content\/uploads\/2019\/07\/no040719saopedro1-653x420.jpg 653w\" sizes=\"(max-width: 700px) 100vw, 700px\" \/><\/a><a href=\"http:\/\/www.portalmantena.com.br\/novo\/wp-content\/uploads\/2019\/07\/no040719saopedro2.jpg\"><img loading=\"lazy\" class=\"alignnone size-full wp-image-49618\" src=\"http:\/\/www.portalmantena.com.br\/novo\/wp-content\/uploads\/2019\/07\/no040719saopedro2.jpg\" alt=\"\" width=\"700\" height=\"450\" srcset=\"http:\/\/www.portalmantena.com.br\/novo\/wp-content\/uploads\/2019\/07\/no040719saopedro2.jpg 700w, http:\/\/www.portalmantena.com.br\/novo\/wp-content\/uploads\/2019\/07\/no040719saopedro2-300x193.jpg 300w, http:\/\/www.portalmantena.com.br\/novo\/wp-content\/uploads\/2019\/07\/no040719saopedro2-696x447.jpg 696w, http:\/\/www.portalmantena.com.br\/novo\/wp-content\/uploads\/2019\/07\/no040719saopedro2-653x420.jpg 653w\" sizes=\"(max-width: 700px) 100vw, 700px\" \/><\/a><a href=\"http:\/\/www.portalmantena.com.br\/novo\/wp-content\/uploads\/2019\/07\/no040719saopedro5.jpg\"><img loading=\"lazy\" class=\"alignnone size-full wp-image-49621\" src=\"http:\/\/www.portalmantena.com.br\/novo\/wp-content\/uploads\/2019\/07\/no040719saopedro5.jpg\" alt=\"\" width=\"700\" height=\"450\" srcset=\"http:\/\/www.portalmantena.com.br\/novo\/wp-content\/uploads\/2019\/07\/no040719saopedro5.jpg 700w, http:\/\/www.portalmantena.com.br\/novo\/wp-content\/uploads\/2019\/07\/no040719saopedro5-300x193.jpg 300w, http:\/\/www.portalmantena.com.br\/novo\/wp-content\/uploads\/2019\/07\/no040719saopedro5-696x447.jpg 696w, http:\/\/www.portalmantena.com.br\/novo\/wp-content\/uploads\/2019\/07\/no040719saopedro5-653x420.jpg 653w\" sizes=\"(max-width: 700px) 100vw, 700px\" \/><\/a><a href=\"http:\/\/www.portalmantena.com.br\/novo\/wp-content\/uploads\/2019\/07\/no040719saopedro4.jpg\"><img loading=\"lazy\" class=\"alignnone size-full wp-image-49620\" src=\"http:\/\/www.portalmantena.com.br\/novo\/wp-content\/uploads\/2019\/07\/no040719saopedro4.jpg\" alt=\"\" width=\"700\" height=\"450\" srcset=\"http:\/\/www.portalmantena.com.br\/novo\/wp-content\/uploads\/2019\/07\/no040719saopedro4.jpg 700w, http:\/\/www.portalmantena.com.br\/novo\/wp-content\/uploads\/2019\/07\/no040719saopedro4-300x193.jpg 300w, http:\/\/www.portalmantena.com.br\/novo\/wp-content\/uploads\/2019\/07\/no040719saopedro4-696x447.jpg 696w, http:\/\/www.portalmantena.com.br\/novo\/wp-content\/uploads\/2019\/07\/no040719saopedro4-653x420.jpg 653w\" sizes=\"(max-width: 700px) 100vw, 700px\" \/><\/a><a href=\"http:\/\/www.portalmantena.com.br\/novo\/wp-content\/uploads\/2019\/07\/no040719saopedro6.jpg\"><img loading=\"lazy\" class=\"alignnone size-full wp-image-49622\" src=\"http:\/\/www.portalmantena.com.br\/novo\/wp-content\/uploads\/2019\/07\/no040719saopedro6.jpg\" alt=\"\" width=\"700\" height=\"450\" srcset=\"http:\/\/www.portalmantena.com.br\/novo\/wp-content\/uploads\/2019\/07\/no040719saopedro6.jpg 700w, http:\/\/www.portalmantena.com.br\/novo\/wp-content\/uploads\/2019\/07\/no040719saopedro6-300x193.jpg 300w, http:\/\/www.portalmantena.com.br\/novo\/wp-content\/uploads\/2019\/07\/no040719saopedro6-696x447.jpg 696w, http:\/\/www.portalmantena.com.br\/novo\/wp-content\/uploads\/2019\/07\/no040719saopedro6-653x420.jpg 653w\" sizes=\"(max-width: 700px) 100vw, 700px\" \/><\/a> <a href=\"http:\/\/www.portalmantena.com.br\/novo\/wp-content\/uploads\/2019\/07\/no040719saopedro7.jpg\"><img loading=\"lazy\" class=\"alignnone size-full wp-image-49623\" src=\"http:\/\/www.portalmantena.com.br\/novo\/wp-content\/uploads\/2019\/07\/no040719saopedro7.jpg\" alt=\"\" width=\"700\" height=\"450\" srcset=\"http:\/\/www.portalmantena.com.br\/novo\/wp-content\/uploads\/2019\/07\/no040719saopedro7.jpg 700w, http:\/\/www.portalmantena.com.br\/novo\/wp-content\/uploads\/2019\/07\/no040719saopedro7-300x193.jpg 300w, http:\/\/www.portalmantena.com.br\/novo\/wp-content\/uploads\/2019\/07\/no040719saopedro7-696x447.jpg 696w, http:\/\/www.portalmantena.com.br\/novo\/wp-content\/uploads\/2019\/07\/no040719saopedro7-653x420.jpg 653w\" sizes=\"(max-width: 700px) 100vw, 700px\" \/><\/a> <a href=\"http:\/\/www.portalmantena.com.br\/novo\/wp-content\/uploads\/2019\/07\/no040719saopedro8.jpg\"><img loading=\"lazy\" class=\"alignnone size-full wp-image-49624\" src=\"http:\/\/www.portalmantena.com.br\/novo\/wp-content\/uploads\/2019\/07\/no040719saopedro8.jpg\" alt=\"\" width=\"700\" height=\"450\" srcset=\"http:\/\/www.portalmantena.com.br\/novo\/wp-content\/uploads\/2019\/07\/no040719saopedro8.jpg 700w, http:\/\/www.portalmantena.com.br\/novo\/wp-content\/uploads\/2019\/07\/no040719saopedro8-300x193.jpg 300w, http:\/\/www.portalmantena.com.br\/novo\/wp-content\/uploads\/2019\/07\/no040719saopedro8-696x447.jpg 696w, http:\/\/www.portalmantena.com.br\/novo\/wp-content\/uploads\/2019\/07\/no040719saopedro8-653x420.jpg 653w\" sizes=\"(max-width: 700px) 100vw, 700px\" \/><\/a><a href=\"http:\/\/www.portalmantena.com.br\/novo\/\"><img loading=\"lazy\" class=\"alignnone size-full wp-image-37331\" src=\"http:\/\/www.portalmantena.com.br\/novo\/wp-content\/uploads\/2018\/05\/faixaportalnoticias5.jpg\" alt=\"\" width=\"700\" height=\"40\" srcset=\"http:\/\/www.portalmantena.com.br\/novo\/wp-content\/uploads\/2018\/05\/faixaportalnoticias5.jpg 700w, http:\/\/www.portalmantena.com.br\/novo\/wp-content\/uploads\/2018\/05\/faixaportalnoticias5-300x17.jpg 300w, http:\/\/www.portalmantena.com.br\/novo\/wp-content\/uploads\/2018\/05\/faixaportalnoticias5-696x40.jpg 696w\" sizes=\"(max-width: 700px) 100vw, 700px\" \/><\/a><\/p>\n<p><span style=\"font-size: 10pt;\">ESPA\u00c7O EMPRESARIAL<\/span><a href=\"http:\/\/www.portalmantena.com.br\/novo\/wp-content\/uploads\/2018\/05\/cafebonzonfaixa.jpg\"><img loading=\"lazy\" class=\"alignnone size-full wp-image-29162\" src=\"http:\/\/www.portalmantena.com.br\/novo\/wp-content\/uploads\/2018\/05\/cafebonzonfaixa.jpg\" alt=\"\" width=\"700\" height=\"150\" srcset=\"http:\/\/www.portalmantena.com.br\/novo\/wp-content\/uploads\/2018\/05\/cafebonzonfaixa.jpg 700w, http:\/\/www.portalmantena.com.br\/novo\/wp-content\/uploads\/2018\/05\/cafebonzonfaixa-300x64.jpg 300w, http:\/\/www.portalmantena.com.br\/novo\/wp-content\/uploads\/2018\/05\/cafebonzonfaixa-696x150.jpg 696w\" sizes=\"(max-width: 700px) 100vw, 700px\" \/><\/a><\/p>\n<p>&nbsp;<\/p>\n","protected":false},"excerpt":{"rendered":"<p>Realmente foi uma bela festa a comemora\u00e7\u00e3o dos 36 anos de evangeliza\u00e7\u00e3o da comunidade cat\u00f3lica S\u00e3o Pedro, do bairro Vila Nova em Mantena. O evento que marcou a data foi realizado na \u00faltima sexta-feira (28) e s\u00e1bado (29). Al\u00e9m da celebra\u00e7\u00e3o do Tr\u00edduo, uma animada festa junina foi realizada na rua Goi\u00e1s, no bairro Vila [&hellip;]<\/p>\n","protected":false},"author":1,"featured_media":49619,"comment_status":"open","ping_status":"open","sticky":false,"template":"","format":"standard","meta":[],"categories":[36,12],"tags":[],"_links":{"self":[{"href":"http:\/\/www.portalmantena.com.br\/novo\/index.php?rest_route=\/wp\/v2\/posts\/49616"}],"collection":[{"href":"http:\/\/www.portalmantena.com.br\/novo\/index.php?rest_route=\/wp\/v2\/posts"}],"about":[{"href":"http:\/\/www.portalmantena.com.br\/novo\/index.php?rest_route=\/wp\/v2\/types\/post"}],"author":[{"embeddable":true,"href":"http:\/\/www.portalmantena.com.br\/novo\/index.php?rest_route=\/wp\/v2\/users\/1"}],"replies":[{"embeddable":true,"href":"http:\/\/www.portalmantena.com.br\/novo\/index.php?rest_route=%2Fwp%2Fv2%2Fcomments&post=49616"}],"version-history":[{"count":1,"href":"http:\/\/www.portalmantena.com.br\/novo\/index.php?rest_route=\/wp\/v2\/posts\/49616\/revisions"}],"predecessor-version":[{"id":49625,"href":"http:\/\/www.portalmantena.com.br\/novo\/index.php?rest_route=\/wp\/v2\/posts\/49616\/revisions\/49625"}],"wp:featuredmedia":[{"embeddable":true,"href":"http:\/\/www.portalmantena.com.br\/novo\/index.php?rest_route=\/wp\/v2\/media\/49619"}],"wp:attachment":[{"href":"http:\/\/www.portalmantena.com.br\/novo\/index.php?rest_route=%2Fwp%2Fv2%2Fmedia&parent=49616"}],"wp:term":[{"taxonomy":"category","embeddable":true,"href":"http:\/\/www.portalmantena.com.br\/novo\/index.php?rest_route=%2Fwp%2Fv2%2Fcategories&post=49616"},{"taxonomy":"post_tag","embeddable":true,"href":"http:\/\/www.portalmantena.com.br\/novo\/index.php?rest_route=%2Fwp%2Fv2%2Ftags&post=49616"}],"curies":[{"name":"wp","href":"https:\/\/api.w.org\/{rel}","templated":true}]}}