{"id":49463,"date":"2019-07-05T03:30:42","date_gmt":"2019-07-05T06:30:42","guid":{"rendered":"http:\/\/www.portalmantena.com.br\/novo\/?p=49463"},"modified":"2019-07-01T13:37:04","modified_gmt":"2019-07-01T16:37:04","slug":"protecao-ambiental-e-tema-de-palestra-em-escola","status":"publish","type":"post","link":"http:\/\/www.portalmantena.com.br\/novo\/?p=49463","title":{"rendered":"Prote\u00e7\u00e3o Ambiental \u00e9 tema de palestra em Escola"},"content":{"rendered":"<p><a href=\"http:\/\/www.portalmantena.com.br\/novo\/wp-content\/uploads\/2019\/07\/no010719pm.jpg\"><img loading=\"lazy\" class=\"alignnone size-full wp-image-49464\" src=\"http:\/\/www.portalmantena.com.br\/novo\/wp-content\/uploads\/2019\/07\/no010719pm.jpg\" alt=\"\" width=\"700\" height=\"450\" srcset=\"http:\/\/www.portalmantena.com.br\/novo\/wp-content\/uploads\/2019\/07\/no010719pm.jpg 700w, http:\/\/www.portalmantena.com.br\/novo\/wp-content\/uploads\/2019\/07\/no010719pm-300x193.jpg 300w, http:\/\/www.portalmantena.com.br\/novo\/wp-content\/uploads\/2019\/07\/no010719pm-696x447.jpg 696w, http:\/\/www.portalmantena.com.br\/novo\/wp-content\/uploads\/2019\/07\/no010719pm-653x420.jpg 653w\" sizes=\"(max-width: 700px) 100vw, 700px\" \/><\/a><\/p>\n<p><span style=\"font-size: 14pt;\">Nesta quarta-feira (26), a 2\u00aa Cia do Batalh\u00e3o de Pol\u00edcia Militar Ambiental (BPMA), realizou palestra com foco na prote\u00e7\u00e3o do Meio Ambiente para a comunidade do Bairro Col\u00fambia no munic\u00edpio de Colatina\/ES.\u00a0 <\/span><\/p>\n<p><span style=\"font-size: 14pt;\">O evento foi realizado na sede do Centro de Refer\u00eancia de Assist\u00eancia Social \u2013 CRAS, onde al\u00e9m de palestra ministrada pelos militares integrantes do BPMA, os participantes puderam observar o acervo de animais taxidermizados e t\u00e9cnicas de manejo e conten\u00e7\u00e3o de animais silvestre. <\/span><\/p>\n<p><span style=\"font-size: 14pt;\">O p\u00fablico com faixa et\u00e1ria de 02 a 80 anos transformou o evento em um maravilhoso encontro comunit\u00e1rio com a Pol\u00edcia Militar onde experi\u00eancias foram trocadas e a recorda\u00e7\u00e3o de uma natureza em maior equil\u00edbrio foi relembrada pelos adultos servindo de exemplo aos pequenos que se encantavam com os animais taxidermizados que nunca haviam visto na natureza. <\/span><\/p>\n<p><span style=\"font-size: 14pt;\">O BPMA, por interm\u00e9dio da 2\u00aa Cia, sediada no munic\u00edpio de Colatina, busca realizar eventos de educa\u00e7\u00e3o ambiental voltados a sensibiliza\u00e7\u00e3o dos participantes para as causas ambientais e aproxima\u00e7\u00e3o da comunidade local com a Pol\u00edcia Militar. (fonte\/foto:PM).<\/span><\/p>\n<p><a href=\"http:\/\/www.portalmantena.com.br\/novo\/\"><img loading=\"lazy\" class=\"alignnone size-full wp-image-37331\" src=\"http:\/\/www.portalmantena.com.br\/novo\/wp-content\/uploads\/2018\/05\/faixaportalnoticias5.jpg\" alt=\"\" width=\"700\" height=\"40\" srcset=\"http:\/\/www.portalmantena.com.br\/novo\/wp-content\/uploads\/2018\/05\/faixaportalnoticias5.jpg 700w, http:\/\/www.portalmantena.com.br\/novo\/wp-content\/uploads\/2018\/05\/faixaportalnoticias5-300x17.jpg 300w, http:\/\/www.portalmantena.com.br\/novo\/wp-content\/uploads\/2018\/05\/faixaportalnoticias5-696x40.jpg 696w\" sizes=\"(max-width: 700px) 100vw, 700px\" \/><\/a><\/p>\n<p><span style=\"font-size: 10pt;\">ESPA\u00c7O EMPRESARIAL<\/span><a href=\"https:\/\/www.facebook.com\/redevalente\/\"><img loading=\"lazy\" class=\"alignnone size-full wp-image-29188\" src=\"http:\/\/www.portalmantena.com.br\/novo\/wp-content\/uploads\/2018\/05\/valentefaixa.jpg\" alt=\"\" width=\"700\" height=\"150\" srcset=\"http:\/\/www.portalmantena.com.br\/novo\/wp-content\/uploads\/2018\/05\/valentefaixa.jpg 700w, http:\/\/www.portalmantena.com.br\/novo\/wp-content\/uploads\/2018\/05\/valentefaixa-300x64.jpg 300w, http:\/\/www.portalmantena.com.br\/novo\/wp-content\/uploads\/2018\/05\/valentefaixa-696x150.jpg 696w\" sizes=\"(max-width: 700px) 100vw, 700px\" \/><\/a><\/p>\n","protected":false},"excerpt":{"rendered":"<p>Nesta quarta-feira (26), a 2\u00aa Cia do Batalh\u00e3o de Pol\u00edcia Militar Ambiental (BPMA), realizou palestra com foco na prote\u00e7\u00e3o do Meio Ambiente para a comunidade do Bairro Col\u00fambia no munic\u00edpio de Colatina\/ES.\u00a0 O evento foi realizado na sede do Centro de Refer\u00eancia de Assist\u00eancia Social \u2013 CRAS, onde al\u00e9m de palestra ministrada pelos militares integrantes [&hellip;]<\/p>\n","protected":false},"author":1,"featured_media":49464,"comment_status":"open","ping_status":"open","sticky":false,"template":"","format":"standard","meta":[],"categories":[11,39],"tags":[],"_links":{"self":[{"href":"http:\/\/www.portalmantena.com.br\/novo\/index.php?rest_route=\/wp\/v2\/posts\/49463"}],"collection":[{"href":"http:\/\/www.portalmantena.com.br\/novo\/index.php?rest_route=\/wp\/v2\/posts"}],"about":[{"href":"http:\/\/www.portalmantena.com.br\/novo\/index.php?rest_route=\/wp\/v2\/types\/post"}],"author":[{"embeddable":true,"href":"http:\/\/www.portalmantena.com.br\/novo\/index.php?rest_route=\/wp\/v2\/users\/1"}],"replies":[{"embeddable":true,"href":"http:\/\/www.portalmantena.com.br\/novo\/index.php?rest_route=%2Fwp%2Fv2%2Fcomments&post=49463"}],"version-history":[{"count":1,"href":"http:\/\/www.portalmantena.com.br\/novo\/index.php?rest_route=\/wp\/v2\/posts\/49463\/revisions"}],"predecessor-version":[{"id":49465,"href":"http:\/\/www.portalmantena.com.br\/novo\/index.php?rest_route=\/wp\/v2\/posts\/49463\/revisions\/49465"}],"wp:featuredmedia":[{"embeddable":true,"href":"http:\/\/www.portalmantena.com.br\/novo\/index.php?rest_route=\/wp\/v2\/media\/49464"}],"wp:attachment":[{"href":"http:\/\/www.portalmantena.com.br\/novo\/index.php?rest_route=%2Fwp%2Fv2%2Fmedia&parent=49463"}],"wp:term":[{"taxonomy":"category","embeddable":true,"href":"http:\/\/www.portalmantena.com.br\/novo\/index.php?rest_route=%2Fwp%2Fv2%2Fcategories&post=49463"},{"taxonomy":"post_tag","embeddable":true,"href":"http:\/\/www.portalmantena.com.br\/novo\/index.php?rest_route=%2Fwp%2Fv2%2Ftags&post=49463"}],"curies":[{"name":"wp","href":"https:\/\/api.w.org\/{rel}","templated":true}]}}