{"id":49408,"date":"2019-07-04T23:34:08","date_gmt":"2019-07-05T02:34:08","guid":{"rendered":"http:\/\/www.portalmantena.com.br\/novo\/?p=49408"},"modified":"2019-07-04T14:47:07","modified_gmt":"2019-07-04T17:47:07","slug":"mantena-recebera-uma-exposicao-de-orquideas-em-julho","status":"publish","type":"post","link":"http:\/\/www.portalmantena.com.br\/novo\/?p=49408","title":{"rendered":"Mantena: Come\u00e7a nesta sexta-feira a Exposi\u00e7\u00e3o de Orqu\u00eddeas"},"content":{"rendered":"<p><a href=\"http:\/\/www.portalmantena.com.br\/novo\/wp-content\/uploads\/2019\/06\/no280619orquidea2.jpg\"><img loading=\"lazy\" class=\"alignnone size-full wp-image-49410\" src=\"http:\/\/www.portalmantena.com.br\/novo\/wp-content\/uploads\/2019\/06\/no280619orquidea2.jpg\" alt=\"\" width=\"700\" height=\"450\" srcset=\"http:\/\/www.portalmantena.com.br\/novo\/wp-content\/uploads\/2019\/06\/no280619orquidea2.jpg 700w, http:\/\/www.portalmantena.com.br\/novo\/wp-content\/uploads\/2019\/06\/no280619orquidea2-300x193.jpg 300w, http:\/\/www.portalmantena.com.br\/novo\/wp-content\/uploads\/2019\/06\/no280619orquidea2-696x447.jpg 696w, http:\/\/www.portalmantena.com.br\/novo\/wp-content\/uploads\/2019\/06\/no280619orquidea2-653x420.jpg 653w\" sizes=\"(max-width: 700px) 100vw, 700px\" \/><\/a><\/p>\n<p><span style=\"font-size: 14pt;\">Para os admiradores e tamb\u00e9m colecionadores de Orqu\u00eddeas, um grande evento est\u00e1 agendado para acontecer em Mantena no in\u00edcio do m\u00eas de Julho. Nos dias 5, 6 e 7 de Julho (sexta, s\u00e1bado e domingo), sempre de 9 \u00e0s 19 horas, ser\u00e1 realizado em Mantena a 1\u00aa Exposi\u00e7\u00e3o de Orqu\u00eddeas do Orquid\u00e1rio Vale do Rio Doce. <\/span><\/p>\n<p><span style=\"font-size: 14pt;\">O evento acontecer\u00e1 nas depend\u00eancias da Escola Municipal Ant\u00f4nio Carlos, situada \u00e0 rua Santa Luzia,133 no centro em Mantena. <\/span><\/p>\n<p><span style=\"font-size: 14pt;\">Durante a Exposi\u00e7\u00e3o acontecer\u00e1 no S\u00e1bado dia 06, uma Palestra sobre o Cultivo de Orqu\u00eddeas \u00e0s 16 horas, e ainda o Sorteio de Orqu\u00eddeas para os participantes. <\/span><\/p>\n<p><span style=\"font-size: 14pt;\">A realiza\u00e7\u00e3o do evento tem o apoio da Prefeitura Municipal, Secretaria de Meio Ambiente, Vereador Genivaldo Assis e Orquid\u00e1rio Vale do Rio Doce.<\/span><\/p>\n<p><a href=\"http:\/\/www.portalmantena.com.br\/novo\/wp-content\/uploads\/2019\/06\/no280619orquidea1.jpg\"><img loading=\"lazy\" class=\"alignnone size-full wp-image-49409\" src=\"http:\/\/www.portalmantena.com.br\/novo\/wp-content\/uploads\/2019\/06\/no280619orquidea1.jpg\" alt=\"\" width=\"700\" height=\"450\" srcset=\"http:\/\/www.portalmantena.com.br\/novo\/wp-content\/uploads\/2019\/06\/no280619orquidea1.jpg 700w, http:\/\/www.portalmantena.com.br\/novo\/wp-content\/uploads\/2019\/06\/no280619orquidea1-300x193.jpg 300w, http:\/\/www.portalmantena.com.br\/novo\/wp-content\/uploads\/2019\/06\/no280619orquidea1-696x447.jpg 696w, http:\/\/www.portalmantena.com.br\/novo\/wp-content\/uploads\/2019\/06\/no280619orquidea1-653x420.jpg 653w\" sizes=\"(max-width: 700px) 100vw, 700px\" \/><\/a><a href=\"http:\/\/www.portalmantena.com.br\/novo\/\"><img loading=\"lazy\" class=\"alignnone size-full wp-image-37331\" src=\"http:\/\/www.portalmantena.com.br\/novo\/wp-content\/uploads\/2018\/05\/faixaportalnoticias5.jpg\" alt=\"\" width=\"700\" height=\"40\" srcset=\"http:\/\/www.portalmantena.com.br\/novo\/wp-content\/uploads\/2018\/05\/faixaportalnoticias5.jpg 700w, http:\/\/www.portalmantena.com.br\/novo\/wp-content\/uploads\/2018\/05\/faixaportalnoticias5-300x17.jpg 300w, http:\/\/www.portalmantena.com.br\/novo\/wp-content\/uploads\/2018\/05\/faixaportalnoticias5-696x40.jpg 696w\" sizes=\"(max-width: 700px) 100vw, 700px\" \/><\/a><\/p>\n<p><span style=\"font-size: 10pt;\">ESPA\u00c7O EMPRESARIAL<\/span><a href=\"http:\/\/www.portalmantena.com.br\/novo\/wp-content\/uploads\/2018\/05\/cafebonzonfaixa.jpg\"><img loading=\"lazy\" class=\"alignnone size-full wp-image-29162\" src=\"http:\/\/www.portalmantena.com.br\/novo\/wp-content\/uploads\/2018\/05\/cafebonzonfaixa.jpg\" alt=\"\" width=\"700\" height=\"150\" srcset=\"http:\/\/www.portalmantena.com.br\/novo\/wp-content\/uploads\/2018\/05\/cafebonzonfaixa.jpg 700w, http:\/\/www.portalmantena.com.br\/novo\/wp-content\/uploads\/2018\/05\/cafebonzonfaixa-300x64.jpg 300w, http:\/\/www.portalmantena.com.br\/novo\/wp-content\/uploads\/2018\/05\/cafebonzonfaixa-696x150.jpg 696w\" sizes=\"(max-width: 700px) 100vw, 700px\" \/><\/a><\/p>\n","protected":false},"excerpt":{"rendered":"<p>Para os admiradores e tamb\u00e9m colecionadores de Orqu\u00eddeas, um grande evento est\u00e1 agendado para acontecer em Mantena no in\u00edcio do m\u00eas de Julho. Nos dias 5, 6 e 7 de Julho (sexta, s\u00e1bado e domingo), sempre de 9 \u00e0s 19 horas, ser\u00e1 realizado em Mantena a 1\u00aa Exposi\u00e7\u00e3o de Orqu\u00eddeas do Orquid\u00e1rio Vale do Rio [&hellip;]<\/p>\n","protected":false},"author":1,"featured_media":49410,"comment_status":"open","ping_status":"open","sticky":false,"template":"","format":"standard","meta":[],"categories":[36,12],"tags":[],"_links":{"self":[{"href":"http:\/\/www.portalmantena.com.br\/novo\/index.php?rest_route=\/wp\/v2\/posts\/49408"}],"collection":[{"href":"http:\/\/www.portalmantena.com.br\/novo\/index.php?rest_route=\/wp\/v2\/posts"}],"about":[{"href":"http:\/\/www.portalmantena.com.br\/novo\/index.php?rest_route=\/wp\/v2\/types\/post"}],"author":[{"embeddable":true,"href":"http:\/\/www.portalmantena.com.br\/novo\/index.php?rest_route=\/wp\/v2\/users\/1"}],"replies":[{"embeddable":true,"href":"http:\/\/www.portalmantena.com.br\/novo\/index.php?rest_route=%2Fwp%2Fv2%2Fcomments&post=49408"}],"version-history":[{"count":2,"href":"http:\/\/www.portalmantena.com.br\/novo\/index.php?rest_route=\/wp\/v2\/posts\/49408\/revisions"}],"predecessor-version":[{"id":49627,"href":"http:\/\/www.portalmantena.com.br\/novo\/index.php?rest_route=\/wp\/v2\/posts\/49408\/revisions\/49627"}],"wp:featuredmedia":[{"embeddable":true,"href":"http:\/\/www.portalmantena.com.br\/novo\/index.php?rest_route=\/wp\/v2\/media\/49410"}],"wp:attachment":[{"href":"http:\/\/www.portalmantena.com.br\/novo\/index.php?rest_route=%2Fwp%2Fv2%2Fmedia&parent=49408"}],"wp:term":[{"taxonomy":"category","embeddable":true,"href":"http:\/\/www.portalmantena.com.br\/novo\/index.php?rest_route=%2Fwp%2Fv2%2Fcategories&post=49408"},{"taxonomy":"post_tag","embeddable":true,"href":"http:\/\/www.portalmantena.com.br\/novo\/index.php?rest_route=%2Fwp%2Fv2%2Ftags&post=49408"}],"curies":[{"name":"wp","href":"https:\/\/api.w.org\/{rel}","templated":true}]}}