{"id":48910,"date":"2019-06-23T01:47:14","date_gmt":"2019-06-23T04:47:14","guid":{"rendered":"http:\/\/www.portalmantena.com.br\/novo\/?p=48910"},"modified":"2019-06-24T08:34:58","modified_gmt":"2019-06-24T11:34:58","slug":"novos-instrumentos-para-a-banda-da-guarda-mirim","status":"publish","type":"post","link":"http:\/\/www.portalmantena.com.br\/novo\/?p=48910","title":{"rendered":"Novos instrumentos para a Banda da Guarda Mirim"},"content":{"rendered":"<p><a href=\"http:\/\/www.portalmantena.com.br\/novo\/wp-content\/uploads\/2019\/06\/no180619guarda.jpg\"><img loading=\"lazy\" class=\"alignnone size-full wp-image-48911\" src=\"http:\/\/www.portalmantena.com.br\/novo\/wp-content\/uploads\/2019\/06\/no180619guarda.jpg\" alt=\"\" width=\"700\" height=\"450\" srcset=\"http:\/\/www.portalmantena.com.br\/novo\/wp-content\/uploads\/2019\/06\/no180619guarda.jpg 700w, http:\/\/www.portalmantena.com.br\/novo\/wp-content\/uploads\/2019\/06\/no180619guarda-300x193.jpg 300w, http:\/\/www.portalmantena.com.br\/novo\/wp-content\/uploads\/2019\/06\/no180619guarda-696x447.jpg 696w, http:\/\/www.portalmantena.com.br\/novo\/wp-content\/uploads\/2019\/06\/no180619guarda-653x420.jpg 653w\" sizes=\"(max-width: 700px) 100vw, 700px\" \/><\/a><\/p>\n<p><span style=\"font-size: 14pt;\">Nesta ter\u00e7a-feira dia 18 de Junho, o Diretor da Associa\u00e7\u00e3o Guarda Mirim de Mantena, Sub tenente Wender e o Vice Diretor, realizaram a aquisi\u00e7\u00e3o de novos instrumentos musicais para a Associa\u00e7\u00e3o. <\/span><\/p>\n<p><span style=\"font-size: 14pt;\">De acordo com o presidente, o objetivo \u00e9 preparar a Banda da Guarda Mirim para as atividades vindouras, especialmente as apresenta\u00e7\u00f5es nas comemora\u00e7\u00f5es c\u00edvicas de Sete de Setembro, tanto em Mantena quanto em cidades onde a Guarda Mirim \u00e9 sempre convidada a abrilhantar os eventos. \u201cGuara Mirim de Mantena, uma Escola para a vida toda!\u201d.<\/span><\/p>\n<p><a href=\"http:\/\/www.portalmantena.com.br\/novo\/\"><img loading=\"lazy\" class=\"alignnone size-full wp-image-37331\" src=\"http:\/\/www.portalmantena.com.br\/novo\/wp-content\/uploads\/2018\/05\/faixaportalnoticias5.jpg\" alt=\"\" width=\"700\" height=\"40\" srcset=\"http:\/\/www.portalmantena.com.br\/novo\/wp-content\/uploads\/2018\/05\/faixaportalnoticias5.jpg 700w, http:\/\/www.portalmantena.com.br\/novo\/wp-content\/uploads\/2018\/05\/faixaportalnoticias5-300x17.jpg 300w, http:\/\/www.portalmantena.com.br\/novo\/wp-content\/uploads\/2018\/05\/faixaportalnoticias5-696x40.jpg 696w\" sizes=\"(max-width: 700px) 100vw, 700px\" \/><\/a><\/p>\n<p><span style=\"font-size: 10pt;\">ESPA\u00c7O EMPRESARIAL<\/span><a href=\"http:\/\/www.portalmantena.com.br\/novo\/?p=34494\"><img src=\"http:\/\/www.portalmantena.com.br\/novo\/wp-content\/uploads\/2018\/10\/universal151018.jpg\" \/><\/a><\/p>\n","protected":false},"excerpt":{"rendered":"<p>Nesta ter\u00e7a-feira dia 18 de Junho, o Diretor da Associa\u00e7\u00e3o Guarda Mirim de Mantena, Sub tenente Wender e o Vice Diretor, realizaram a aquisi\u00e7\u00e3o de novos instrumentos musicais para a Associa\u00e7\u00e3o. De acordo com o presidente, o objetivo \u00e9 preparar a Banda da Guarda Mirim para as atividades vindouras, especialmente as apresenta\u00e7\u00f5es nas comemora\u00e7\u00f5es c\u00edvicas [&hellip;]<\/p>\n","protected":false},"author":1,"featured_media":48911,"comment_status":"open","ping_status":"open","sticky":false,"template":"","format":"standard","meta":[],"categories":[36,69],"tags":[],"_links":{"self":[{"href":"http:\/\/www.portalmantena.com.br\/novo\/index.php?rest_route=\/wp\/v2\/posts\/48910"}],"collection":[{"href":"http:\/\/www.portalmantena.com.br\/novo\/index.php?rest_route=\/wp\/v2\/posts"}],"about":[{"href":"http:\/\/www.portalmantena.com.br\/novo\/index.php?rest_route=\/wp\/v2\/types\/post"}],"author":[{"embeddable":true,"href":"http:\/\/www.portalmantena.com.br\/novo\/index.php?rest_route=\/wp\/v2\/users\/1"}],"replies":[{"embeddable":true,"href":"http:\/\/www.portalmantena.com.br\/novo\/index.php?rest_route=%2Fwp%2Fv2%2Fcomments&post=48910"}],"version-history":[{"count":1,"href":"http:\/\/www.portalmantena.com.br\/novo\/index.php?rest_route=\/wp\/v2\/posts\/48910\/revisions"}],"predecessor-version":[{"id":48912,"href":"http:\/\/www.portalmantena.com.br\/novo\/index.php?rest_route=\/wp\/v2\/posts\/48910\/revisions\/48912"}],"wp:featuredmedia":[{"embeddable":true,"href":"http:\/\/www.portalmantena.com.br\/novo\/index.php?rest_route=\/wp\/v2\/media\/48911"}],"wp:attachment":[{"href":"http:\/\/www.portalmantena.com.br\/novo\/index.php?rest_route=%2Fwp%2Fv2%2Fmedia&parent=48910"}],"wp:term":[{"taxonomy":"category","embeddable":true,"href":"http:\/\/www.portalmantena.com.br\/novo\/index.php?rest_route=%2Fwp%2Fv2%2Fcategories&post=48910"},{"taxonomy":"post_tag","embeddable":true,"href":"http:\/\/www.portalmantena.com.br\/novo\/index.php?rest_route=%2Fwp%2Fv2%2Ftags&post=48910"}],"curies":[{"name":"wp","href":"https:\/\/api.w.org\/{rel}","templated":true}]}}