{"id":48526,"date":"2019-06-13T03:56:29","date_gmt":"2019-06-13T06:56:29","guid":{"rendered":"http:\/\/www.portalmantena.com.br\/novo\/?p=48526"},"modified":"2019-06-12T15:01:30","modified_gmt":"2019-06-12T18:01:30","slug":"zeide-santana-soprando-velinhas-parabens-pelo-aniversario-2","status":"publish","type":"post","link":"http:\/\/www.portalmantena.com.br\/novo\/?p=48526","title":{"rendered":"Zeide Santana soprando velinhas, Parab\u00e9ns pelo Anivers\u00e1rio"},"content":{"rendered":"<p><a href=\"http:\/\/www.portalmantena.com.br\/novo\/wp-content\/uploads\/2019\/06\/vi120619zeide2.jpg\"><img loading=\"lazy\" class=\"alignnone size-full wp-image-48528\" src=\"http:\/\/www.portalmantena.com.br\/novo\/wp-content\/uploads\/2019\/06\/vi120619zeide2.jpg\" alt=\"\" width=\"700\" height=\"450\" srcset=\"http:\/\/www.portalmantena.com.br\/novo\/wp-content\/uploads\/2019\/06\/vi120619zeide2.jpg 700w, http:\/\/www.portalmantena.com.br\/novo\/wp-content\/uploads\/2019\/06\/vi120619zeide2-300x193.jpg 300w, http:\/\/www.portalmantena.com.br\/novo\/wp-content\/uploads\/2019\/06\/vi120619zeide2-696x447.jpg 696w, http:\/\/www.portalmantena.com.br\/novo\/wp-content\/uploads\/2019\/06\/vi120619zeide2-653x420.jpg 653w\" sizes=\"(max-width: 700px) 100vw, 700px\" \/><\/a><\/p>\n<p><span style=\"font-size: 14pt;\">Quem sopra velinhas nesta quinta-feira dia 13 de Junho, \u00e9 a nossa amiga, a cabeleireira mantenense Ze\u00edde Santana, esposa do radialista Wanderson Correia. <\/span><\/p>\n<p><span style=\"font-size: 14pt;\">Ela que \u00e9 propriet\u00e1ria do espa\u00e7o Ze\u00edde Santana, situado na rua Miguel Hoas Huebra, 154 ao lado da Agro Lima. <\/span><\/p>\n<p><span style=\"font-size: 14pt;\">Parab\u00e9ns Ze\u00edde, desejamos a voc\u00ea muitas e muitas felicidades, muitos anos de vida, sa\u00fade, paz e sucesso em seus projetos. Pedimos ao nosso Deus que continue lhe aben\u00e7oando e protegendo, Parab\u00e9ns.<\/span><\/p>\n<p><a href=\"http:\/\/www.portalmantena.com.br\/novo\/wp-content\/uploads\/2019\/06\/vi120619zeide1.jpg\"><img loading=\"lazy\" class=\"alignnone size-full wp-image-48527\" src=\"http:\/\/www.portalmantena.com.br\/novo\/wp-content\/uploads\/2019\/06\/vi120619zeide1.jpg\" alt=\"\" width=\"700\" height=\"450\" srcset=\"http:\/\/www.portalmantena.com.br\/novo\/wp-content\/uploads\/2019\/06\/vi120619zeide1.jpg 700w, http:\/\/www.portalmantena.com.br\/novo\/wp-content\/uploads\/2019\/06\/vi120619zeide1-300x193.jpg 300w, http:\/\/www.portalmantena.com.br\/novo\/wp-content\/uploads\/2019\/06\/vi120619zeide1-696x447.jpg 696w, http:\/\/www.portalmantena.com.br\/novo\/wp-content\/uploads\/2019\/06\/vi120619zeide1-653x420.jpg 653w\" sizes=\"(max-width: 700px) 100vw, 700px\" \/><\/a><a href=\"http:\/\/www.portalmantena.com.br\/novo\/\"><img loading=\"lazy\" class=\"alignnone size-full wp-image-37296\" src=\"http:\/\/www.portalmantena.com.br\/novo\/wp-content\/uploads\/2018\/05\/faixavitrine2.jpg\" alt=\"\" width=\"700\" height=\"40\" srcset=\"http:\/\/www.portalmantena.com.br\/novo\/wp-content\/uploads\/2018\/05\/faixavitrine2.jpg 700w, http:\/\/www.portalmantena.com.br\/novo\/wp-content\/uploads\/2018\/05\/faixavitrine2-300x17.jpg 300w, http:\/\/www.portalmantena.com.br\/novo\/wp-content\/uploads\/2018\/05\/faixavitrine2-696x40.jpg 696w\" sizes=\"(max-width: 700px) 100vw, 700px\" \/><\/a><\/p>\n<p><span style=\"font-size: 10pt;\">ESPA\u00c7O EMPRESARIAL<\/span><a href=\"https:\/\/www.facebook.com\/academiaminasfitoficial\/\"><img loading=\"lazy\" class=\"alignnone size-full wp-image-47320\" src=\"http:\/\/www.portalmantena.com.br\/novo\/wp-content\/uploads\/2018\/05\/minasfitmm.jpg\" alt=\"\" width=\"700\" height=\"150\" srcset=\"http:\/\/www.portalmantena.com.br\/novo\/wp-content\/uploads\/2018\/05\/minasfitmm.jpg 700w, http:\/\/www.portalmantena.com.br\/novo\/wp-content\/uploads\/2018\/05\/minasfitmm-300x64.jpg 300w, http:\/\/www.portalmantena.com.br\/novo\/wp-content\/uploads\/2018\/05\/minasfitmm-696x150.jpg 696w\" sizes=\"(max-width: 700px) 100vw, 700px\" \/><\/a><\/p>\n","protected":false},"excerpt":{"rendered":"<p>Quem sopra velinhas nesta quinta-feira dia 13 de Junho, \u00e9 a nossa amiga, a cabeleireira mantenense Ze\u00edde Santana, esposa do radialista Wanderson Correia. Ela que \u00e9 propriet\u00e1ria do espa\u00e7o Ze\u00edde Santana, situado na rua Miguel Hoas Huebra, 154 ao lado da Agro Lima. Parab\u00e9ns Ze\u00edde, desejamos a voc\u00ea muitas e muitas felicidades, muitos anos de [&hellip;]<\/p>\n","protected":false},"author":1,"featured_media":48528,"comment_status":"open","ping_status":"open","sticky":false,"template":"","format":"standard","meta":[],"categories":[7],"tags":[],"_links":{"self":[{"href":"http:\/\/www.portalmantena.com.br\/novo\/index.php?rest_route=\/wp\/v2\/posts\/48526"}],"collection":[{"href":"http:\/\/www.portalmantena.com.br\/novo\/index.php?rest_route=\/wp\/v2\/posts"}],"about":[{"href":"http:\/\/www.portalmantena.com.br\/novo\/index.php?rest_route=\/wp\/v2\/types\/post"}],"author":[{"embeddable":true,"href":"http:\/\/www.portalmantena.com.br\/novo\/index.php?rest_route=\/wp\/v2\/users\/1"}],"replies":[{"embeddable":true,"href":"http:\/\/www.portalmantena.com.br\/novo\/index.php?rest_route=%2Fwp%2Fv2%2Fcomments&post=48526"}],"version-history":[{"count":1,"href":"http:\/\/www.portalmantena.com.br\/novo\/index.php?rest_route=\/wp\/v2\/posts\/48526\/revisions"}],"predecessor-version":[{"id":48529,"href":"http:\/\/www.portalmantena.com.br\/novo\/index.php?rest_route=\/wp\/v2\/posts\/48526\/revisions\/48529"}],"wp:featuredmedia":[{"embeddable":true,"href":"http:\/\/www.portalmantena.com.br\/novo\/index.php?rest_route=\/wp\/v2\/media\/48528"}],"wp:attachment":[{"href":"http:\/\/www.portalmantena.com.br\/novo\/index.php?rest_route=%2Fwp%2Fv2%2Fmedia&parent=48526"}],"wp:term":[{"taxonomy":"category","embeddable":true,"href":"http:\/\/www.portalmantena.com.br\/novo\/index.php?rest_route=%2Fwp%2Fv2%2Fcategories&post=48526"},{"taxonomy":"post_tag","embeddable":true,"href":"http:\/\/www.portalmantena.com.br\/novo\/index.php?rest_route=%2Fwp%2Fv2%2Ftags&post=48526"}],"curies":[{"name":"wp","href":"https:\/\/api.w.org\/{rel}","templated":true}]}}