{"id":48181,"date":"2019-06-06T03:29:23","date_gmt":"2019-06-06T06:29:23","guid":{"rendered":"http:\/\/www.portalmantena.com.br\/novo\/?p=48181"},"modified":"2019-06-06T16:57:55","modified_gmt":"2019-06-06T19:57:55","slug":"pm-desenvolve-a-operacao-alferes-na-regiao","status":"publish","type":"post","link":"http:\/\/www.portalmantena.com.br\/novo\/?p=48181","title":{"rendered":"PM desenvolve a Opera\u00e7\u00e3o Alferes na regi\u00e3o"},"content":{"rendered":"<p><a href=\"http:\/\/www.portalmantena.com.br\/novo\/wp-content\/uploads\/2019\/06\/no260419guarda1.jpg\"><img loading=\"lazy\" class=\"alignnone size-full wp-image-48182\" src=\"http:\/\/www.portalmantena.com.br\/novo\/wp-content\/uploads\/2019\/06\/no260419guarda1.jpg\" alt=\"\" width=\"700\" height=\"450\" srcset=\"http:\/\/www.portalmantena.com.br\/novo\/wp-content\/uploads\/2019\/06\/no260419guarda1.jpg 700w, http:\/\/www.portalmantena.com.br\/novo\/wp-content\/uploads\/2019\/06\/no260419guarda1-300x193.jpg 300w, http:\/\/www.portalmantena.com.br\/novo\/wp-content\/uploads\/2019\/06\/no260419guarda1-696x447.jpg 696w, http:\/\/www.portalmantena.com.br\/novo\/wp-content\/uploads\/2019\/06\/no260419guarda1-653x420.jpg 653w\" sizes=\"(max-width: 700px) 100vw, 700px\" \/><\/a><\/p>\n<p><span style=\"font-size: 14pt;\">O comando da 18\u00aa Cia PM Independente realizar\u00e1 a partir das 06 horas desta quinta-feira (06), a Mega Opera\u00e7\u00e3o Alferes, em toda a regi\u00e3o com a\u00e7\u00f5es e opera\u00e7\u00f5es preventivas e repressivas, com o objetivo de combater, o tr\u00e1fico de subst\u00e2ncias entorpecentes, porte ilegal de armas, roubos de ve\u00edculos, dentre outras modalidades criminosas, com esfor\u00e7os para a manuten\u00e7\u00e3o e preserva\u00e7\u00e3o da ordem e tranquilidade p\u00fablica em toda \u00e1rea de sua atua\u00e7\u00e3o. <\/span><\/p>\n<p><span style=\"font-size: 14pt;\">Al\u00e9m do combate direto e incisivo ao crime, as a\u00e7\u00f5es policiais que ser\u00e3o desenvolvidas visar\u00e3o a potencializa\u00e7\u00e3o do policiamento, e assim, estar\u00e3o voltadas para o bem-estar da comunidade para que cada mineiro sinta que sua cidade est\u00e1 e ser\u00e1 contemplada com a presen\u00e7a expressiva do policiamento ostensivo. <\/span><\/p>\n<p><span style=\"font-size: 14pt;\">A Opera\u00e7\u00e3o visa tamb\u00e9m comemorar os 244 anos que a Pol\u00edcia Militar do Estado de Minas Gerais completa dia 09 de junho, e presenteia o povo mineiro com mais seguran\u00e7a. <\/span><\/p>\n<p><span style=\"font-size: 14pt;\">A Pol\u00edcia Militar conta com a participa\u00e7\u00e3o da comunidade atrav\u00e9s de den\u00fancias que leve a identifica\u00e7\u00e3o de indiv\u00edduos mal-intencionados para que possamos antecipar as a\u00e7\u00f5es destes delinquentes. A Pol\u00edcia Militar de Minas Gerais, instrumento de DEUS para o bem da sociedade mineira. (fonte\/foto:PM).<\/span><\/p>\n<p><a href=\"http:\/\/www.portalmantena.com.br\/novo\/\"><img loading=\"lazy\" class=\"alignnone size-full wp-image-37331\" src=\"http:\/\/www.portalmantena.com.br\/novo\/wp-content\/uploads\/2018\/05\/faixaportalnoticias5.jpg\" alt=\"\" width=\"700\" height=\"40\" srcset=\"http:\/\/www.portalmantena.com.br\/novo\/wp-content\/uploads\/2018\/05\/faixaportalnoticias5.jpg 700w, http:\/\/www.portalmantena.com.br\/novo\/wp-content\/uploads\/2018\/05\/faixaportalnoticias5-300x17.jpg 300w, http:\/\/www.portalmantena.com.br\/novo\/wp-content\/uploads\/2018\/05\/faixaportalnoticias5-696x40.jpg 696w\" sizes=\"(max-width: 700px) 100vw, 700px\" \/><\/a><\/p>\n<p><span style=\"font-size: 10pt;\">ESPA\u00c7O EMPRESARIAL<\/span><a href=\"https:\/\/www.facebook.com\/rf.oliveira.9\"><img loading=\"lazy\" class=\"alignnone size-full wp-image-48014\" src=\"http:\/\/www.portalmantena.com.br\/novo\/wp-content\/uploads\/2018\/05\/avenida030619b.jpg\" alt=\"\" width=\"700\" height=\"150\" srcset=\"http:\/\/www.portalmantena.com.br\/novo\/wp-content\/uploads\/2018\/05\/avenida030619b.jpg 700w, http:\/\/www.portalmantena.com.br\/novo\/wp-content\/uploads\/2018\/05\/avenida030619b-300x64.jpg 300w, http:\/\/www.portalmantena.com.br\/novo\/wp-content\/uploads\/2018\/05\/avenida030619b-696x150.jpg 696w\" sizes=\"(max-width: 700px) 100vw, 700px\" \/><\/a><\/p>\n","protected":false},"excerpt":{"rendered":"<p>O comando da 18\u00aa Cia PM Independente realizar\u00e1 a partir das 06 horas desta quinta-feira (06), a Mega Opera\u00e7\u00e3o Alferes, em toda a regi\u00e3o com a\u00e7\u00f5es e opera\u00e7\u00f5es preventivas e repressivas, com o objetivo de combater, o tr\u00e1fico de subst\u00e2ncias entorpecentes, porte ilegal de armas, roubos de ve\u00edculos, dentre outras modalidades criminosas, com esfor\u00e7os para [&hellip;]<\/p>\n","protected":false},"author":1,"featured_media":48182,"comment_status":"open","ping_status":"open","sticky":false,"template":"","format":"standard","meta":[],"categories":[11,39],"tags":[],"_links":{"self":[{"href":"http:\/\/www.portalmantena.com.br\/novo\/index.php?rest_route=\/wp\/v2\/posts\/48181"}],"collection":[{"href":"http:\/\/www.portalmantena.com.br\/novo\/index.php?rest_route=\/wp\/v2\/posts"}],"about":[{"href":"http:\/\/www.portalmantena.com.br\/novo\/index.php?rest_route=\/wp\/v2\/types\/post"}],"author":[{"embeddable":true,"href":"http:\/\/www.portalmantena.com.br\/novo\/index.php?rest_route=\/wp\/v2\/users\/1"}],"replies":[{"embeddable":true,"href":"http:\/\/www.portalmantena.com.br\/novo\/index.php?rest_route=%2Fwp%2Fv2%2Fcomments&post=48181"}],"version-history":[{"count":1,"href":"http:\/\/www.portalmantena.com.br\/novo\/index.php?rest_route=\/wp\/v2\/posts\/48181\/revisions"}],"predecessor-version":[{"id":48183,"href":"http:\/\/www.portalmantena.com.br\/novo\/index.php?rest_route=\/wp\/v2\/posts\/48181\/revisions\/48183"}],"wp:featuredmedia":[{"embeddable":true,"href":"http:\/\/www.portalmantena.com.br\/novo\/index.php?rest_route=\/wp\/v2\/media\/48182"}],"wp:attachment":[{"href":"http:\/\/www.portalmantena.com.br\/novo\/index.php?rest_route=%2Fwp%2Fv2%2Fmedia&parent=48181"}],"wp:term":[{"taxonomy":"category","embeddable":true,"href":"http:\/\/www.portalmantena.com.br\/novo\/index.php?rest_route=%2Fwp%2Fv2%2Fcategories&post=48181"},{"taxonomy":"post_tag","embeddable":true,"href":"http:\/\/www.portalmantena.com.br\/novo\/index.php?rest_route=%2Fwp%2Fv2%2Ftags&post=48181"}],"curies":[{"name":"wp","href":"https:\/\/api.w.org\/{rel}","templated":true}]}}