{"id":48072,"date":"2019-06-06T03:33:33","date_gmt":"2019-06-06T06:33:33","guid":{"rendered":"http:\/\/www.portalmantena.com.br\/novo\/?p=48072"},"modified":"2019-06-06T13:24:46","modified_gmt":"2019-06-06T16:24:46","slug":"bsf-camara-quer-acabar-com-o-uso-de-copos-descartaveis","status":"publish","type":"post","link":"http:\/\/www.portalmantena.com.br\/novo\/?p=48072","title":{"rendered":"BSF: C\u00e2mara quer acabar com o uso de copos descart\u00e1veis"},"content":{"rendered":"<p><a href=\"http:\/\/www.portalmantena.com.br\/novo\/wp-content\/uploads\/2019\/06\/no040619copos.jpg\"><img loading=\"lazy\" class=\"alignnone size-full wp-image-48073\" src=\"http:\/\/www.portalmantena.com.br\/novo\/wp-content\/uploads\/2019\/06\/no040619copos.jpg\" alt=\"\" width=\"700\" height=\"450\" srcset=\"http:\/\/www.portalmantena.com.br\/novo\/wp-content\/uploads\/2019\/06\/no040619copos.jpg 700w, http:\/\/www.portalmantena.com.br\/novo\/wp-content\/uploads\/2019\/06\/no040619copos-300x193.jpg 300w, http:\/\/www.portalmantena.com.br\/novo\/wp-content\/uploads\/2019\/06\/no040619copos-696x447.jpg 696w, http:\/\/www.portalmantena.com.br\/novo\/wp-content\/uploads\/2019\/06\/no040619copos-653x420.jpg 653w\" sizes=\"(max-width: 700px) 100vw, 700px\" \/><\/a><\/p>\n<p><span style=\"font-size: 14pt;\">Com uma estimativa de utilizar mais de cinco mil unidades de copos descart\u00e1veis, tanto para \u00e1gua ou caf\u00e9, a C\u00e2mara Municipal de Barra de S\u00e3o Francisco pretende abolir de forma gradativa, o uso deste tipo de recipiente confeccionado a base de derivado de petr\u00f3leo. <\/span><\/p>\n<p><span style=\"font-size: 14pt;\">A medida acontece quando se comemora a Semana Nacional do Meio Ambiente, uma a\u00e7\u00e3o de conscientiza\u00e7\u00e3o voltada ao descarte e consumo respons\u00e1vel do pl\u00e1stico j\u00e1 adotada por outros poderes, dever\u00e1 alcan\u00e7ar vereadores e funcion\u00e1rios, al\u00e9m de visitantes a sede do Poder Legislativo. <\/span><\/p>\n<p><span style=\"font-size: 14pt;\">Estima-se que em m\u00e9dia, sejam utilizados cerca de 1.000 unidades por semana. Grande parte dos copos descart\u00e1veis disponibilizados para visitantes, nem sempre acabam nas lixeiras dispostas pela estrutura f\u00edsica. Muitos buscam se beneficiar dos bebedouros, usando os copos que acabam indo parar no meio das ruas e assim, contribuindo para a possibilidade de indiretamente estarem contribuindo para a prolifera\u00e7\u00e3o do mosquito transmissor da dengue. <\/span><\/p>\n<p><span style=\"font-size: 14pt;\">O presidente da C\u00e2mara Municipal, vereador Juvenal Calixto Filho, argumentou que ao assinar a portaria que restringe a utiliza\u00e7\u00e3o desses recipientes, tem a inten\u00e7\u00e3o de despertar na popula\u00e7\u00e3o a ado\u00e7\u00e3o de medidas alternativas que visem contribuir com o meio ambiente. <\/span><\/p>\n<p><span style=\"font-size: 14pt;\">Juvenal enfatizou que al\u00e9m de proporcionar uma relativa economia para a casa, o n\u00e3o uso do copo descart\u00e1vel vai diminuir a possibilidade de surgimento de focos do aedes aegipty, quando estes recipientes acabam descartados de forma irregular. <\/span><\/p>\n<p><span style=\"font-size: 14pt;\">A medida ainda visa oferecer aos funcion\u00e1rios, copos e canecas de vidro e porcelana, os quais ser\u00e3o utilizados tanto para serem servidos caf\u00e9 e \u00e1gua pot\u00e1vel. <\/span><\/p>\n<p><span style=\"font-size: 14pt;\">Em caso de sess\u00f5es especiais, solenes e eventos de grande concentra\u00e7\u00e3o de pessoas, havendo a necessidade dos descart\u00e1veis, acontecer\u00e1 mediante alertas e comunicados a serem disponibilizados pr\u00f3ximos dos bebedouros, orientando os usu\u00e1rios a efetuarem o correto descarte dos mesmos. (fonte: barradesaofrancisco.es.leg).<\/span><\/p>\n<p><a href=\"http:\/\/www.portalmantena.com.br\/novo\/\"><img loading=\"lazy\" class=\"alignnone size-full wp-image-37331\" src=\"http:\/\/www.portalmantena.com.br\/novo\/wp-content\/uploads\/2018\/05\/faixaportalnoticias5.jpg\" alt=\"\" width=\"700\" height=\"40\" srcset=\"http:\/\/www.portalmantena.com.br\/novo\/wp-content\/uploads\/2018\/05\/faixaportalnoticias5.jpg 700w, http:\/\/www.portalmantena.com.br\/novo\/wp-content\/uploads\/2018\/05\/faixaportalnoticias5-300x17.jpg 300w, http:\/\/www.portalmantena.com.br\/novo\/wp-content\/uploads\/2018\/05\/faixaportalnoticias5-696x40.jpg 696w\" sizes=\"(max-width: 700px) 100vw, 700px\" \/><\/a><\/p>\n<p><span style=\"font-size: 10pt;\">ESPA\u00c7O EMPRESARIAL<\/span><a href=\"http:\/\/www.molvw.com.br\/\"><img loading=\"lazy\" class=\"alignnone size-full wp-image-29504\" src=\"http:\/\/www.portalmantena.com.br\/novo\/wp-content\/uploads\/2018\/05\/molvolkswagen.jpg\" alt=\"\" width=\"700\" height=\"150\" srcset=\"http:\/\/www.portalmantena.com.br\/novo\/wp-content\/uploads\/2018\/05\/molvolkswagen.jpg 700w, http:\/\/www.portalmantena.com.br\/novo\/wp-content\/uploads\/2018\/05\/molvolkswagen-300x64.jpg 300w, http:\/\/www.portalmantena.com.br\/novo\/wp-content\/uploads\/2018\/05\/molvolkswagen-696x150.jpg 696w\" sizes=\"(max-width: 700px) 100vw, 700px\" \/><\/a><\/p>\n","protected":false},"excerpt":{"rendered":"<p>Com uma estimativa de utilizar mais de cinco mil unidades de copos descart\u00e1veis, tanto para \u00e1gua ou caf\u00e9, a C\u00e2mara Municipal de Barra de S\u00e3o Francisco pretende abolir de forma gradativa, o uso deste tipo de recipiente confeccionado a base de derivado de petr\u00f3leo. A medida acontece quando se comemora a Semana Nacional do Meio [&hellip;]<\/p>\n","protected":false},"author":1,"featured_media":48073,"comment_status":"open","ping_status":"open","sticky":false,"template":"","format":"standard","meta":[],"categories":[69,39],"tags":[],"_links":{"self":[{"href":"http:\/\/www.portalmantena.com.br\/novo\/index.php?rest_route=\/wp\/v2\/posts\/48072"}],"collection":[{"href":"http:\/\/www.portalmantena.com.br\/novo\/index.php?rest_route=\/wp\/v2\/posts"}],"about":[{"href":"http:\/\/www.portalmantena.com.br\/novo\/index.php?rest_route=\/wp\/v2\/types\/post"}],"author":[{"embeddable":true,"href":"http:\/\/www.portalmantena.com.br\/novo\/index.php?rest_route=\/wp\/v2\/users\/1"}],"replies":[{"embeddable":true,"href":"http:\/\/www.portalmantena.com.br\/novo\/index.php?rest_route=%2Fwp%2Fv2%2Fcomments&post=48072"}],"version-history":[{"count":1,"href":"http:\/\/www.portalmantena.com.br\/novo\/index.php?rest_route=\/wp\/v2\/posts\/48072\/revisions"}],"predecessor-version":[{"id":48074,"href":"http:\/\/www.portalmantena.com.br\/novo\/index.php?rest_route=\/wp\/v2\/posts\/48072\/revisions\/48074"}],"wp:featuredmedia":[{"embeddable":true,"href":"http:\/\/www.portalmantena.com.br\/novo\/index.php?rest_route=\/wp\/v2\/media\/48073"}],"wp:attachment":[{"href":"http:\/\/www.portalmantena.com.br\/novo\/index.php?rest_route=%2Fwp%2Fv2%2Fmedia&parent=48072"}],"wp:term":[{"taxonomy":"category","embeddable":true,"href":"http:\/\/www.portalmantena.com.br\/novo\/index.php?rest_route=%2Fwp%2Fv2%2Fcategories&post=48072"},{"taxonomy":"post_tag","embeddable":true,"href":"http:\/\/www.portalmantena.com.br\/novo\/index.php?rest_route=%2Fwp%2Fv2%2Ftags&post=48072"}],"curies":[{"name":"wp","href":"https:\/\/api.w.org\/{rel}","templated":true}]}}