{"id":48066,"date":"2019-06-06T04:31:46","date_gmt":"2019-06-06T07:31:46","guid":{"rendered":"http:\/\/www.portalmantena.com.br\/novo\/?p=48066"},"modified":"2019-06-04T14:33:38","modified_gmt":"2019-06-04T17:33:38","slug":"vigilia-de-oracao-em-mantena-dia-12-de-junho","status":"publish","type":"post","link":"http:\/\/www.portalmantena.com.br\/novo\/?p=48066","title":{"rendered":"Vig\u00edlia de Ora\u00e7\u00e3o em Mantena dia 12 de Junho"},"content":{"rendered":"<p><a href=\"http:\/\/www.portalmantena.com.br\/novo\/wp-content\/uploads\/2019\/06\/no040619vigilia.jpg\"><img loading=\"lazy\" class=\"alignnone size-full wp-image-48067\" src=\"http:\/\/www.portalmantena.com.br\/novo\/wp-content\/uploads\/2019\/06\/no040619vigilia.jpg\" alt=\"\" width=\"700\" height=\"450\" srcset=\"http:\/\/www.portalmantena.com.br\/novo\/wp-content\/uploads\/2019\/06\/no040619vigilia.jpg 700w, http:\/\/www.portalmantena.com.br\/novo\/wp-content\/uploads\/2019\/06\/no040619vigilia-300x193.jpg 300w, http:\/\/www.portalmantena.com.br\/novo\/wp-content\/uploads\/2019\/06\/no040619vigilia-696x447.jpg 696w, http:\/\/www.portalmantena.com.br\/novo\/wp-content\/uploads\/2019\/06\/no040619vigilia-653x420.jpg 653w\" sizes=\"(max-width: 700px) 100vw, 700px\" \/><\/a><\/p>\n<p><span style=\"font-size: 14pt;\">Vig\u00edlia de ora\u00e7\u00e3o e adora\u00e7\u00e3o a Deus, evento acontecer\u00e1 no pr\u00f3ximo dia 12 de Junho (quarta-feira), a partir das 23 horas no Jarim de DEUS, situado no bairro Bela Vista em Mantena (\u00e1rea do Resgate). <\/span><\/p>\n<p><span style=\"font-size: 14pt;\">Informa\u00e7\u00f5es com Emerson Severino pelo telefone (27) 9 9730-0134. &#8220;Deixando as diferen\u00e7as, para fazermos diferen\u00e7a&#8221;. <\/span><\/p>\n<p><span style=\"font-size: 14pt;\">Aten\u00e7\u00e3o, a organiza\u00e7\u00e3o da Vig\u00edlia pede aos que forem participar para levar cadeira ou algo para sentar na grama, e tamb\u00e9m \u00e1gua para consumo.\u00a0<\/span><\/p>\n<p><a href=\"http:\/\/www.portalmantena.com.br\/novo\/\"><img loading=\"lazy\" class=\"alignnone size-full wp-image-37331\" src=\"http:\/\/www.portalmantena.com.br\/novo\/wp-content\/uploads\/2018\/05\/faixaportalnoticias5.jpg\" alt=\"\" width=\"700\" height=\"40\" srcset=\"http:\/\/www.portalmantena.com.br\/novo\/wp-content\/uploads\/2018\/05\/faixaportalnoticias5.jpg 700w, http:\/\/www.portalmantena.com.br\/novo\/wp-content\/uploads\/2018\/05\/faixaportalnoticias5-300x17.jpg 300w, http:\/\/www.portalmantena.com.br\/novo\/wp-content\/uploads\/2018\/05\/faixaportalnoticias5-696x40.jpg 696w\" sizes=\"(max-width: 700px) 100vw, 700px\" \/><\/a><\/p>\n<p><span style=\"font-size: 10pt;\">ESPA\u00c7O EMPRESARIAL<\/span><a href=\"https:\/\/www.facebook.com\/Tekol-Basic-1148561818529027\/\"><img loading=\"lazy\" class=\"alignnone size-full wp-image-47789\" src=\"http:\/\/www.portalmantena.com.br\/novo\/wp-content\/uploads\/2018\/05\/tekol280519a.jpg\" alt=\"\" width=\"700\" height=\"150\" srcset=\"http:\/\/www.portalmantena.com.br\/novo\/wp-content\/uploads\/2018\/05\/tekol280519a.jpg 700w, http:\/\/www.portalmantena.com.br\/novo\/wp-content\/uploads\/2018\/05\/tekol280519a-300x64.jpg 300w, http:\/\/www.portalmantena.com.br\/novo\/wp-content\/uploads\/2018\/05\/tekol280519a-696x150.jpg 696w\" sizes=\"(max-width: 700px) 100vw, 700px\" \/><\/a><\/p>\n","protected":false},"excerpt":{"rendered":"<p>Vig\u00edlia de ora\u00e7\u00e3o e adora\u00e7\u00e3o a Deus, evento acontecer\u00e1 no pr\u00f3ximo dia 12 de Junho (quarta-feira), a partir das 23 horas no Jarim de DEUS, situado no bairro Bela Vista em Mantena (\u00e1rea do Resgate). Informa\u00e7\u00f5es com Emerson Severino pelo telefone (27) 9 9730-0134. &#8220;Deixando as diferen\u00e7as, para fazermos diferen\u00e7a&#8221;. Aten\u00e7\u00e3o, a organiza\u00e7\u00e3o da Vig\u00edlia [&hellip;]<\/p>\n","protected":false},"author":1,"featured_media":48067,"comment_status":"open","ping_status":"open","sticky":false,"template":"","format":"standard","meta":[],"categories":[36,11],"tags":[],"_links":{"self":[{"href":"http:\/\/www.portalmantena.com.br\/novo\/index.php?rest_route=\/wp\/v2\/posts\/48066"}],"collection":[{"href":"http:\/\/www.portalmantena.com.br\/novo\/index.php?rest_route=\/wp\/v2\/posts"}],"about":[{"href":"http:\/\/www.portalmantena.com.br\/novo\/index.php?rest_route=\/wp\/v2\/types\/post"}],"author":[{"embeddable":true,"href":"http:\/\/www.portalmantena.com.br\/novo\/index.php?rest_route=\/wp\/v2\/users\/1"}],"replies":[{"embeddable":true,"href":"http:\/\/www.portalmantena.com.br\/novo\/index.php?rest_route=%2Fwp%2Fv2%2Fcomments&post=48066"}],"version-history":[{"count":1,"href":"http:\/\/www.portalmantena.com.br\/novo\/index.php?rest_route=\/wp\/v2\/posts\/48066\/revisions"}],"predecessor-version":[{"id":48068,"href":"http:\/\/www.portalmantena.com.br\/novo\/index.php?rest_route=\/wp\/v2\/posts\/48066\/revisions\/48068"}],"wp:featuredmedia":[{"embeddable":true,"href":"http:\/\/www.portalmantena.com.br\/novo\/index.php?rest_route=\/wp\/v2\/media\/48067"}],"wp:attachment":[{"href":"http:\/\/www.portalmantena.com.br\/novo\/index.php?rest_route=%2Fwp%2Fv2%2Fmedia&parent=48066"}],"wp:term":[{"taxonomy":"category","embeddable":true,"href":"http:\/\/www.portalmantena.com.br\/novo\/index.php?rest_route=%2Fwp%2Fv2%2Fcategories&post=48066"},{"taxonomy":"post_tag","embeddable":true,"href":"http:\/\/www.portalmantena.com.br\/novo\/index.php?rest_route=%2Fwp%2Fv2%2Ftags&post=48066"}],"curies":[{"name":"wp","href":"https:\/\/api.w.org\/{rel}","templated":true}]}}