{"id":47935,"date":"2019-05-31T14:41:32","date_gmt":"2019-05-31T17:41:32","guid":{"rendered":"http:\/\/www.portalmantena.com.br\/novo\/?p=47935"},"modified":"2019-05-31T14:41:32","modified_gmt":"2019-05-31T17:41:32","slug":"noite-de-futebol-em-mantena-nesta-sexta-feira","status":"publish","type":"post","link":"http:\/\/www.portalmantena.com.br\/novo\/?p=47935","title":{"rendered":"Noite de futebol em Mantena nesta sexta-feira"},"content":{"rendered":"<p><a href=\"http:\/\/www.portalmantena.com.br\/novo\/wp-content\/uploads\/2019\/05\/no310519taca.jpg\"><img loading=\"lazy\" class=\"alignnone size-full wp-image-47937\" src=\"http:\/\/www.portalmantena.com.br\/novo\/wp-content\/uploads\/2019\/05\/no310519taca.jpg\" alt=\"\" width=\"700\" height=\"450\" srcset=\"http:\/\/www.portalmantena.com.br\/novo\/wp-content\/uploads\/2019\/05\/no310519taca.jpg 700w, http:\/\/www.portalmantena.com.br\/novo\/wp-content\/uploads\/2019\/05\/no310519taca-300x193.jpg 300w, http:\/\/www.portalmantena.com.br\/novo\/wp-content\/uploads\/2019\/05\/no310519taca-696x447.jpg 696w, http:\/\/www.portalmantena.com.br\/novo\/wp-content\/uploads\/2019\/05\/no310519taca-653x420.jpg 653w\" sizes=\"(max-width: 700px) 100vw, 700px\" \/><\/a><\/p>\n<p><span style=\"font-size: 14pt;\">A segunda rodada da Ta\u00e7a Cidade de Futebol 2019 acontecer\u00e1 na noite desta sexta-feira dia 31 de Maio em Mantena. <\/span><\/p>\n<p><span style=\"font-size: 14pt;\">O est\u00e1dio Municipal Rafael de Carvalho deve novamente receber um bom p\u00fablico prestigiando dois jogos, o primeiro pela s\u00e9rie B e o segundo pela S\u00e9rie A. \u00c0s 19h15&#8242; ser\u00e1 a vez dos esportistas verem em campo os times do Democrata x Alvorada, e na sequencia as equipes do Dominante x Barcelona. <\/span><\/p>\n<p><span style=\"font-size: 14pt;\">Expectativa de dois grandes jogos, movimentando assim a noite esportiva em Mantena. Lembrando que os ingressos custam R$ 2 reais, com a renda toda revertida para os clubes. Participe e leve sua fam\u00edlia ao Est\u00e1dio Municipal.<\/span><\/p>\n<p><a href=\"http:\/\/www.portalmantena.com.br\/novo\/\"><img loading=\"lazy\" class=\"alignnone size-full wp-image-37331\" src=\"http:\/\/www.portalmantena.com.br\/novo\/wp-content\/uploads\/2018\/05\/faixaportalnoticias5.jpg\" alt=\"\" width=\"700\" height=\"40\" srcset=\"http:\/\/www.portalmantena.com.br\/novo\/wp-content\/uploads\/2018\/05\/faixaportalnoticias5.jpg 700w, http:\/\/www.portalmantena.com.br\/novo\/wp-content\/uploads\/2018\/05\/faixaportalnoticias5-300x17.jpg 300w, http:\/\/www.portalmantena.com.br\/novo\/wp-content\/uploads\/2018\/05\/faixaportalnoticias5-696x40.jpg 696w\" sizes=\"(max-width: 700px) 100vw, 700px\" \/><\/a><\/p>\n<p><span style=\"font-size: 10pt;\">ESPA\u00c7O EMPRESARIAL<\/span><a href=\"https:\/\/www.facebook.com\/redevalente\/\"><img loading=\"lazy\" class=\"alignnone size-full wp-image-29188\" src=\"http:\/\/www.portalmantena.com.br\/novo\/wp-content\/uploads\/2018\/05\/valentefaixa.jpg\" alt=\"\" width=\"700\" height=\"150\" srcset=\"http:\/\/www.portalmantena.com.br\/novo\/wp-content\/uploads\/2018\/05\/valentefaixa.jpg 700w, http:\/\/www.portalmantena.com.br\/novo\/wp-content\/uploads\/2018\/05\/valentefaixa-300x64.jpg 300w, http:\/\/www.portalmantena.com.br\/novo\/wp-content\/uploads\/2018\/05\/valentefaixa-696x150.jpg 696w\" sizes=\"(max-width: 700px) 100vw, 700px\" \/><\/a><\/p>\n","protected":false},"excerpt":{"rendered":"<p>A segunda rodada da Ta\u00e7a Cidade de Futebol 2019 acontecer\u00e1 na noite desta sexta-feira dia 31 de Maio em Mantena. O est\u00e1dio Municipal Rafael de Carvalho deve novamente receber um bom p\u00fablico prestigiando dois jogos, o primeiro pela s\u00e9rie B e o segundo pela S\u00e9rie A. \u00c0s 19h15&#8242; ser\u00e1 a vez dos esportistas verem em [&hellip;]<\/p>\n","protected":false},"author":1,"featured_media":47937,"comment_status":"open","ping_status":"open","sticky":false,"template":"","format":"standard","meta":[],"categories":[11,22],"tags":[],"_links":{"self":[{"href":"http:\/\/www.portalmantena.com.br\/novo\/index.php?rest_route=\/wp\/v2\/posts\/47935"}],"collection":[{"href":"http:\/\/www.portalmantena.com.br\/novo\/index.php?rest_route=\/wp\/v2\/posts"}],"about":[{"href":"http:\/\/www.portalmantena.com.br\/novo\/index.php?rest_route=\/wp\/v2\/types\/post"}],"author":[{"embeddable":true,"href":"http:\/\/www.portalmantena.com.br\/novo\/index.php?rest_route=\/wp\/v2\/users\/1"}],"replies":[{"embeddable":true,"href":"http:\/\/www.portalmantena.com.br\/novo\/index.php?rest_route=%2Fwp%2Fv2%2Fcomments&post=47935"}],"version-history":[{"count":1,"href":"http:\/\/www.portalmantena.com.br\/novo\/index.php?rest_route=\/wp\/v2\/posts\/47935\/revisions"}],"predecessor-version":[{"id":47938,"href":"http:\/\/www.portalmantena.com.br\/novo\/index.php?rest_route=\/wp\/v2\/posts\/47935\/revisions\/47938"}],"wp:featuredmedia":[{"embeddable":true,"href":"http:\/\/www.portalmantena.com.br\/novo\/index.php?rest_route=\/wp\/v2\/media\/47937"}],"wp:attachment":[{"href":"http:\/\/www.portalmantena.com.br\/novo\/index.php?rest_route=%2Fwp%2Fv2%2Fmedia&parent=47935"}],"wp:term":[{"taxonomy":"category","embeddable":true,"href":"http:\/\/www.portalmantena.com.br\/novo\/index.php?rest_route=%2Fwp%2Fv2%2Fcategories&post=47935"},{"taxonomy":"post_tag","embeddable":true,"href":"http:\/\/www.portalmantena.com.br\/novo\/index.php?rest_route=%2Fwp%2Fv2%2Ftags&post=47935"}],"curies":[{"name":"wp","href":"https:\/\/api.w.org\/{rel}","templated":true}]}}