{"id":47733,"date":"2019-05-28T03:43:55","date_gmt":"2019-05-28T06:43:55","guid":{"rendered":"http:\/\/www.portalmantena.com.br\/novo\/?p=47733"},"modified":"2019-05-29T08:06:29","modified_gmt":"2019-05-29T11:06:29","slug":"doacoes-ja-estao-chegando-para-a-1a-campanha-do-agasalho","status":"publish","type":"post","link":"http:\/\/www.portalmantena.com.br\/novo\/?p=47733","title":{"rendered":"Doa\u00e7\u00f5es j\u00e1 est\u00e3o chegando para a 1\u00aa Campanha do Agasalho"},"content":{"rendered":"<p><a href=\"http:\/\/www.portalmantena.com.br\/novo\/wp-content\/uploads\/2019\/05\/no270519oab1.jpg\"><img loading=\"lazy\" class=\"alignnone size-full wp-image-47734\" src=\"http:\/\/www.portalmantena.com.br\/novo\/wp-content\/uploads\/2019\/05\/no270519oab1.jpg\" alt=\"\" width=\"700\" height=\"450\" srcset=\"http:\/\/www.portalmantena.com.br\/novo\/wp-content\/uploads\/2019\/05\/no270519oab1.jpg 700w, http:\/\/www.portalmantena.com.br\/novo\/wp-content\/uploads\/2019\/05\/no270519oab1-300x193.jpg 300w, http:\/\/www.portalmantena.com.br\/novo\/wp-content\/uploads\/2019\/05\/no270519oab1-696x447.jpg 696w, http:\/\/www.portalmantena.com.br\/novo\/wp-content\/uploads\/2019\/05\/no270519oab1-653x420.jpg 653w\" sizes=\"(max-width: 700px) 100vw, 700px\" \/><\/a><\/p>\n<p><span style=\"font-size: 14pt;\">A sala da OAB em Mantena, situada nas depend\u00eancia do F\u00f3rum \u00e9 o local onde voc\u00ea pode entregar as doa\u00e7\u00f5es de roupas para a 1\u00aa campanha do Agasalho, realizada pela institui\u00e7\u00e3o na cidade. <\/span><\/p>\n<p><span style=\"font-size: 14pt;\">Uma campanha que teve in\u00edcio no \u00faltimo dia 06 de Maio, idealizada pela diretoria da Sub sess\u00e3o em Mantena. <\/span><\/p>\n<p><span style=\"font-size: 14pt;\">Com o slogan da campanha \u201cSUA DOA\u00c7\u00c3O AQUECE UMA VIDA\u201d, o objetivo da a\u00e7\u00e3o \u00e9 arrecadar agasalhos, cobertores, cal\u00e7as, blusas, cal\u00e7ados e acess\u00f3rios de inverno em boas condi\u00e7\u00f5es de uso, para dar dignidade \u00e0queles que n\u00e3o tem como se proteger da esta\u00e7\u00e3o fria que vem se aproximando.<\/span><\/p>\n<p><span style=\"font-size: 14pt;\"> A diretoria da OAB Mantena, convida toda a sociedade para ajudar, se envolver com este evento \u201cSua doa\u00e7\u00e3o aquece uma vida!\u201d Para quem deseja ajudar, o projeto receber\u00e1 as contribui\u00e7\u00f5es at\u00e9 o dia 28 de Junho, e as doa\u00e7\u00f5es poder\u00e3o ser feitas na Sala da OAB Mantena, situada nas depend\u00eancias do F\u00f3rum local.<\/span><\/p>\n<p><a href=\"http:\/\/www.portalmantena.com.br\/novo\/wp-content\/uploads\/2019\/05\/no270519oab2.jpg\"><img loading=\"lazy\" class=\"alignnone size-full wp-image-47735\" src=\"http:\/\/www.portalmantena.com.br\/novo\/wp-content\/uploads\/2019\/05\/no270519oab2.jpg\" alt=\"\" width=\"700\" height=\"450\" srcset=\"http:\/\/www.portalmantena.com.br\/novo\/wp-content\/uploads\/2019\/05\/no270519oab2.jpg 700w, http:\/\/www.portalmantena.com.br\/novo\/wp-content\/uploads\/2019\/05\/no270519oab2-300x193.jpg 300w, http:\/\/www.portalmantena.com.br\/novo\/wp-content\/uploads\/2019\/05\/no270519oab2-696x447.jpg 696w, http:\/\/www.portalmantena.com.br\/novo\/wp-content\/uploads\/2019\/05\/no270519oab2-653x420.jpg 653w\" sizes=\"(max-width: 700px) 100vw, 700px\" \/><\/a> <a href=\"http:\/\/www.portalmantena.com.br\/novo\/wp-content\/uploads\/2019\/05\/no270519oab3.jpg\"><img loading=\"lazy\" class=\"alignnone size-full wp-image-47736\" src=\"http:\/\/www.portalmantena.com.br\/novo\/wp-content\/uploads\/2019\/05\/no270519oab3.jpg\" alt=\"\" width=\"700\" height=\"450\" srcset=\"http:\/\/www.portalmantena.com.br\/novo\/wp-content\/uploads\/2019\/05\/no270519oab3.jpg 700w, http:\/\/www.portalmantena.com.br\/novo\/wp-content\/uploads\/2019\/05\/no270519oab3-300x193.jpg 300w, http:\/\/www.portalmantena.com.br\/novo\/wp-content\/uploads\/2019\/05\/no270519oab3-696x447.jpg 696w, http:\/\/www.portalmantena.com.br\/novo\/wp-content\/uploads\/2019\/05\/no270519oab3-653x420.jpg 653w\" sizes=\"(max-width: 700px) 100vw, 700px\" \/><\/a><a href=\"http:\/\/www.portalmantena.com.br\/novo\/\"><img loading=\"lazy\" class=\"alignnone size-full wp-image-37331\" src=\"http:\/\/www.portalmantena.com.br\/novo\/wp-content\/uploads\/2018\/05\/faixaportalnoticias5.jpg\" alt=\"\" width=\"700\" height=\"40\" srcset=\"http:\/\/www.portalmantena.com.br\/novo\/wp-content\/uploads\/2018\/05\/faixaportalnoticias5.jpg 700w, http:\/\/www.portalmantena.com.br\/novo\/wp-content\/uploads\/2018\/05\/faixaportalnoticias5-300x17.jpg 300w, http:\/\/www.portalmantena.com.br\/novo\/wp-content\/uploads\/2018\/05\/faixaportalnoticias5-696x40.jpg 696w\" sizes=\"(max-width: 700px) 100vw, 700px\" \/><\/a><\/p>\n<p><span style=\"font-size: 10pt;\">ESPA\u00c7O EMPRESARIAL<\/span><a href=\"https:\/\/www.facebook.com\/Tekol-Basic-1148561818529027\/\"><img loading=\"lazy\" class=\"alignnone size-full wp-image-46716\" src=\"http:\/\/www.portalmantena.com.br\/novo\/wp-content\/uploads\/2018\/05\/tekol060519a.jpg\" alt=\"\" width=\"700\" height=\"150\" srcset=\"http:\/\/www.portalmantena.com.br\/novo\/wp-content\/uploads\/2018\/05\/tekol060519a.jpg 700w, http:\/\/www.portalmantena.com.br\/novo\/wp-content\/uploads\/2018\/05\/tekol060519a-300x64.jpg 300w, http:\/\/www.portalmantena.com.br\/novo\/wp-content\/uploads\/2018\/05\/tekol060519a-696x150.jpg 696w\" sizes=\"(max-width: 700px) 100vw, 700px\" \/><\/a><\/p>\n","protected":false},"excerpt":{"rendered":"<p>A sala da OAB em Mantena, situada nas depend\u00eancia do F\u00f3rum \u00e9 o local onde voc\u00ea pode entregar as doa\u00e7\u00f5es de roupas para a 1\u00aa campanha do Agasalho, realizada pela institui\u00e7\u00e3o na cidade. Uma campanha que teve in\u00edcio no \u00faltimo dia 06 de Maio, idealizada pela diretoria da Sub sess\u00e3o em Mantena. Com o slogan [&hellip;]<\/p>\n","protected":false},"author":1,"featured_media":47735,"comment_status":"open","ping_status":"open","sticky":false,"template":"","format":"standard","meta":[],"categories":[36,69],"tags":[],"_links":{"self":[{"href":"http:\/\/www.portalmantena.com.br\/novo\/index.php?rest_route=\/wp\/v2\/posts\/47733"}],"collection":[{"href":"http:\/\/www.portalmantena.com.br\/novo\/index.php?rest_route=\/wp\/v2\/posts"}],"about":[{"href":"http:\/\/www.portalmantena.com.br\/novo\/index.php?rest_route=\/wp\/v2\/types\/post"}],"author":[{"embeddable":true,"href":"http:\/\/www.portalmantena.com.br\/novo\/index.php?rest_route=\/wp\/v2\/users\/1"}],"replies":[{"embeddable":true,"href":"http:\/\/www.portalmantena.com.br\/novo\/index.php?rest_route=%2Fwp%2Fv2%2Fcomments&post=47733"}],"version-history":[{"count":1,"href":"http:\/\/www.portalmantena.com.br\/novo\/index.php?rest_route=\/wp\/v2\/posts\/47733\/revisions"}],"predecessor-version":[{"id":47737,"href":"http:\/\/www.portalmantena.com.br\/novo\/index.php?rest_route=\/wp\/v2\/posts\/47733\/revisions\/47737"}],"wp:featuredmedia":[{"embeddable":true,"href":"http:\/\/www.portalmantena.com.br\/novo\/index.php?rest_route=\/wp\/v2\/media\/47735"}],"wp:attachment":[{"href":"http:\/\/www.portalmantena.com.br\/novo\/index.php?rest_route=%2Fwp%2Fv2%2Fmedia&parent=47733"}],"wp:term":[{"taxonomy":"category","embeddable":true,"href":"http:\/\/www.portalmantena.com.br\/novo\/index.php?rest_route=%2Fwp%2Fv2%2Fcategories&post=47733"},{"taxonomy":"post_tag","embeddable":true,"href":"http:\/\/www.portalmantena.com.br\/novo\/index.php?rest_route=%2Fwp%2Fv2%2Ftags&post=47733"}],"curies":[{"name":"wp","href":"https:\/\/api.w.org\/{rel}","templated":true}]}}