{"id":47596,"date":"2019-05-23T10:25:45","date_gmt":"2019-05-23T13:25:45","guid":{"rendered":"http:\/\/www.portalmantena.com.br\/novo\/?p=47596"},"modified":"2019-05-23T10:25:45","modified_gmt":"2019-05-23T13:25:45","slug":"mantena-pc-apreende-arma-usada-em-tentativa-de-homicidio","status":"publish","type":"post","link":"http:\/\/www.portalmantena.com.br\/novo\/?p=47596","title":{"rendered":"Mantena: PC apreende arma usada em tentativa de homic\u00eddio"},"content":{"rendered":"<p><a href=\"http:\/\/www.portalmantena.com.br\/novo\/wp-content\/uploads\/2019\/05\/no230519civil1.jpg\"><img loading=\"lazy\" class=\"alignnone size-full wp-image-47597\" src=\"http:\/\/www.portalmantena.com.br\/novo\/wp-content\/uploads\/2019\/05\/no230519civil1.jpg\" alt=\"\" width=\"700\" height=\"450\" srcset=\"http:\/\/www.portalmantena.com.br\/novo\/wp-content\/uploads\/2019\/05\/no230519civil1.jpg 700w, http:\/\/www.portalmantena.com.br\/novo\/wp-content\/uploads\/2019\/05\/no230519civil1-300x193.jpg 300w, http:\/\/www.portalmantena.com.br\/novo\/wp-content\/uploads\/2019\/05\/no230519civil1-696x447.jpg 696w, http:\/\/www.portalmantena.com.br\/novo\/wp-content\/uploads\/2019\/05\/no230519civil1-653x420.jpg 653w\" sizes=\"(max-width: 700px) 100vw, 700px\" \/><\/a><\/p>\n<p><span style=\"font-size: 14pt;\">Na manh\u00e3 desta quarta-feira dia 22 de Maio, policiais civis da Delegacia de Mantena apreenderam uma arma de fogo utilizada em uma tentativa de homic\u00eddio na cidade de S\u00e3o F\u00e9lix de Minas. <\/span><\/p>\n<p><span style=\"font-size: 14pt;\">Segundo informa\u00e7\u00f5es, o crime ocorreu no \u00faltimo domingo (19), durante uma cavalgada realizada clandestinamente naquele munic\u00edpio. O evento n\u00e3o foi comunicado aos \u00f3rg\u00e3os p\u00fablicos competentes e por esse motivo n\u00e3o houve equipe policial acompanhando o evento. <\/span><\/p>\n<p><span style=\"font-size: 14pt;\">Durante a cavalgada a v\u00edtima de 24 anos, teria se desentendido com o investigado de 36 anos. Apurou-se que a v\u00edtima teria desferido golpes de chicote contra o investigado, o qual estava armado e teria revidado com um tiro. <\/span><\/p>\n<p><span style=\"font-size: 14pt;\">A v\u00edtima foi atingida no bra\u00e7o e abd\u00f4men, sendo socorrida at\u00e9 o hospital, e de acordo com informa\u00e7\u00f5es, n\u00e3o corre risco de morrer. Nesta quarta-feira, o investigado se apresentou com seus advogados na Delegacia de Pol\u00edcia de Mantena, respons\u00e1vel pelo munic\u00edpio onde o crime ocorreu. <\/span><\/p>\n<p><span style=\"font-size: 14pt;\">Durante o interrogat\u00f3rio ele confessou o crime e disse ter agido em leg\u00edtima defesa. Ao t\u00e9rmino do depoimento o investigado indicou o local onde teria escondido a arma de fogo utilizada para atirar na v\u00edtima, a qual foi efetivamente apreendida, tratando-se se um rev\u00f3lver calibre 38, municiado com 5 cartuchos intactos e um deflagrado. <\/span><\/p>\n<p><span style=\"font-size: 14pt;\">As investiga\u00e7\u00f5es prosseguem com vistas a apontar todas as circunst\u00e2ncias do crime e fornecer elementos de informa\u00e7\u00e3o \u00e0 justi\u00e7a para a correta responsabiliza\u00e7\u00e3o criminal dos envolvidos. (com informa\u00e7\u00f5es e foto\/pol\u00edcia civil).<\/span><\/p>\n<p><a href=\"http:\/\/www.portalmantena.com.br\/novo\/wp-content\/uploads\/2019\/05\/no230519civil2.jpg\"><img loading=\"lazy\" class=\"alignnone size-full wp-image-47598\" src=\"http:\/\/www.portalmantena.com.br\/novo\/wp-content\/uploads\/2019\/05\/no230519civil2.jpg\" alt=\"\" width=\"700\" height=\"450\" srcset=\"http:\/\/www.portalmantena.com.br\/novo\/wp-content\/uploads\/2019\/05\/no230519civil2.jpg 700w, http:\/\/www.portalmantena.com.br\/novo\/wp-content\/uploads\/2019\/05\/no230519civil2-300x193.jpg 300w, http:\/\/www.portalmantena.com.br\/novo\/wp-content\/uploads\/2019\/05\/no230519civil2-696x447.jpg 696w, http:\/\/www.portalmantena.com.br\/novo\/wp-content\/uploads\/2019\/05\/no230519civil2-653x420.jpg 653w\" sizes=\"(max-width: 700px) 100vw, 700px\" \/><\/a><a href=\"http:\/\/www.portalmantena.com.br\/novo\/\"><img loading=\"lazy\" class=\"alignnone size-full wp-image-37331\" src=\"http:\/\/www.portalmantena.com.br\/novo\/wp-content\/uploads\/2018\/05\/faixaportalnoticias5.jpg\" alt=\"\" width=\"700\" height=\"40\" srcset=\"http:\/\/www.portalmantena.com.br\/novo\/wp-content\/uploads\/2018\/05\/faixaportalnoticias5.jpg 700w, http:\/\/www.portalmantena.com.br\/novo\/wp-content\/uploads\/2018\/05\/faixaportalnoticias5-300x17.jpg 300w, http:\/\/www.portalmantena.com.br\/novo\/wp-content\/uploads\/2018\/05\/faixaportalnoticias5-696x40.jpg 696w\" sizes=\"(max-width: 700px) 100vw, 700px\" \/><\/a><\/p>\n<p><span style=\"font-size: 10pt;\">ESPA\u00c7O EMPRESARIAL<\/span><a href=\"http:\/\/www.portalmantena.com.br\/novo\/?p=39480\"><img loading=\"lazy\" class=\"alignnone size-full wp-image-39486\" src=\"http:\/\/www.portalmantena.com.br\/novo\/wp-content\/uploads\/2018\/05\/honca301018faixa.jpg\" alt=\"\" width=\"700\" height=\"150\" srcset=\"http:\/\/www.portalmantena.com.br\/novo\/wp-content\/uploads\/2018\/05\/honca301018faixa.jpg 700w, http:\/\/www.portalmantena.com.br\/novo\/wp-content\/uploads\/2018\/05\/honca301018faixa-300x64.jpg 300w, http:\/\/www.portalmantena.com.br\/novo\/wp-content\/uploads\/2018\/05\/honca301018faixa-696x150.jpg 696w\" sizes=\"(max-width: 700px) 100vw, 700px\" \/><\/a><\/p>\n","protected":false},"excerpt":{"rendered":"<p>Na manh\u00e3 desta quarta-feira dia 22 de Maio, policiais civis da Delegacia de Mantena apreenderam uma arma de fogo utilizada em uma tentativa de homic\u00eddio na cidade de S\u00e3o F\u00e9lix de Minas. Segundo informa\u00e7\u00f5es, o crime ocorreu no \u00faltimo domingo (19), durante uma cavalgada realizada clandestinamente naquele munic\u00edpio. O evento n\u00e3o foi comunicado aos \u00f3rg\u00e3os [&hellip;]<\/p>\n","protected":false},"author":1,"featured_media":47598,"comment_status":"open","ping_status":"open","sticky":false,"template":"","format":"standard","meta":[],"categories":[11,34],"tags":[],"_links":{"self":[{"href":"http:\/\/www.portalmantena.com.br\/novo\/index.php?rest_route=\/wp\/v2\/posts\/47596"}],"collection":[{"href":"http:\/\/www.portalmantena.com.br\/novo\/index.php?rest_route=\/wp\/v2\/posts"}],"about":[{"href":"http:\/\/www.portalmantena.com.br\/novo\/index.php?rest_route=\/wp\/v2\/types\/post"}],"author":[{"embeddable":true,"href":"http:\/\/www.portalmantena.com.br\/novo\/index.php?rest_route=\/wp\/v2\/users\/1"}],"replies":[{"embeddable":true,"href":"http:\/\/www.portalmantena.com.br\/novo\/index.php?rest_route=%2Fwp%2Fv2%2Fcomments&post=47596"}],"version-history":[{"count":1,"href":"http:\/\/www.portalmantena.com.br\/novo\/index.php?rest_route=\/wp\/v2\/posts\/47596\/revisions"}],"predecessor-version":[{"id":47599,"href":"http:\/\/www.portalmantena.com.br\/novo\/index.php?rest_route=\/wp\/v2\/posts\/47596\/revisions\/47599"}],"wp:featuredmedia":[{"embeddable":true,"href":"http:\/\/www.portalmantena.com.br\/novo\/index.php?rest_route=\/wp\/v2\/media\/47598"}],"wp:attachment":[{"href":"http:\/\/www.portalmantena.com.br\/novo\/index.php?rest_route=%2Fwp%2Fv2%2Fmedia&parent=47596"}],"wp:term":[{"taxonomy":"category","embeddable":true,"href":"http:\/\/www.portalmantena.com.br\/novo\/index.php?rest_route=%2Fwp%2Fv2%2Fcategories&post=47596"},{"taxonomy":"post_tag","embeddable":true,"href":"http:\/\/www.portalmantena.com.br\/novo\/index.php?rest_route=%2Fwp%2Fv2%2Ftags&post=47596"}],"curies":[{"name":"wp","href":"https:\/\/api.w.org\/{rel}","templated":true}]}}