{"id":47589,"date":"2019-05-23T09:13:58","date_gmt":"2019-05-23T12:13:58","guid":{"rendered":"http:\/\/www.portalmantena.com.br\/novo\/?p=47589"},"modified":"2019-05-23T09:13:58","modified_gmt":"2019-05-23T12:13:58","slug":"4-detidos-e-pedras-de-crack-apreendidas-em-sao-francisco","status":"publish","type":"post","link":"http:\/\/www.portalmantena.com.br\/novo\/?p=47589","title":{"rendered":"4 detidos e pedras de crack apreendidas em S\u00e3o Francisco"},"content":{"rendered":"<p><a href=\"http:\/\/www.portalmantena.com.br\/novo\/wp-content\/uploads\/2019\/05\/no230519pedras.jpg\"><img loading=\"lazy\" class=\"alignnone size-full wp-image-47590\" src=\"http:\/\/www.portalmantena.com.br\/novo\/wp-content\/uploads\/2019\/05\/no230519pedras.jpg\" alt=\"\" width=\"700\" height=\"450\" srcset=\"http:\/\/www.portalmantena.com.br\/novo\/wp-content\/uploads\/2019\/05\/no230519pedras.jpg 700w, http:\/\/www.portalmantena.com.br\/novo\/wp-content\/uploads\/2019\/05\/no230519pedras-300x193.jpg 300w, http:\/\/www.portalmantena.com.br\/novo\/wp-content\/uploads\/2019\/05\/no230519pedras-696x447.jpg 696w, http:\/\/www.portalmantena.com.br\/novo\/wp-content\/uploads\/2019\/05\/no230519pedras-653x420.jpg 653w\" sizes=\"(max-width: 700px) 100vw, 700px\" \/><\/a><\/p>\n<p><span style=\"font-size: 14pt;\">A equipe de For\u00e7a T\u00e1tica do 11\u00ba Batalh\u00e3o apreendeu na madrugada desta quarta-feira (22), 31 pedras de crack e R$ 25,00 no bairro Colina, na cidade de Barra de S\u00e3o Francisco. <\/span><\/p>\n<p><span style=\"font-size: 14pt;\">Durante patrulhamento pelas ruas do bairro, os militares avistaram quatro indiv\u00edduos que ao perceberem a presen\u00e7a policial tentaram se evadir do local. Ap\u00f3s abordagem os mesmos foram identificados como um indiv\u00edduo de 18 anos e tr\u00eas menores de idade. <\/span><\/p>\n<p><span style=\"font-size: 14pt;\">Um dos menores de idade assumiu a propriedade do il\u00edcito e confessou que adquiriu 60 pedras do entorpecente e j\u00e1 havia vendido 29 unidades. Que pagou a quantia de R$ 400,00 por esta mercadoria e que neste com\u00e9rcio teria um ganho de R$ 200,00. <\/span><\/p>\n<p><span style=\"font-size: 14pt;\">Os envolvidos e o material apreendido foram encaminhados \u00e0 Delegacia de Pol\u00edcia Civil do munic\u00edpio. (fonte\/foto:PM).<\/span><\/p>\n<p><a href=\"http:\/\/www.portalmantena.com.br\/novo\/\"><img loading=\"lazy\" class=\"alignnone size-full wp-image-37331\" src=\"http:\/\/www.portalmantena.com.br\/novo\/wp-content\/uploads\/2018\/05\/faixaportalnoticias5.jpg\" alt=\"\" width=\"700\" height=\"40\" srcset=\"http:\/\/www.portalmantena.com.br\/novo\/wp-content\/uploads\/2018\/05\/faixaportalnoticias5.jpg 700w, http:\/\/www.portalmantena.com.br\/novo\/wp-content\/uploads\/2018\/05\/faixaportalnoticias5-300x17.jpg 300w, http:\/\/www.portalmantena.com.br\/novo\/wp-content\/uploads\/2018\/05\/faixaportalnoticias5-696x40.jpg 696w\" sizes=\"(max-width: 700px) 100vw, 700px\" \/><\/a><\/p>\n<p><span style=\"font-size: 10pt;\">ESPA\u00c7O EMPRESARIAL<\/span><a href=\"http:\/\/www.portalmantena.com.br\/novo\/?p=34494\"><img src=\"http:\/\/www.portalmantena.com.br\/novo\/wp-content\/uploads\/2018\/10\/universal151018.jpg\" \/><\/a><\/p>\n","protected":false},"excerpt":{"rendered":"<p>A equipe de For\u00e7a T\u00e1tica do 11\u00ba Batalh\u00e3o apreendeu na madrugada desta quarta-feira (22), 31 pedras de crack e R$ 25,00 no bairro Colina, na cidade de Barra de S\u00e3o Francisco. Durante patrulhamento pelas ruas do bairro, os militares avistaram quatro indiv\u00edduos que ao perceberem a presen\u00e7a policial tentaram se evadir do local. Ap\u00f3s abordagem [&hellip;]<\/p>\n","protected":false},"author":1,"featured_media":47590,"comment_status":"open","ping_status":"open","sticky":false,"template":"","format":"standard","meta":[],"categories":[11,34],"tags":[],"_links":{"self":[{"href":"http:\/\/www.portalmantena.com.br\/novo\/index.php?rest_route=\/wp\/v2\/posts\/47589"}],"collection":[{"href":"http:\/\/www.portalmantena.com.br\/novo\/index.php?rest_route=\/wp\/v2\/posts"}],"about":[{"href":"http:\/\/www.portalmantena.com.br\/novo\/index.php?rest_route=\/wp\/v2\/types\/post"}],"author":[{"embeddable":true,"href":"http:\/\/www.portalmantena.com.br\/novo\/index.php?rest_route=\/wp\/v2\/users\/1"}],"replies":[{"embeddable":true,"href":"http:\/\/www.portalmantena.com.br\/novo\/index.php?rest_route=%2Fwp%2Fv2%2Fcomments&post=47589"}],"version-history":[{"count":1,"href":"http:\/\/www.portalmantena.com.br\/novo\/index.php?rest_route=\/wp\/v2\/posts\/47589\/revisions"}],"predecessor-version":[{"id":47591,"href":"http:\/\/www.portalmantena.com.br\/novo\/index.php?rest_route=\/wp\/v2\/posts\/47589\/revisions\/47591"}],"wp:featuredmedia":[{"embeddable":true,"href":"http:\/\/www.portalmantena.com.br\/novo\/index.php?rest_route=\/wp\/v2\/media\/47590"}],"wp:attachment":[{"href":"http:\/\/www.portalmantena.com.br\/novo\/index.php?rest_route=%2Fwp%2Fv2%2Fmedia&parent=47589"}],"wp:term":[{"taxonomy":"category","embeddable":true,"href":"http:\/\/www.portalmantena.com.br\/novo\/index.php?rest_route=%2Fwp%2Fv2%2Fcategories&post=47589"},{"taxonomy":"post_tag","embeddable":true,"href":"http:\/\/www.portalmantena.com.br\/novo\/index.php?rest_route=%2Fwp%2Fv2%2Ftags&post=47589"}],"curies":[{"name":"wp","href":"https:\/\/api.w.org\/{rel}","templated":true}]}}