{"id":47586,"date":"2019-05-23T09:04:12","date_gmt":"2019-05-23T12:04:12","guid":{"rendered":"http:\/\/www.portalmantena.com.br\/novo\/?p=47586"},"modified":"2019-05-23T09:04:12","modified_gmt":"2019-05-23T12:04:12","slug":"autor-de-varios-roubos-a-residencia-e-preso-em-flagrante","status":"publish","type":"post","link":"http:\/\/www.portalmantena.com.br\/novo\/?p=47586","title":{"rendered":"Autor de v\u00e1rios roubos a resid\u00eancia \u00e9 preso em flagrante"},"content":{"rendered":"<p><a href=\"http:\/\/www.portalmantena.com.br\/novo\/wp-content\/uploads\/2019\/05\/pm25.jpg\"><img loading=\"lazy\" class=\"alignnone size-full wp-image-47587\" src=\"http:\/\/www.portalmantena.com.br\/novo\/wp-content\/uploads\/2019\/05\/pm25.jpg\" alt=\"\" width=\"700\" height=\"450\" srcset=\"http:\/\/www.portalmantena.com.br\/novo\/wp-content\/uploads\/2019\/05\/pm25.jpg 700w, http:\/\/www.portalmantena.com.br\/novo\/wp-content\/uploads\/2019\/05\/pm25-300x193.jpg 300w, http:\/\/www.portalmantena.com.br\/novo\/wp-content\/uploads\/2019\/05\/pm25-696x447.jpg 696w, http:\/\/www.portalmantena.com.br\/novo\/wp-content\/uploads\/2019\/05\/pm25-653x420.jpg 653w\" sizes=\"(max-width: 700px) 100vw, 700px\" \/><\/a><\/p>\n<p><span style=\"font-size: 14pt;\">Na tarde deste \u00faltimo domingo (19), um homem de 28 anos foi detido por policiais militares de folga quando tentava furtar uma resid\u00eancia na cidade de S\u00e3o Gabriel da Palha. <\/span><\/p>\n<p><span style=\"font-size: 14pt;\">O fato ocorreu por volta das 13h30\u2019 quando o suspeito invadiu uma resid\u00eancia no bairro Boa Vista no intuito de cometer o crime de furto. Moradores informaram via 190 no momento que o suspeito tentava empreender fuga. <\/span><\/p>\n<p><span style=\"font-size: 14pt;\">A equipe de servi\u00e7o que chegou logo em seguida capturou o indiv\u00edduo que j\u00e1 havia sido detido por dois policiais que estavam de folga e passavam no local na hora do crime. <\/span><\/p>\n<p><span style=\"font-size: 14pt;\">O homem foi conduzido \u00e0 Delegacia de Pol\u00edcia Civil. Segundo os Militares, o autor de 28 anos, havia invadido tr\u00eas resid\u00eancias no dia anterior e furtado aparelhos celulares e R$300,00, usando uma faca para amea\u00e7ar as v\u00edtimas. <\/span><\/p>\n<p><span style=\"font-size: 14pt;\">De acordo com o comandante da 3\u00aa Companhia, capit\u00e3o Cleiton, o detido possui v\u00e1rias passagens pela pol\u00edcia por crimes de furto, roubo e tr\u00e1fico de drogas. (fonte:PM).<\/span><\/p>\n<p><a href=\"http:\/\/www.portalmantena.com.br\/novo\/\"><img loading=\"lazy\" class=\"alignnone size-full wp-image-37331\" src=\"http:\/\/www.portalmantena.com.br\/novo\/wp-content\/uploads\/2018\/05\/faixaportalnoticias5.jpg\" alt=\"\" width=\"700\" height=\"40\" srcset=\"http:\/\/www.portalmantena.com.br\/novo\/wp-content\/uploads\/2018\/05\/faixaportalnoticias5.jpg 700w, http:\/\/www.portalmantena.com.br\/novo\/wp-content\/uploads\/2018\/05\/faixaportalnoticias5-300x17.jpg 300w, http:\/\/www.portalmantena.com.br\/novo\/wp-content\/uploads\/2018\/05\/faixaportalnoticias5-696x40.jpg 696w\" sizes=\"(max-width: 700px) 100vw, 700px\" \/><\/a><\/p>\n<p><span style=\"font-size: 10pt;\">ESPA\u00c7O EMPRESARIAL<\/span><a href=\"https:\/\/www.facebook.com\/Tekol-Basic-1148561818529027\/\"><img loading=\"lazy\" class=\"alignnone size-full wp-image-46716\" src=\"http:\/\/www.portalmantena.com.br\/novo\/wp-content\/uploads\/2018\/05\/tekol060519a.jpg\" alt=\"\" width=\"700\" height=\"150\" srcset=\"http:\/\/www.portalmantena.com.br\/novo\/wp-content\/uploads\/2018\/05\/tekol060519a.jpg 700w, http:\/\/www.portalmantena.com.br\/novo\/wp-content\/uploads\/2018\/05\/tekol060519a-300x64.jpg 300w, http:\/\/www.portalmantena.com.br\/novo\/wp-content\/uploads\/2018\/05\/tekol060519a-696x150.jpg 696w\" sizes=\"(max-width: 700px) 100vw, 700px\" \/><\/a><\/p>\n","protected":false},"excerpt":{"rendered":"<p>Na tarde deste \u00faltimo domingo (19), um homem de 28 anos foi detido por policiais militares de folga quando tentava furtar uma resid\u00eancia na cidade de S\u00e3o Gabriel da Palha. O fato ocorreu por volta das 13h30\u2019 quando o suspeito invadiu uma resid\u00eancia no bairro Boa Vista no intuito de cometer o crime de furto. [&hellip;]<\/p>\n","protected":false},"author":1,"featured_media":47587,"comment_status":"open","ping_status":"open","sticky":false,"template":"","format":"standard","meta":[],"categories":[11,34],"tags":[],"_links":{"self":[{"href":"http:\/\/www.portalmantena.com.br\/novo\/index.php?rest_route=\/wp\/v2\/posts\/47586"}],"collection":[{"href":"http:\/\/www.portalmantena.com.br\/novo\/index.php?rest_route=\/wp\/v2\/posts"}],"about":[{"href":"http:\/\/www.portalmantena.com.br\/novo\/index.php?rest_route=\/wp\/v2\/types\/post"}],"author":[{"embeddable":true,"href":"http:\/\/www.portalmantena.com.br\/novo\/index.php?rest_route=\/wp\/v2\/users\/1"}],"replies":[{"embeddable":true,"href":"http:\/\/www.portalmantena.com.br\/novo\/index.php?rest_route=%2Fwp%2Fv2%2Fcomments&post=47586"}],"version-history":[{"count":1,"href":"http:\/\/www.portalmantena.com.br\/novo\/index.php?rest_route=\/wp\/v2\/posts\/47586\/revisions"}],"predecessor-version":[{"id":47588,"href":"http:\/\/www.portalmantena.com.br\/novo\/index.php?rest_route=\/wp\/v2\/posts\/47586\/revisions\/47588"}],"wp:featuredmedia":[{"embeddable":true,"href":"http:\/\/www.portalmantena.com.br\/novo\/index.php?rest_route=\/wp\/v2\/media\/47587"}],"wp:attachment":[{"href":"http:\/\/www.portalmantena.com.br\/novo\/index.php?rest_route=%2Fwp%2Fv2%2Fmedia&parent=47586"}],"wp:term":[{"taxonomy":"category","embeddable":true,"href":"http:\/\/www.portalmantena.com.br\/novo\/index.php?rest_route=%2Fwp%2Fv2%2Fcategories&post=47586"},{"taxonomy":"post_tag","embeddable":true,"href":"http:\/\/www.portalmantena.com.br\/novo\/index.php?rest_route=%2Fwp%2Fv2%2Ftags&post=47586"}],"curies":[{"name":"wp","href":"https:\/\/api.w.org\/{rel}","templated":true}]}}