{"id":47574,"date":"2019-05-26T03:09:20","date_gmt":"2019-05-26T06:09:20","guid":{"rendered":"http:\/\/www.portalmantena.com.br\/novo\/?p=47574"},"modified":"2019-05-27T13:13:54","modified_gmt":"2019-05-27T16:13:54","slug":"mantena-metas-ambientais-do-lions-clube-no-cbh-sao-mateus","status":"publish","type":"post","link":"http:\/\/www.portalmantena.com.br\/novo\/?p=47574","title":{"rendered":"Mantena: Metas Ambientais do Lions Clube no CBH S\u00e3o Mateus"},"content":{"rendered":"<p><a href=\"http:\/\/www.portalmantena.com.br\/novo\/wp-content\/uploads\/2019\/05\/no220519lions1.jpg\"><img loading=\"lazy\" class=\"alignnone size-full wp-image-47575\" src=\"http:\/\/www.portalmantena.com.br\/novo\/wp-content\/uploads\/2019\/05\/no220519lions1.jpg\" alt=\"\" width=\"700\" height=\"450\" srcset=\"http:\/\/www.portalmantena.com.br\/novo\/wp-content\/uploads\/2019\/05\/no220519lions1.jpg 700w, http:\/\/www.portalmantena.com.br\/novo\/wp-content\/uploads\/2019\/05\/no220519lions1-300x193.jpg 300w, http:\/\/www.portalmantena.com.br\/novo\/wp-content\/uploads\/2019\/05\/no220519lions1-696x447.jpg 696w, http:\/\/www.portalmantena.com.br\/novo\/wp-content\/uploads\/2019\/05\/no220519lions1-653x420.jpg 653w\" sizes=\"(max-width: 700px) 100vw, 700px\" \/><\/a><\/p>\n<p><span style=\"font-size: 14pt;\">Foi realizada na manh\u00e3 desta quarta-feira, dia 22 de Maio em Mantena, uma reuni\u00e3o ordin\u00e1ria do Comit\u00ea de Bacia Hidrogr\u00e1fica do Rio S\u00e3o Mateus. <\/span><\/p>\n<p><span style=\"font-size: 14pt;\">O encontro aconteceu nas depend\u00eancias do CDL de Mantena, e recebeu v\u00e1rios membros do comit\u00ea, bem como do conselho. <\/span><\/p>\n<p><span style=\"font-size: 14pt;\">Entre os assuntos relacionados para a pauta do dia, estava uma altera\u00e7\u00e3o no regimento interno. Entre as participa\u00e7\u00f5es no encontro, falou aos presentes o empres\u00e1rio Edinaldo, que \u00e9 o atual Presidente do Lions Clube de Mantena. <\/span><\/p>\n<p><span style=\"font-size: 14pt;\">Em sua palestra ele falou sobre o Programa de Metas Ambientais executados pelo Lions Clube Internacional e o Distrito LC12 ao qual participa. <\/span><\/p>\n<p><span style=\"font-size: 14pt;\">Foram momentos onde decis\u00f5es importantes foram tomadas ao mesmo tempo em que a experi\u00eancia \u00e9 compartilhada entre os membros do comit\u00ea, todos com as a\u00e7\u00f5es voltadas para a preserva\u00e7\u00e3o ambiental, e o direcionamento de projetos que possam ser revertidos para este fim.<\/span><\/p>\n<p><a href=\"http:\/\/www.portalmantena.com.br\/novo\/wp-content\/uploads\/2019\/05\/no220519lions2.jpg\"><img loading=\"lazy\" class=\"alignnone size-full wp-image-47576\" src=\"http:\/\/www.portalmantena.com.br\/novo\/wp-content\/uploads\/2019\/05\/no220519lions2.jpg\" alt=\"\" width=\"700\" height=\"450\" srcset=\"http:\/\/www.portalmantena.com.br\/novo\/wp-content\/uploads\/2019\/05\/no220519lions2.jpg 700w, http:\/\/www.portalmantena.com.br\/novo\/wp-content\/uploads\/2019\/05\/no220519lions2-300x193.jpg 300w, http:\/\/www.portalmantena.com.br\/novo\/wp-content\/uploads\/2019\/05\/no220519lions2-696x447.jpg 696w, http:\/\/www.portalmantena.com.br\/novo\/wp-content\/uploads\/2019\/05\/no220519lions2-653x420.jpg 653w\" sizes=\"(max-width: 700px) 100vw, 700px\" \/><\/a> <a href=\"http:\/\/www.portalmantena.com.br\/novo\/wp-content\/uploads\/2019\/05\/no220519lions3.jpg\"><img loading=\"lazy\" class=\"alignnone size-full wp-image-47577\" src=\"http:\/\/www.portalmantena.com.br\/novo\/wp-content\/uploads\/2019\/05\/no220519lions3.jpg\" alt=\"\" width=\"700\" height=\"450\" srcset=\"http:\/\/www.portalmantena.com.br\/novo\/wp-content\/uploads\/2019\/05\/no220519lions3.jpg 700w, http:\/\/www.portalmantena.com.br\/novo\/wp-content\/uploads\/2019\/05\/no220519lions3-300x193.jpg 300w, http:\/\/www.portalmantena.com.br\/novo\/wp-content\/uploads\/2019\/05\/no220519lions3-696x447.jpg 696w, http:\/\/www.portalmantena.com.br\/novo\/wp-content\/uploads\/2019\/05\/no220519lions3-653x420.jpg 653w\" sizes=\"(max-width: 700px) 100vw, 700px\" \/><\/a><a href=\"http:\/\/www.portalmantena.com.br\/novo\/\"><img loading=\"lazy\" class=\"alignnone size-full wp-image-37331\" src=\"http:\/\/www.portalmantena.com.br\/novo\/wp-content\/uploads\/2018\/05\/faixaportalnoticias5.jpg\" alt=\"\" width=\"700\" height=\"40\" srcset=\"http:\/\/www.portalmantena.com.br\/novo\/wp-content\/uploads\/2018\/05\/faixaportalnoticias5.jpg 700w, http:\/\/www.portalmantena.com.br\/novo\/wp-content\/uploads\/2018\/05\/faixaportalnoticias5-300x17.jpg 300w, http:\/\/www.portalmantena.com.br\/novo\/wp-content\/uploads\/2018\/05\/faixaportalnoticias5-696x40.jpg 696w\" sizes=\"(max-width: 700px) 100vw, 700px\" \/><\/a><\/p>\n<p><span style=\"font-size: 10pt;\">ESPA\u00c7O EMPRESARIAL<\/span><a href=\"http:\/\/www.portalmantena.com.br\/novo\/wp-content\/uploads\/2018\/05\/postoterraboa.jpg\"><img loading=\"lazy\" class=\"alignnone size-full wp-image-29172\" src=\"http:\/\/www.portalmantena.com.br\/novo\/wp-content\/uploads\/2018\/05\/postoterraboa.jpg\" alt=\"\" width=\"700\" height=\"150\" srcset=\"http:\/\/www.portalmantena.com.br\/novo\/wp-content\/uploads\/2018\/05\/postoterraboa.jpg 700w, http:\/\/www.portalmantena.com.br\/novo\/wp-content\/uploads\/2018\/05\/postoterraboa-300x64.jpg 300w, http:\/\/www.portalmantena.com.br\/novo\/wp-content\/uploads\/2018\/05\/postoterraboa-696x150.jpg 696w\" sizes=\"(max-width: 700px) 100vw, 700px\" \/><\/a><\/p>\n","protected":false},"excerpt":{"rendered":"<p>Foi realizada na manh\u00e3 desta quarta-feira, dia 22 de Maio em Mantena, uma reuni\u00e3o ordin\u00e1ria do Comit\u00ea de Bacia Hidrogr\u00e1fica do Rio S\u00e3o Mateus. O encontro aconteceu nas depend\u00eancias do CDL de Mantena, e recebeu v\u00e1rios membros do comit\u00ea, bem como do conselho. Entre os assuntos relacionados para a pauta do dia, estava uma altera\u00e7\u00e3o [&hellip;]<\/p>\n","protected":false},"author":1,"featured_media":47575,"comment_status":"open","ping_status":"open","sticky":false,"template":"","format":"standard","meta":[],"categories":[36,69],"tags":[],"_links":{"self":[{"href":"http:\/\/www.portalmantena.com.br\/novo\/index.php?rest_route=\/wp\/v2\/posts\/47574"}],"collection":[{"href":"http:\/\/www.portalmantena.com.br\/novo\/index.php?rest_route=\/wp\/v2\/posts"}],"about":[{"href":"http:\/\/www.portalmantena.com.br\/novo\/index.php?rest_route=\/wp\/v2\/types\/post"}],"author":[{"embeddable":true,"href":"http:\/\/www.portalmantena.com.br\/novo\/index.php?rest_route=\/wp\/v2\/users\/1"}],"replies":[{"embeddable":true,"href":"http:\/\/www.portalmantena.com.br\/novo\/index.php?rest_route=%2Fwp%2Fv2%2Fcomments&post=47574"}],"version-history":[{"count":1,"href":"http:\/\/www.portalmantena.com.br\/novo\/index.php?rest_route=\/wp\/v2\/posts\/47574\/revisions"}],"predecessor-version":[{"id":47578,"href":"http:\/\/www.portalmantena.com.br\/novo\/index.php?rest_route=\/wp\/v2\/posts\/47574\/revisions\/47578"}],"wp:featuredmedia":[{"embeddable":true,"href":"http:\/\/www.portalmantena.com.br\/novo\/index.php?rest_route=\/wp\/v2\/media\/47575"}],"wp:attachment":[{"href":"http:\/\/www.portalmantena.com.br\/novo\/index.php?rest_route=%2Fwp%2Fv2%2Fmedia&parent=47574"}],"wp:term":[{"taxonomy":"category","embeddable":true,"href":"http:\/\/www.portalmantena.com.br\/novo\/index.php?rest_route=%2Fwp%2Fv2%2Fcategories&post=47574"},{"taxonomy":"post_tag","embeddable":true,"href":"http:\/\/www.portalmantena.com.br\/novo\/index.php?rest_route=%2Fwp%2Fv2%2Ftags&post=47574"}],"curies":[{"name":"wp","href":"https:\/\/api.w.org\/{rel}","templated":true}]}}